{"id":171947,"date":"2017-11-02T13:44:35","date_gmt":"2017-11-02T13:44:35","guid":{"rendered":"http:\/\/diariodominicano.ddns.net\/?p=171947"},"modified":"2017-11-02T13:44:35","modified_gmt":"2017-11-02T13:44:35","slug":"fallece-en-accidente-automovilistico-sub-secretario-del-pld","status":"publish","type":"post","link":"https:\/\/diariodominicano.com\/?p=171947","title":{"rendered":"Fallece en accidente automovil\u00edstico sub secretario del PLD"},"content":{"rendered":"<p><body><\/p>\n<p><img decoding=\"async\" src=\"img3\/luto.jpg\" \/>  <\/p>\n<p>El Partido de la Liberaci\u00f3n Dominicana (PLD)  confirm\u00f3 el fallecimiento de  Julio An\u00edbal Fern\u00e1ndez ocurrida en un accidente de tr\u00e1nsito en la   autopista del nordeste pr\u00f3ximo al municipio Arenoso en la provincia Duarte.<\/p>\n<\/p>\n<p>Julio An\u00edbal  Fern\u00e1ndez militante pelede\u00edsta pertenec\u00eda a la Secretar\u00eda de Econom\u00eda del PLD en su calidad de sub secretario, junto otros economistas y militantes pelede\u00edstas.<\/p>\n<\/p>\n<p>En el gobierno se desempe\u00f1aba como  subdirector de los Centros Tecnol\u00f3gicos Comunitarios de la Vicepresidencia.<\/p>\n<\/p>\n<p>Con gran pesar se ha recibido en horas de la ma\u00f1ana de este jueves  la infausta noticia del fallecimiento de Julio An\u00edbal Fern\u00e1ndez, persona afable y colaboradora.    <\/p>\n<\/p>\n<p>En las redes sociales del PLD abundan las expresiones de dolor por el sentido fallecimiento del subsecretario de Asuntos Econ\u00f3micos del PLD    Julio An\u00edbal Fern\u00e1ndez.<\/p>\n<\/p>\n<p>La Vicepresidenta Margarita Cede\u00f1o, quien es miembro del Comit\u00e9 Pol\u00edtico del PLD expres\u00f3 sus pesar en un mensaje en su cuenta de la red social  Twitter: \u00abPido a Dios por su eterno descanso y que otorgue fortaleza, paz y resignaci\u00f3n a sus familiares\u00bb.<\/p>\n<\/p>\n<p>M\u00e1s adelante se informara sobre su velatorio y acto de sepelio.<\/p>\n<h6> 2017-11-02 13:44:35 <\/h6>\n<p><!--\n<link rel=\"stylesheet\" href=\"css\/bootstrap.min.css\">\n\n\n<ul class=\"pagination\">\n\t    \n\t\n\n<li >\n\t<a href='?page_no=7200'>Previous<\/a>\n\t<\/li>\n\n\n       \n    \n\n<li><a href='?page_no=1'>1<\/a><\/li>\n\n\n\n<li><a href='?page_no=2'>2<\/a><\/li>\n\n\n\n<li><a>...<\/a><\/li>\n\n\n\n<li><a href='?page_no=7199'>7199<\/a><\/li>\n\n\n\n<li><a href='?page_no=7200'>7200<\/a><\/li>\n\n\n\n<li class='active'><a>7201<\/a><\/li>\n\n\n\n<li><a href='?page_no=7202'>7202<\/a><\/li>\n\n\n\n<li><a href='?page_no=7203'>7203<\/a><\/li>\n\n\n\n<li><a>...<\/a><\/li>\n\n\n\n<li><a href='?page_no=36999'>36999<\/a><\/li>\n\n\n\n<li><a href='?page_no=37000'>37000<\/a><\/li>\n\n    \n\t\n\n<li >\n\t<a href='?page_no=7202'>Next<\/a>\n\t<\/li>\n\n\n    \n\n<li><a href='?page_no=37000'>Last &rsaquo;&rsaquo;<\/a><\/li>\n\n<\/ul>\n\n\n--><br \/>\n<\/body><\/p>\n","protected":false},"excerpt":{"rendered":"<p>El Partido de la Liberaci\u00f3n Dominicana (PLD) confirm\u00f3 el fallecimiento de Julio An\u00edbal Fern\u00e1ndez ocurrida en un accidente de tr\u00e1nsito en la autopista del nordeste pr\u00f3ximo al municipio Arenoso en la provincia Duarte. Julio An\u00edbal Fern\u00e1ndez militante pelede\u00edsta pertenec\u00eda a la Secretar\u00eda de Econom\u00eda del PLD en su calidad de sub secretario, junto otros economistas [&hellip;]<\/p>\n","protected":false},"author":3,"featured_media":0,"comment_status":"open","ping_status":"open","sticky":false,"template":"","format":"standard","meta":{"footnotes":""},"categories":[22],"tags":[],"class_list":["post-171947","post","type-post","status-publish","format-standard","hentry","category-politica"],"_links":{"self":[{"href":"https:\/\/diariodominicano.com\/index.php?rest_route=\/wp\/v2\/posts\/171947","targetHints":{"allow":["GET"]}}],"collection":[{"href":"https:\/\/diariodominicano.com\/index.php?rest_route=\/wp\/v2\/posts"}],"about":[{"href":"https:\/\/diariodominicano.com\/index.php?rest_route=\/wp\/v2\/types\/post"}],"author":[{"embeddable":true,"href":"https:\/\/diariodominicano.com\/index.php?rest_route=\/wp\/v2\/users\/3"}],"replies":[{"embeddable":true,"href":"https:\/\/diariodominicano.com\/index.php?rest_route=%2Fwp%2Fv2%2Fcomments&post=171947"}],"version-history":[{"count":0,"href":"https:\/\/diariodominicano.com\/index.php?rest_route=\/wp\/v2\/posts\/171947\/revisions"}],"wp:attachment":[{"href":"https:\/\/diariodominicano.com\/index.php?rest_route=%2Fwp%2Fv2%2Fmedia&parent=171947"}],"wp:term":[{"taxonomy":"category","embeddable":true,"href":"https:\/\/diariodominicano.com\/index.php?rest_route=%2Fwp%2Fv2%2Fcategories&post=171947"},{"taxonomy":"post_tag","embeddable":true,"href":"https:\/\/diariodominicano.com\/index.php?rest_route=%2Fwp%2Fv2%2Ftags&post=171947"}],"curies":[{"name":"wp","href":"https:\/\/api.w.org\/{rel}","templated":true}]}}