{"id":171946,"date":"2017-11-02T13:47:25","date_gmt":"2017-11-02T13:47:25","guid":{"rendered":"http:\/\/diariodominicano.ddns.net\/?p=171946"},"modified":"2017-11-02T13:47:25","modified_gmt":"2017-11-02T13:47:25","slug":"senador-tommy-galan-presenta-memorias-de-gestion-2016-2017","status":"publish","type":"post","link":"https:\/\/diariodominicano.com\/?p=171946","title":{"rendered":"Senador Tommy Gal\u00e1n presenta memorias de gesti\u00f3n 2016-2017"},"content":{"rendered":"<p><body><\/p>\n<p><img decoding=\"async\" src=\"img3\/tommy.jpg\" \/>  <\/p>\n<p><strong>SAN CRIST\u00d3BAL- <\/strong>El senador Tommy Gal\u00e1n present\u00f3 este jueves, las memorias correspondientes a su gesti\u00f3n legislativa para el per\u00edodo 2016-2017.<\/p>\n<\/p>\n<p>Con la presentaci\u00f3n del informe ante los miembros de la prensa nacional, el senador Gal\u00e1n cumple con el art\u00edculo 92, t\u00edtulo III, del Poder Legislativo, establecido en la Constituci\u00f3n dominicana.<\/p>\n<\/p>\n<p>El Art\u00edculo 92 establece que los legisladores deber\u00e1n rendir cada a\u00f1o un informe de su gesti\u00f3n ante los electores que representan.<\/p>\n<\/p>\n<p>En las memorias est\u00e1n establecidos los proyectos de leyes sometidos por el senador de San Crist\u00f3bal.<\/p>\n<\/p>\n<p>Tambi\u00e9n su participaci\u00f3n en las de reuniones de la Comisi\u00f3n Permanente de Hacienda, que preside, as\u00ed como de otras siete en que es vicepresidente, secretario y miembro.<\/p>\n<\/p>\n<p>Adem\u00e1s en la memoria hay un desglose pormenorizado de c\u00f3mo han sido distribuidos los recursos recibidos a trav\u00e9s del Fondo de Asistencia Social.<\/p>\n<\/p>\n<p>En el \u00faltimo a\u00f1o, para el per\u00edodo correspondiente de 17 de agosto 2016 a la misma fecha del 2017, el senador Gal\u00e1n, tuvo una din\u00e1mica acci\u00f3n legislativa, en la que se destacan haber presidido unas de las Comisiones que involucran gran importancia y trascendencia para el pa\u00eds como es la Comisi\u00f3n Permanente de Hacienda.<\/p>\n<\/p>\n<p>En la presentaci\u00f3n de las memorias estuvo acompa\u00f1ado de personal de la Oficina de Gesti\u00f3n Senatorial San Crist\u00f3bal.<\/p>\n<h6> 2017-11-02 13:47:25 <\/h6>\n<p><!--\n<link rel=\"stylesheet\" href=\"css\/bootstrap.min.css\">\n\n\n<ul class=\"pagination\">\n\t    \n\t\n\n<li >\n\t<a href='?page_no=7199'>Previous<\/a>\n\t<\/li>\n\n\n       \n    \n\n<li><a href='?page_no=1'>1<\/a><\/li>\n\n\n\n<li><a href='?page_no=2'>2<\/a><\/li>\n\n\n\n<li><a>...<\/a><\/li>\n\n\n\n<li><a href='?page_no=7198'>7198<\/a><\/li>\n\n\n\n<li><a href='?page_no=7199'>7199<\/a><\/li>\n\n\n\n<li class='active'><a>7200<\/a><\/li>\n\n\n\n<li><a href='?page_no=7201'>7201<\/a><\/li>\n\n\n\n<li><a href='?page_no=7202'>7202<\/a><\/li>\n\n\n\n<li><a>...<\/a><\/li>\n\n\n\n<li><a href='?page_no=36999'>36999<\/a><\/li>\n\n\n\n<li><a href='?page_no=37000'>37000<\/a><\/li>\n\n    \n\t\n\n<li >\n\t<a href='?page_no=7201'>Next<\/a>\n\t<\/li>\n\n\n    \n\n<li><a href='?page_no=37000'>Last &rsaquo;&rsaquo;<\/a><\/li>\n\n<\/ul>\n\n\n--><br \/>\n<\/body><\/p>\n","protected":false},"excerpt":{"rendered":"<p>SAN CRIST\u00d3BAL- El senador Tommy Gal\u00e1n present\u00f3 este jueves, las memorias correspondientes a su gesti\u00f3n legislativa para el per\u00edodo 2016-2017. Con la presentaci\u00f3n del informe ante los miembros de la prensa nacional, el senador Gal\u00e1n cumple con el art\u00edculo 92, t\u00edtulo III, del Poder Legislativo, establecido en la Constituci\u00f3n dominicana. El Art\u00edculo 92 establece que [&hellip;]<\/p>\n","protected":false},"author":3,"featured_media":0,"comment_status":"open","ping_status":"open","sticky":false,"template":"","format":"standard","meta":{"footnotes":""},"categories":[22],"tags":[],"class_list":["post-171946","post","type-post","status-publish","format-standard","hentry","category-politica"],"_links":{"self":[{"href":"https:\/\/diariodominicano.com\/index.php?rest_route=\/wp\/v2\/posts\/171946","targetHints":{"allow":["GET"]}}],"collection":[{"href":"https:\/\/diariodominicano.com\/index.php?rest_route=\/wp\/v2\/posts"}],"about":[{"href":"https:\/\/diariodominicano.com\/index.php?rest_route=\/wp\/v2\/types\/post"}],"author":[{"embeddable":true,"href":"https:\/\/diariodominicano.com\/index.php?rest_route=\/wp\/v2\/users\/3"}],"replies":[{"embeddable":true,"href":"https:\/\/diariodominicano.com\/index.php?rest_route=%2Fwp%2Fv2%2Fcomments&post=171946"}],"version-history":[{"count":0,"href":"https:\/\/diariodominicano.com\/index.php?rest_route=\/wp\/v2\/posts\/171946\/revisions"}],"wp:attachment":[{"href":"https:\/\/diariodominicano.com\/index.php?rest_route=%2Fwp%2Fv2%2Fmedia&parent=171946"}],"wp:term":[{"taxonomy":"category","embeddable":true,"href":"https:\/\/diariodominicano.com\/index.php?rest_route=%2Fwp%2Fv2%2Fcategories&post=171946"},{"taxonomy":"post_tag","embeddable":true,"href":"https:\/\/diariodominicano.com\/index.php?rest_route=%2Fwp%2Fv2%2Ftags&post=171946"}],"curies":[{"name":"wp","href":"https:\/\/api.w.org\/{rel}","templated":true}]}}