{"id":171942,"date":"2017-11-02T14:39:59","date_gmt":"2017-11-02T14:39:59","guid":{"rendered":"http:\/\/diariodominicano.ddns.net\/?p=171942"},"modified":"2017-11-02T14:39:59","modified_gmt":"2017-11-02T14:39:59","slug":"municipio-santo-domingo-este-forma-parte-de-la-plataforma-de-ciudades-resiliente-de-la-onu","status":"publish","type":"post","link":"https:\/\/diariodominicano.com\/?p=171942","title":{"rendered":"Municipio Santo Domingo Este forma parte de la plataforma de ciudades resiliente de la ONU"},"content":{"rendered":"<p><body><\/p>\n<p><img decoding=\"async\" src=\"img3\/onu002.jpg\" \/>  <\/p>\n<p><strong>SANTO DOMINGO ESTE.<\/strong>  Por su preparaci\u00f3n para dar respuesta a los efectos que pueda tener en esa demarcaci\u00f3n un fen\u00f3meno natural, el municipio de Santo Domingo Este forma parte de la plataforma de ciudades resiliente de la Organizaci\u00f3n de las Naciones Unidas.<\/p>\n<\/p>\n<p>As\u00ed lo inform\u00f3 la consultora de esa entidad internacional, Cristina Acea, que la ONU reconoce y acompa\u00f1a el cabildo que dirige el alcalde Alfredo Mart\u00ednez, para que cada vez este mejor preparado para atender cualquier fen\u00f3meno natural que afecta a la Rep\u00fablica Dominicana y a ese municipio.<\/p>\n<\/p>\n<p>En ese sentido, Acea sostuvo que trabajan de forma conjunta con las autoridades de la alcald\u00eda en el fortalecimiento de la capacidad para prepararse, resistir y recuperarse frente a una crisis.<\/p>\n<\/p>\n<p>De su lado, la vicealcaldesa, Jacinta Est\u00e9vez dijo que trabajan d\u00eda a d\u00eda en la capacitaci\u00f3n para poder llevar respuestas contundentes a las personas que pudieran resultar afectadas con un fen\u00f3meno desastre natural.  <\/p>\n<\/p>\n<p>Sostuvo que producto de los trabajos que llevan a cabo conjuntamente con la Organizaci\u00f3n de las Naciones Unidas, el municipio de Santo Domingo Este cuenta con Comit\u00e9 Municipal de Prevenci\u00f3n de Desastres integrado y fortalecido.<\/p>\n<\/p>\n<p>Estas declaraciones fueron externadas en el marco del taller Ciudad Resiliente, realizado en coordinaci\u00f3n con el despacho de la vicealcaldesa de Santo Domingo Este. <\/p>\n<h6> 2017-11-02 14:39:59 <\/h6>\n<p><!--\n<link rel=\"stylesheet\" href=\"css\/bootstrap.min.css\">\n\n\n<ul class=\"pagination\">\n\t    \n\t\n\n<li >\n\t<a href='?page_no=7197'>Previous<\/a>\n\t<\/li>\n\n\n       \n    \n\n<li><a href='?page_no=1'>1<\/a><\/li>\n\n\n\n<li><a href='?page_no=2'>2<\/a><\/li>\n\n\n\n<li><a>...<\/a><\/li>\n\n\n\n<li><a href='?page_no=7196'>7196<\/a><\/li>\n\n\n\n<li><a href='?page_no=7197'>7197<\/a><\/li>\n\n\n\n<li class='active'><a>7198<\/a><\/li>\n\n\n\n<li><a href='?page_no=7199'>7199<\/a><\/li>\n\n\n\n<li><a href='?page_no=7200'>7200<\/a><\/li>\n\n\n\n<li><a>...<\/a><\/li>\n\n\n\n<li><a href='?page_no=36999'>36999<\/a><\/li>\n\n\n\n<li><a href='?page_no=37000'>37000<\/a><\/li>\n\n    \n\t\n\n<li >\n\t<a href='?page_no=7199'>Next<\/a>\n\t<\/li>\n\n\n    \n\n<li><a href='?page_no=37000'>Last &rsaquo;&rsaquo;<\/a><\/li>\n\n<\/ul>\n\n\n--><br \/>\n<\/body><\/p>\n","protected":false},"excerpt":{"rendered":"<p>SANTO DOMINGO ESTE. Por su preparaci\u00f3n para dar respuesta a los efectos que pueda tener en esa demarcaci\u00f3n un fen\u00f3meno natural, el municipio de Santo Domingo Este forma parte de la plataforma de ciudades resiliente de la Organizaci\u00f3n de las Naciones Unidas. As\u00ed lo inform\u00f3 la consultora de esa entidad internacional, Cristina Acea, que la [&hellip;]<\/p>\n","protected":false},"author":3,"featured_media":0,"comment_status":"open","ping_status":"open","sticky":false,"template":"","format":"standard","meta":{"footnotes":""},"categories":[22],"tags":[],"class_list":["post-171942","post","type-post","status-publish","format-standard","hentry","category-politica"],"_links":{"self":[{"href":"https:\/\/diariodominicano.com\/index.php?rest_route=\/wp\/v2\/posts\/171942","targetHints":{"allow":["GET"]}}],"collection":[{"href":"https:\/\/diariodominicano.com\/index.php?rest_route=\/wp\/v2\/posts"}],"about":[{"href":"https:\/\/diariodominicano.com\/index.php?rest_route=\/wp\/v2\/types\/post"}],"author":[{"embeddable":true,"href":"https:\/\/diariodominicano.com\/index.php?rest_route=\/wp\/v2\/users\/3"}],"replies":[{"embeddable":true,"href":"https:\/\/diariodominicano.com\/index.php?rest_route=%2Fwp%2Fv2%2Fcomments&post=171942"}],"version-history":[{"count":0,"href":"https:\/\/diariodominicano.com\/index.php?rest_route=\/wp\/v2\/posts\/171942\/revisions"}],"wp:attachment":[{"href":"https:\/\/diariodominicano.com\/index.php?rest_route=%2Fwp%2Fv2%2Fmedia&parent=171942"}],"wp:term":[{"taxonomy":"category","embeddable":true,"href":"https:\/\/diariodominicano.com\/index.php?rest_route=%2Fwp%2Fv2%2Fcategories&post=171942"},{"taxonomy":"post_tag","embeddable":true,"href":"https:\/\/diariodominicano.com\/index.php?rest_route=%2Fwp%2Fv2%2Ftags&post=171942"}],"curies":[{"name":"wp","href":"https:\/\/api.w.org\/{rel}","templated":true}]}}