{"id":171941,"date":"2017-11-03T01:01:50","date_gmt":"2017-11-03T01:01:50","guid":{"rendered":"http:\/\/diariodominicano.ddns.net\/?p=171941"},"modified":"2017-11-03T01:01:50","modified_gmt":"2017-11-03T01:01:50","slug":"colombia-contradicciones-o-pacto-a-la-sombra","status":"publish","type":"post","link":"https:\/\/diariodominicano.com\/?p=171941","title":{"rendered":"Colombia: Contradicciones o pacto a la sombra"},"content":{"rendered":"<p><body><\/p>\n<p><img decoding=\"async\" src=\"img3\/6842a52e5ed8b50d1f75a8af5ec33b57613f2aaa.jpg\" \/><br \/><img decoding=\"async\" src=\"img3\/136405566_14987882048681n.jpg\" \/>  <\/p>\n<p><strong>                                                                                                                          Por: Tony L\u00f3pez R.  (*)<\/strong><\/p>\n<\/p>\n<p>La  decisi\u00f3n del presidente de la C\u00e1mara de Representantes Rodrigo Lara Restrepo, de impedir el ingreso a los miembros del partido Fuerza Alternativa Revolucionaria del Com\u00fan (FARC) al recinto del Congreso de la Naci\u00f3n, no solo viola un derecho ciudadano amparado por la Constituci\u00f3n, sino una bofetada a los Acuerdos de Paz firmados por el presidente Juan Manuel Santos y el actual presidente del nuevo Partido, integrado por militantes y simpatizantes del antiguo movimiento guerrillero FARC-EP.<\/p>\n<p>Est\u00e1 decisi\u00f3n vista aisladamente pareciera que se trata de una contradicci\u00f3n al interior de la oligarqu\u00eda y al sistema neoliberal que representa  Lara Restrepo, como integrante del  partido Cambio Radical. Partido que formaba parte del  gobierno desde el segundo mandato de Santos Calder\u00f3n y la respuesta  del ministro del Interior Guillermo Rivera, adversando al presidente Lara Restrepo, no es m\u00e1s que \u00e9l juego que ha venido haciendo el Gobierno, para cubrir la forma y justificarse.<\/p>\n<p>Sin embargo, si tomamos en cuenta  los actuales incumplimientos en los que el Gobierno viene incurriendo con los Acuerdos de paz, y las trampas que tendieron desde que comenzaron las conversaciones en febrero del 2012, podemos colegir que no se trata de contradicciones, sino de un pacto a la sombra, donde el Gobierno y sus delegados aparecieron como conciliadores y hombres de paz y los \u00abopositores a la paz\u00bb  liderados por el senador \u00c1lvaro Uribe V\u00e9lez, montando el escenario medi\u00e1tico de que Santos y su gobierno estaban entregando el pa\u00eds a la guerrilla y al castro-chavismo.<\/p>\n<p>La primera pregunta que me hice cuando se hizo p\u00fablico que el Gobierno colombiano hab\u00eda iniciado conversaciones con las FARC  all\u00e1 por agosto del 2012,  fue: \u00bfCu\u00e1l ser\u00e1 el objetivo de que el Gobierno colombiano est\u00e1  tan interesado en hacer la paz con las FARC? Mis conclusiones  fueron dos: a) Los grandes inversionistas agrarios y  minero-energ\u00e9ticos estadounidenses, europeos y colombianos,  presionaron al Gobierno para que iniciara un proceso de paz, no pod\u00edan invertir sin garant\u00edas de seguridad y no estaban  en condiciones de pagarle impuestos a la guerrilla por los secuestros y los riesgos.  b)  La guerrilla colombiana en este caso ELN y FARC son un gran impedimento ante la hip\u00f3tesis, hoy m\u00e1s creciente,  de una intervenci\u00f3n militar  gringa en Venezuela, la insurgencia se le convert\u00eda en la retaguardia segura a la Revoluci\u00f3n Bolivariana, hab\u00eda que eliminar ese obst\u00e1culo. <\/p>\n<p>El impedimento al ingreso al Congreso, es un fuerte mensaje de los opositores a la paz,  acompa\u00f1ado a una cada vez m\u00e1s peligrosa escalada del Gobierno, en  contra del movimiento popular y directamente contra  l\u00edderes comunales, afro-descendientes  e ind\u00edgenas y de organizaciones sociales y de derechos humanos, el asesinato de 35  excombatientes de la guerrilla, 16 familiares de los guerrilleros y 116 l\u00edderes comunales, el crecimiento del paramilitarismo,  el incumplimiento de la amnist\u00eda a los presos pol\u00edticos, la masacre de Tumaco, la represi\u00f3n en el Catatumbo  y  otras regiones  del pa\u00eds, la detenci\u00f3n de j\u00f3venes y l\u00edderes estudiantiles como la del joven Mateo Guti\u00e9rrez Le\u00f3n,  preso en la C\u00e1rcel Modelo de Bogot\u00e1 sin que se hayan aportados pruebas de los delitos pol\u00edticos que le atribuyen. <\/p>\n<p>Se est\u00e1 aplicando desde la firma de esos acuerdos, lo que los manuales de la CIA y el Pent\u00e1gono distribuyeron a las Fuerzas Militares y de Seguridad en nuestra regi\u00f3n,  y poner en pr\u00e1ctica una de las modalidades de la \u00abguerra de baja intensidad\u00bb.  O golpe de Estado o manejo de los instrumentos que dotan las Constituciones de los pa\u00edses con herramientas que defienden al sistema pol\u00edtico burgu\u00e9s.  (Casos  Lugo en Paraguay y Dilma en Brasil)  irrespetando a 54 millones de  electores  en Brasil  y en Honduras Golpe Militar.<\/p>\n<p>Las FARC acept\u00f3 este camino, \u00absin vencedores ni vencidos\u00bb por cansancio e inaceptable costo pero todos saben quien gan\u00f3. La ecuaci\u00f3n de la negociaci\u00f3n en la doctrina de guerra de baja intensidad es ganar-perder. 56 Salvedades o temas estrat\u00e9gicos, algunos de ellos para lograr cambios estructurales, no se incluyeron nunca, a pesar de que se acord\u00f3 que \u00abnada est\u00e1 acordado hasta que todo est\u00e9 acordado\u00bb en realidad, el Gobierno admit\u00eda pero nunca acept\u00f3 ese principio, deb\u00eda ganar tiempo, el referendo era clave y su resultado respald\u00f3 el abandono de ese acuerdo, quedando absolutamente relegados los temas que fueron la fuente originaria para el nacimiento de la guerrilla de las FARC en 1964.<\/p>\n<p>Santos es un maestro en la guerra de baja  intensidad y ha coordinado todo el proceso con expertos en este tipo de negociaci\u00f3n. El movimiento de Uribe, su NO al referendo fue un manejo soterrado de la oligarqu\u00eda  para quitarle a las FARC lo que el Gobierno le concedieron en la negociaci\u00f3n de La Habana y adem\u00e1s para demostrarle a la opini\u00f3n p\u00fablica nacional e internacional que no ten\u00edan el apoyo de la poblaci\u00f3n. All\u00ed perdi\u00f3 las FARC, no el Gobierno, a pesar de que las FARC siempre estuvieron en desacuerdo con el referendo y no lo avalaron.<\/p>\n<p>Tampoco el gobierno de Santos hizo pol\u00edtica electoral para que ganara el SI, era una forma muy sutil de favorecer lo que estrat\u00e9gicamente le favorec\u00eda, la derrota para el gobierno era coyuntural, para la guerrilla no, tal es as\u00ed que hubo de volver a La Habana a modificar acuerdos y eliminar otros, a pesar de que el referendo que se hab\u00eda realizado  no era vinculante, pero no fue as\u00ed, los ganadores del  referendo con los millones de votos de respaldo, exigieron cambios y modificaciones.<\/p>\n<p>Todo es una gran operaci\u00f3n pol\u00edtica de la oligarqu\u00eda, ahora se pondr\u00e1  en pr\u00e1ctica un paso m\u00e1s en la estrategia que deja descolocada a las FARC, cuando la Corte Constitucional deje sin efecto el pr\u00f3ximo mes, la aprobaci\u00f3n por el Congreso de los acuerdos con el m\u00e9todo del Fact Track. Un argumento absolutamente jur\u00eddico lo invalida, mientras que en realidad es un tema  pol\u00edtico y de inter\u00e9s nacional y como se sabe que aplicando un an\u00e1lisis individual articulo por articulo y someterlo al pleno de ambas c\u00e1maras, muchos de estos pueden o no ser aprobados o modificados. Aunque seg\u00fan la Corte Constitucional estos no pueden ser modificados.<\/p>\n<p>La aceptaci\u00f3n en la Mesa de los di\u00e1logos de La Habana,  de que los Acuerdos de Paz, no fueran llevados a la refrendaci\u00f3n por una Asamblea Nacional Constituyente, los dejo desprotegido y que no se consideren  como una pol\u00edtica de Estado.<\/p>\n<p>M\u00e1s a\u00fan, est\u00e1n contra el tiempo y si no se acelera la aprobaci\u00f3n de los Acuerdos de La Habana, estos pasaran a ser tratados el pr\u00f3ximo a\u00f1o, un a\u00f1o electoral y con la espada de Damocles sobre ellos, porque las pitonisas auguran el triunfo de un candidato y una composici\u00f3n  en el Congreso poco favorable a la gesti\u00f3n de paz del gobierno de Santos. Hay que se\u00f1alar que ese pacto olig\u00e1rquico llev\u00f3 a Santos a perder en lo t\u00e1ctico, pero gan\u00f3 en lo estrat\u00e9gico, al lograr concentrar a la guerrilla, desarmar a la m\u00e1s grande y poderosa organizaci\u00f3n  insurgente y sentar en la mesa de di\u00e1logo al Ej\u00e9rcito de Liberaci\u00f3n Ncional (ELN,)  cuyo final es a\u00fan incierto..<\/p>\n<\/p>\n<p>(*)  Periodista, polit\u00f3logo y analista internacional.  <\/p>\n<p>  La Habana  28\/10\/17.<\/p>\n<\/p>\n<p>Zona de los archivos adjuntos<\/p>\n<h6> 2017-11-03 01:01:50 <\/h6>\n<p><!--\n<link rel=\"stylesheet\" href=\"css\/bootstrap.min.css\">\n\n\n<ul class=\"pagination\">\n\t    \n\t\n\n<li >\n\t<a href='?page_no=7196'>Previous<\/a>\n\t<\/li>\n\n\n       \n    \n\n<li><a href='?page_no=1'>1<\/a><\/li>\n\n\n\n<li><a href='?page_no=2'>2<\/a><\/li>\n\n\n\n<li><a>...<\/a><\/li>\n\n\n\n<li><a href='?page_no=7195'>7195<\/a><\/li>\n\n\n\n<li><a href='?page_no=7196'>7196<\/a><\/li>\n\n\n\n<li class='active'><a>7197<\/a><\/li>\n\n\n\n<li><a href='?page_no=7198'>7198<\/a><\/li>\n\n\n\n<li><a href='?page_no=7199'>7199<\/a><\/li>\n\n\n\n<li><a>...<\/a><\/li>\n\n\n\n<li><a href='?page_no=36999'>36999<\/a><\/li>\n\n\n\n<li><a href='?page_no=37000'>37000<\/a><\/li>\n\n    \n\t\n\n<li >\n\t<a href='?page_no=7198'>Next<\/a>\n\t<\/li>\n\n\n    \n\n<li><a href='?page_no=37000'>Last &rsaquo;&rsaquo;<\/a><\/li>\n\n<\/ul>\n\n\n--><br \/>\n<\/body><\/p>\n","protected":false},"excerpt":{"rendered":"<p>Por: Tony L\u00f3pez R. (*) La decisi\u00f3n del presidente de la C\u00e1mara de Representantes Rodrigo Lara Restrepo, de impedir el ingreso a los miembros del partido Fuerza Alternativa Revolucionaria del Com\u00fan (FARC) al recinto del Congreso de la Naci\u00f3n, no solo viola un derecho ciudadano amparado por la Constituci\u00f3n, sino una bofetada a los Acuerdos [&hellip;]<\/p>\n","protected":false},"author":3,"featured_media":0,"comment_status":"open","ping_status":"open","sticky":false,"template":"","format":"standard","meta":{"footnotes":""},"categories":[22],"tags":[],"class_list":["post-171941","post","type-post","status-publish","format-standard","hentry","category-politica"],"_links":{"self":[{"href":"https:\/\/diariodominicano.com\/index.php?rest_route=\/wp\/v2\/posts\/171941","targetHints":{"allow":["GET"]}}],"collection":[{"href":"https:\/\/diariodominicano.com\/index.php?rest_route=\/wp\/v2\/posts"}],"about":[{"href":"https:\/\/diariodominicano.com\/index.php?rest_route=\/wp\/v2\/types\/post"}],"author":[{"embeddable":true,"href":"https:\/\/diariodominicano.com\/index.php?rest_route=\/wp\/v2\/users\/3"}],"replies":[{"embeddable":true,"href":"https:\/\/diariodominicano.com\/index.php?rest_route=%2Fwp%2Fv2%2Fcomments&post=171941"}],"version-history":[{"count":0,"href":"https:\/\/diariodominicano.com\/index.php?rest_route=\/wp\/v2\/posts\/171941\/revisions"}],"wp:attachment":[{"href":"https:\/\/diariodominicano.com\/index.php?rest_route=%2Fwp%2Fv2%2Fmedia&parent=171941"}],"wp:term":[{"taxonomy":"category","embeddable":true,"href":"https:\/\/diariodominicano.com\/index.php?rest_route=%2Fwp%2Fv2%2Fcategories&post=171941"},{"taxonomy":"post_tag","embeddable":true,"href":"https:\/\/diariodominicano.com\/index.php?rest_route=%2Fwp%2Fv2%2Ftags&post=171941"}],"curies":[{"name":"wp","href":"https:\/\/api.w.org\/{rel}","templated":true}]}}