{"id":171940,"date":"2017-11-03T02:03:10","date_gmt":"2017-11-03T02:03:10","guid":{"rendered":"http:\/\/diariodominicano.ddns.net\/?p=171940"},"modified":"2017-11-03T02:03:10","modified_gmt":"2017-11-03T02:03:10","slug":"direccion-del-pld-y-medicos-peledeistas-respaldan-al-doctor-clemente-terrero-para-presidir-cmd","status":"publish","type":"post","link":"https:\/\/diariodominicano.com\/?p=171940","title":{"rendered":"Direcci\u00f3n del PLD y m\u00e9dicos pelede\u00edstas respaldan al Doctor Clemente Terrero para presidir CMD&#13;"},"content":{"rendered":"<p><body><\/p>\n<p><img decoding=\"async\" src=\"img3\/03.JPG\" \/><br \/><img decoding=\"async\" src=\"img3\/01 (3).JPG\" \/><br \/><img decoding=\"async\" src=\"img3\/02 (1).JPG\" \/>  <\/p>\n<p><strong> <\/strong><\/p>\n<p><strong>SANTO DOMINGO, RD, 2 de noviembre de 2017.-<\/strong> En nombre de la direcci\u00f3n pol\u00edtica del Partido de la Liberaci\u00f3n Dominicana (PLD), su secretario general Reinaldo Pared P\u00e9rez proclam\u00f3 por adelantada la victoria del doctor Clemente Terrero, candidato a la presidencia del  Colegio M\u00e9dico Dominicano (CMD) por la corriente Dignidad Gremial orientada por el PLD en el marco de una  asamblea general  informativa con m\u00e9dicos miembros y dirigentes del PLD.<\/p>\n<\/p>\n<p>\u00abEstamos seguros que con los votos y el trabajo de la militancia pelede\u00edsta el \u00e9xito es de los candidatos de la corriente Dignidad Gremial\u00bb, enfatiz\u00f3 Pared P\u00e9rez al cerrar con sus palabras la asamblea y que la Secretar\u00eda de Comunicaciones del partido morado rese\u00f1\u00f3 en un parte de prensa.<\/p>\n<\/p>\n<p>Junto a Reinaldo Pared P\u00e9rez en la mesa principal del acto estuvieron los titulares de las secretar\u00edas  de   Asuntos Gremiales y Profesionales,  senador Euclides S\u00e1nchez, y de Salud, Poblaci\u00f3n y Familia,  senador Lu\u00eds Ren\u00e9 Rojas Cana\u00e1n; as\u00ed como el miembro del comit\u00e9 central del PLD y ex presidente del CMD Enriquillo Matos; adem\u00e1s el presidente coordinador de Dignidad Gremial Julio C\u00e9sar V\u00e1squez, como  el candidato a la presidencia del gremio,  el doctor Clemente Terrero, y el candidato por la regional del Distrito Nacional,  doctor Roberto Flete.<\/p>\n<\/p>\n<p>Tras estimar de vital importancia el proceso electoral en el CMD, el portavoz pelede\u00edsta revel\u00f3 que el tema es del inter\u00e9s de la direcci\u00f3n pelede\u00edsta y de sus principales l\u00edderes; al tiempo que areng\u00f3 a los presidentes provinciales y municipales presentes en la asamblea a desplegar sus mayores esfuerzos y capacidad pol\u00edtica junto a los m\u00e9dicos miembros del PLD.<\/p>\n<\/p>\n<p>Durante un turno previo de motivaci\u00f3n, el candidato al Colegio de Abogados Dominicanos, Sur\u00fam Hern\u00e1ndez, manifest\u00f3 que los actuales directivos del CMD est\u00e1n utilizando esa entidad con objetivos pol\u00edticos con lo que da\u00f1an la credibilidad del gobierno y del PLD, pero sin importantes que de paso le hacen un gran da\u00f1o a  la poblaci\u00f3n que demanda servicios de salud.<\/p>\n<\/p>\n<p>\u00abLa estabilidad del sistema de salud est\u00e1 en juego\u00bb, subray\u00f3 el gremialista al deplorar que el Colegio M\u00e9dico Dominicano se haya apartado de su misi\u00f3n de servir de manera noble a la sociedad. <\/p>\n<\/p>\n<p>En la apertura de la asamblea general, Euclides S\u00e1nchez, a nombre de los profesionales pelede\u00edstas declar\u00f3 que sin duda alguna la corriente que orienta el PLD en el CMD es la mejor propuesta entre las que compiten; deplorando que ese gremio lo hayan convertido en una trinchera pol\u00edtica de lucha contra el PLD y su gobierno.<\/p>\n<\/p>\n<p>\u00abSin lugar a dudas la plancha no.4 tiene los mejores candidatos para darle al Colegio M\u00e9dico Dominicano una verdadera visi\u00f3n de su naturaleza y compromiso\u00bb, indic\u00f3 el legislador y dirigente pelede\u00edsta.<\/p>\n<\/p>\n<p>Euclides S\u00e1nchez garantiz\u00f3 que la Secretar\u00eda de Asuntos Gremiales y Profesionales apoya sin condiciones las ofertas electorales gremiales para que la corriente pelede\u00edsta y su alidada Concertaci\u00f3n Febrerista obtengan las direcciones, regionales y provinciales de ese gremio.<\/p>\n<\/p>\n<p>En tanto que el titular de Salud, Poblaci\u00f3n y Desarrollo del Comit\u00e9 Central pelede\u00edsta, senador Lu\u00eds Ren\u00e9 Rojas Cana\u00e1n, proclam\u00f3 que las elecciones en el Colegio M\u00e9dico Dominicano constituyen un desaf\u00edo de los opositores al gobierno que confunden los intereses pol\u00edticos particulares con los de esa agrupaci\u00f3n de profesionales de la salud.<\/p>\n<\/p>\n<p>Asegur\u00f3 que Clemente Terrero es un gremialista y acad\u00e9mico consagrado que no a asaltar el Colegio M\u00e9dico Dominicano; contraponiendo que quienes hoy dirigen el gremio no han interpretado la transici\u00f3n de Asociaci\u00f3n a Colegio.<\/p>\n<\/p>\n<p>\u00abSe trata de alcanzar con inteligencia emocional lo que hasta ahora no ha alcanzado la actual directiva del Colegio M\u00e9dico Dominicano\u00bb, dijo Rojas Cana\u00e1n.<\/p>\n<\/p>\n<p>Durante el turno de la corriente Dignidad Gremial, su coordinador Julio C\u00e9sar V\u00e1squez destac\u00f3 la fortaleza que viene demostrando el frente  de masas que es Dignidad Gremial  del Partido de la Liberaci\u00f3n Dominicana que recientemente cumpli\u00f3 33 a\u00f1os de fundada.<\/p>\n<\/p>\n<p>\u00abComo frente de masas cumplimos 33 a\u00f1os como fruto de la visi\u00f3n pol\u00edtica del profesor Juan Bosch\u00bb, indic\u00f3 V\u00e1squez al arengar que el Colegio M\u00e9dico Dominicano atraviesa por un momento de su historia donde necesita de sus mejores gremialistas, entre los que destaca a su candidato Clemente Terrero.<\/p>\n<\/p>\n<p>\u00abVotemos masivamente el d\u00eda 8 por la plancha 4.Votando por Dignidad Gremial y Concertaci\u00f3n Febrerista haremos del Colegio M\u00e9dico un instrumento \u00fatil para sus afiliados y para la sociedad dominicana\u00bb, concluy\u00f3.<\/p>\n<\/p>\n<p>Luego agot\u00f3 una participaci\u00f3n el doctor Enriquillo Matos, quien destac\u00f3 las aspiraciones y sue\u00f1os de los m\u00e9dicos dominicanos, destacando que los profesionales de la salud los asumen como compromisos y sacrificios; resumiendo que \u00abel que no vive para servir, no sirve para vivir\u00bb.<\/p>\n<\/p>\n<p>\u00abVotar por Clemente Terrero es votar por la salud del pueblo dominicano\u00bb, enfatiz\u00f3 el colega m\u00e9dico y dirigente pelede\u00edsta Enriquillo Matos.<\/p>\n<\/p>\n<p>Previo al cierre con la intervenci\u00f3n de orientaci\u00f3n partidaria de Reinaldo Pared, el doctor Clemente Terrero esboz\u00f3 su plan de trabajo, pero antes en tono jocoso se pregunt\u00f3 cu\u00e1l era la desesperaci\u00f3n de sus adversarios que han buscado mil maneras de invalidarlo y no han podido.  \u00abEl Colegio M\u00e9dico Dominicano se encuentra secuestrado y ha llegado el momento de rescatarlo\u00bb, dijo Terrero en sus oraciones iniciales.<\/p>\n<\/p>\n<p>En ese orden dijo que su prioridad ser\u00e1 trabajar por la unidad monol\u00edtica de todos los afiliados al CMD y que unidad ser\u00e1 su palabra clave para la acci\u00f3n; con lo que espera lograr una profunda revoluci\u00f3n democr\u00e1tica a lo interno del Colegio M\u00e9dico Dominicano.<\/p>\n<\/p>\n<p>Insisti\u00f3 en que con la propuesta de Dignidad Gremial y la corriente gremial Concertaci\u00f3n Febrerista lleg\u00f3 la hora de gerencial de forma moderna, eficiente y eficaz al Colegio M\u00e9dico Dominicano; donde se premie el compromiso; por lo cual resume su propuesta en el lema Cambio, Transformaci\u00f3n y Lucha.<\/p>\n<\/p>\n<p>Clemente Terrero dijo que en el seno del CMD se debe producir un cambio, con un titular respetado por la sociedad y que tenga hoja intachable de servicio a la sociedad y a su entidad gremial. <\/p>\n<\/p>\n<p>\u00abAnte Dios y ustedes prometemos continuar la lucha por las reivindicaciones de los m\u00e9dicos\u00bb, dijo el candidato aupado por el PLD en el CMD, doctor Clemente Terrero, manifestando que los actuales directivos del gremio est\u00e1n haciendo huelgas electoreras para confundir a los m\u00e9dico y que voten por un determinado candidato, por lo que llam\u00f3 al actual presidente a jugar el rol de equilibrio que le corresponde porque es presidente de todos los colegiados.<\/p>\n<\/p>\n<h6> 2017-11-03 02:03:10 <\/h6>\n<p><!--\n<link rel=\"stylesheet\" href=\"css\/bootstrap.min.css\">\n\n\n<ul class=\"pagination\">\n\t    \n\t\n\n<li >\n\t<a href='?page_no=7195'>Previous<\/a>\n\t<\/li>\n\n\n       \n    \n\n<li><a href='?page_no=1'>1<\/a><\/li>\n\n\n\n<li><a href='?page_no=2'>2<\/a><\/li>\n\n\n\n<li><a>...<\/a><\/li>\n\n\n\n<li><a href='?page_no=7194'>7194<\/a><\/li>\n\n\n\n<li><a href='?page_no=7195'>7195<\/a><\/li>\n\n\n\n<li class='active'><a>7196<\/a><\/li>\n\n\n\n<li><a href='?page_no=7197'>7197<\/a><\/li>\n\n\n\n<li><a href='?page_no=7198'>7198<\/a><\/li>\n\n\n\n<li><a>...<\/a><\/li>\n\n\n\n<li><a href='?page_no=36999'>36999<\/a><\/li>\n\n\n\n<li><a href='?page_no=37000'>37000<\/a><\/li>\n\n    \n\t\n\n<li >\n\t<a href='?page_no=7197'>Next<\/a>\n\t<\/li>\n\n\n    \n\n<li><a href='?page_no=37000'>Last &rsaquo;&rsaquo;<\/a><\/li>\n\n<\/ul>\n\n\n--><br \/>\n<\/body><\/p>\n","protected":false},"excerpt":{"rendered":"<p>SANTO DOMINGO, RD, 2 de noviembre de 2017.- En nombre de la direcci\u00f3n pol\u00edtica del Partido de la Liberaci\u00f3n Dominicana (PLD), su secretario general Reinaldo Pared P\u00e9rez proclam\u00f3 por adelantada la victoria del doctor Clemente Terrero, candidato a la presidencia del Colegio M\u00e9dico Dominicano (CMD) por la corriente Dignidad Gremial orientada por el PLD en [&hellip;]<\/p>\n","protected":false},"author":3,"featured_media":0,"comment_status":"open","ping_status":"open","sticky":false,"template":"","format":"standard","meta":{"footnotes":""},"categories":[22],"tags":[],"class_list":["post-171940","post","type-post","status-publish","format-standard","hentry","category-politica"],"_links":{"self":[{"href":"https:\/\/diariodominicano.com\/index.php?rest_route=\/wp\/v2\/posts\/171940","targetHints":{"allow":["GET"]}}],"collection":[{"href":"https:\/\/diariodominicano.com\/index.php?rest_route=\/wp\/v2\/posts"}],"about":[{"href":"https:\/\/diariodominicano.com\/index.php?rest_route=\/wp\/v2\/types\/post"}],"author":[{"embeddable":true,"href":"https:\/\/diariodominicano.com\/index.php?rest_route=\/wp\/v2\/users\/3"}],"replies":[{"embeddable":true,"href":"https:\/\/diariodominicano.com\/index.php?rest_route=%2Fwp%2Fv2%2Fcomments&post=171940"}],"version-history":[{"count":0,"href":"https:\/\/diariodominicano.com\/index.php?rest_route=\/wp\/v2\/posts\/171940\/revisions"}],"wp:attachment":[{"href":"https:\/\/diariodominicano.com\/index.php?rest_route=%2Fwp%2Fv2%2Fmedia&parent=171940"}],"wp:term":[{"taxonomy":"category","embeddable":true,"href":"https:\/\/diariodominicano.com\/index.php?rest_route=%2Fwp%2Fv2%2Fcategories&post=171940"},{"taxonomy":"post_tag","embeddable":true,"href":"https:\/\/diariodominicano.com\/index.php?rest_route=%2Fwp%2Fv2%2Ftags&post=171940"}],"curies":[{"name":"wp","href":"https:\/\/api.w.org\/{rel}","templated":true}]}}