{"id":171937,"date":"2017-11-03T22:27:36","date_gmt":"2017-11-03T22:27:36","guid":{"rendered":"http:\/\/diariodominicano.ddns.net\/?p=171937"},"modified":"2017-11-03T22:27:36","modified_gmt":"2017-11-03T22:27:36","slug":"miguel-vargas-maldonado-presidente-del-comite-de-la-internacional-socialista-para-al-y-el-caribe","status":"publish","type":"post","link":"https:\/\/diariodominicano.com\/?p=171937","title":{"rendered":"Miguel Vargas Maldonado presidente del Comit\u00e9 de la Internacional Socialista para AL y El Caribe"},"content":{"rendered":"<p><body><\/p>\n<p><img decoding=\"async\" src=\"img3\/IMG-20171103-WA0010.jpg\" \/><br \/><img decoding=\"async\" src=\"img3\/DSC_2321.JPG\" \/>  <\/p>\n<p><strong>El presidente de la (IS) Miguel Vargas Maldonado posa con los delegados e invitados especiales que participan en la reuni\u00f3n de ese organismo regional.<\/strong><\/p>\n<p><strong>SANTO DOMINGO, RD, 3 de noviembre de 2017.- <\/strong>El presidente de la Internacional Socialista para Am\u00e9rica Latina y el Caribe, (IS) Miguel Vargas Maldonado, fue reelecto a unanimidad para un nuevo periodo de cuatro a\u00f1os.<\/p>\n<\/p>\n<p> Las veinte delegaciones de 18 pa\u00edses presentes en la reuni\u00f3n de la Internacional Socialista, que sesionan en el hotel Embajador, respaldaron la continuidad de Vargas Maldonado en el cargo.<\/p>\n<\/p>\n<p><strong>Miguel Vargas Maldonado habla a los asistentes en la reuni\u00f3n de la Internacional Socialista<\/strong><\/p>\n<\/p>\n<p> Los delegados de Argentina, Bolivia, Brasil, Chile, Colombia, Costa Rica, Guatemala, Hait\u00ed, Jamaica, M\u00e9xico, Nicaragua, Panam\u00e1, Paraguay, Per\u00fa, Puerto Rico, Uruguay y Venezuela, se abstuvieron de presentar otras candidaturas, reconociendo la labor desempe\u00f1ada por Vargas Maldonado, quien es adem\u00e1s presidente del Partido Revolucionario Dominicano (PRD).<\/p>\n<\/p>\n<p> Es la segunda ocasi\u00f3n que Vargas Maldonado es electo en esa posici\u00f3n. Adem\u00e1s de Vargas, han ostentado esta posici\u00f3n; Ra\u00fal Alfons\u00edn, expresidente de Argentina; Martin Torrijos, expresidente de Panam\u00e1; y el Dr. Jos\u00e9 Fco. Pe\u00f1a G\u00f3mez, l\u00edder hist\u00f3rico del PRD, quien la ocupo en reiteradas ocasiones.<\/p>\n<\/p>\n<p> Al pronunciar el discurso de apertura de la plenaria afirmo que La desigualdad sigue siendo el principal reto y mayor obst\u00e1culo para alcanzar  el crecimiento sostenible y lograr el bienestar y la prosperidad de  nuestros pueblos.<\/p>\n<\/p>\n<p> Sigue diciendo que la pobreza, la desigualdad, el auge del crimen organizado, la violencia de g\u00e9nero son desaf\u00edos importantes que tiene nuestra regi\u00f3n que solo unidos, y en actitud constructiva de di\u00e1logo, podremos vencer para lograr que nuestra gente pueda vivir bien, de manera digna, alcanzando la prosperidad y el bienestar en plenitud manifest\u00f3.<\/p>\n<\/p>\n<p> Sostuvo que actual coyuntura pol\u00edtica demanda sabidur\u00eda, inteligencia pol\u00edtica, pero adem\u00e1s requiere, la unidad de todos en torno al prop\u00f3sito com\u00fan del desarrollo sostenible de nuestras naciones.<\/p>\n<\/p>\n<p> \u00abConfiamos en que el \u00e1nimo de colaboraci\u00f3n entre nosotros siga contribuyendo a hermanarnos a\u00fan m\u00e1s para que los lazos construidos en el marco de estos encuentros contin\u00faen siendo de gran provecho para el fortalecimiento de la democracia en nuestra regi\u00f3n\u00bb, expreso Vargas Maldonado, quien tambi\u00e9n es presidente del Partido Revolucionario Dominicano (PRD).<\/p>\n<\/p>\n<p>  Apunto que si bien es cierto que durante el presente siglo la inversi\u00f3n social con respecto al PIB en Am\u00e9rica Latina y El Caribe ha aumentado de 11% a 14.6% seg\u00fan cifras de la CEPAL, la desigualdad sigue siendo el principal reto de nuestra regi\u00f3n. <\/p>\n<\/p>\n<p> Para combatir la desigualdad debemos impulsar pol\u00edticas de empleo que garanticen a nuestros ciudadanos, trabajo digno y bien remunerado, ello ser\u00e1 posible si somos capaces de dise\u00f1ar un modelo econ\u00f3mico que incentive la inversi\u00f3n y deje atr\u00e1s los h\u00e1bitos rentistas del emprendedor latinoamericano, agrego. <\/p>\n<\/p>\n<p>Puntualizo  que a mayor crecimiento econ\u00f3mico menor desempleo, ese debe ser el grito de batalla de las propuestas desde la socialdemocracia para alcanzar los objetivos de desarrollo sostenible hacia el 2030.<\/p>\n<\/p>\n<p>Considera que los proyectos en alianza del sector p\u00fablico y privado deben ser tambi\u00e9n otra bandera que debe ondear la socialdemocracia latinoamericana y caribe\u00f1a para impulsar la igualdad de oportunidades para todos. <\/p>\n<\/p>\n<p>La regi\u00f3n sigue diciendo, debe apostar por fin de manera decidida por la innovaci\u00f3n y la investigaci\u00f3n para el desarrollo porque ellas son las herramientas imprescindibles para dar el gran salto que generaci\u00f3n tras generaci\u00f3n hemos estado buscando.<\/p>\n<\/p>\n<p>Econom\u00edas activas y crecientes, pleno empleo, Estado y sector privado trabajando juntos por el bienestar de todos, pol\u00edticas p\u00fablicas que estimulen la innovaci\u00f3n y la investigaci\u00f3n tienen una zapata com\u00fan: la educaci\u00f3n, agrego. <\/p>\n<\/p>\n<p>\u00abEsa es la mayor apuesta que deben hacer nuestros gobiernos, una inversi\u00f3n inteligente en educaci\u00f3n que nos lleve a un sistema educativo que impulse la creatividad y que asegure ciudadanos preparados para enfrentar exitosamente los retos del mundo durante los pr\u00f3ximos cien a\u00f1os\u00bb a\u00f1adi\u00f3 Vargas Maldonado..<\/p>\n<\/p>\n<p>Reconoci\u00f3 que el acceso al sistema educativo en la regi\u00f3n ha mejorado sustancialmente, trayendo consecuentemente un mayor aumento de los \u00edndices de escolaridad, sin embargo la calidad de nuestra ense\u00f1anza es a\u00fan insuficiente, seg\u00fan cifras del Banco Interamericano de Desarrollo apenas un tercio de los estudiantes latinoamericanos y caribe\u00f1os alcanzan un est\u00e1ndar m\u00ednimo de habilidades matem\u00e1ticas b\u00e1sicas.<\/p>\n<\/p>\n<p>En su exposici\u00f3n, se\u00f1ala que la desigualdad agitada por el desempleo y una educaci\u00f3n de baja calidad se constituye en la principal amenaza para la democracia en la regi\u00f3n y la causa eficiente de los importantes d\u00e9ficits que acusa nuestro modelo democr\u00e1tico.<\/p>\n<\/p>\n<p>Ciertamente, en el aspecto electoral la democracia latinoamericana se mantiene en constante mejor\u00eda.  Hoy en d\u00eda, en casi todos los pa\u00edses de la regi\u00f3n las elecciones se llevan a cabo sin mayores sobresaltos, que los propios de toda contienda. <\/p>\n<\/p>\n<p>?Tenemos por delante el desaf\u00edo de garantizar la fidelidad del voto de nuestros ciudadanos a trav\u00e9s de campa\u00f1as menos costosas, de una sociedad mejor comprometida con el conjunto que con las individualidades y m\u00e1s consciente de la calidad de las propuestas de los candidatos? sigui\u00f3 diciendo.<\/p>\n<\/p>\n<p>  Sostiene que la democracia se construye a trav\u00e9s de pol\u00edticas p\u00fablicas que garanticen acceso universal y equitativo a mayores oportunidades, un modelo econ\u00f3mico que incluya socialmente a todos y, sobretodo, con un liderazgo pol\u00edtico capaz de buscar el punto exacto de avenencia para solucionar los problemas de la gente por medio del di\u00e1logo, la confraternidad y la unidad por m\u00e1s diversa que sea su forma de pensar.<\/p>\n<\/p>\n<p>Los aqu\u00ed reunidos tenemos la responsabilidad hist\u00f3rica de hacer de este mundo uno mejor y de darle a las futuras generaciones la seguridad de que sabremos convivir en paz, en armon\u00eda y en prosperidad por el bienestar de todos, finalizo diciendo Vargas  Maldonado.<\/p>\n<\/p>\n<p>En el acto tambi\u00e9n hablo Luis Ayala, secretario general de la IS, quien resalt\u00f3 que en Am\u00e9rica Latina, tienen una presencia fuerte, una familia y una tierra de conductas y ejemplos que sirven a nuestros valores y principios.<\/p>\n<\/p>\n<h6> 2017-11-03 22:27:36 <\/h6>\n<p><!--\n<link rel=\"stylesheet\" href=\"css\/bootstrap.min.css\">\n\n\n<ul class=\"pagination\">\n\t    \n\t\n\n<li >\n\t<a href='?page_no=7192'>Previous<\/a>\n\t<\/li>\n\n\n       \n    \n\n<li><a href='?page_no=1'>1<\/a><\/li>\n\n\n\n<li><a href='?page_no=2'>2<\/a><\/li>\n\n\n\n<li><a>...<\/a><\/li>\n\n\n\n<li><a href='?page_no=7191'>7191<\/a><\/li>\n\n\n\n<li><a href='?page_no=7192'>7192<\/a><\/li>\n\n\n\n<li class='active'><a>7193<\/a><\/li>\n\n\n\n<li><a href='?page_no=7194'>7194<\/a><\/li>\n\n\n\n<li><a href='?page_no=7195'>7195<\/a><\/li>\n\n\n\n<li><a>...<\/a><\/li>\n\n\n\n<li><a href='?page_no=36999'>36999<\/a><\/li>\n\n\n\n<li><a href='?page_no=37000'>37000<\/a><\/li>\n\n    \n\t\n\n<li >\n\t<a href='?page_no=7194'>Next<\/a>\n\t<\/li>\n\n\n    \n\n<li><a href='?page_no=37000'>Last &rsaquo;&rsaquo;<\/a><\/li>\n\n<\/ul>\n\n\n--><br \/>\n<\/body><\/p>\n","protected":false},"excerpt":{"rendered":"<p>El presidente de la (IS) Miguel Vargas Maldonado posa con los delegados e invitados especiales que participan en la reuni\u00f3n de ese organismo regional. SANTO DOMINGO, RD, 3 de noviembre de 2017.- El presidente de la Internacional Socialista para Am\u00e9rica Latina y el Caribe, (IS) Miguel Vargas Maldonado, fue reelecto a unanimidad para un nuevo [&hellip;]<\/p>\n","protected":false},"author":3,"featured_media":0,"comment_status":"open","ping_status":"open","sticky":false,"template":"","format":"standard","meta":{"footnotes":""},"categories":[22],"tags":[],"class_list":["post-171937","post","type-post","status-publish","format-standard","hentry","category-politica"],"_links":{"self":[{"href":"https:\/\/diariodominicano.com\/index.php?rest_route=\/wp\/v2\/posts\/171937","targetHints":{"allow":["GET"]}}],"collection":[{"href":"https:\/\/diariodominicano.com\/index.php?rest_route=\/wp\/v2\/posts"}],"about":[{"href":"https:\/\/diariodominicano.com\/index.php?rest_route=\/wp\/v2\/types\/post"}],"author":[{"embeddable":true,"href":"https:\/\/diariodominicano.com\/index.php?rest_route=\/wp\/v2\/users\/3"}],"replies":[{"embeddable":true,"href":"https:\/\/diariodominicano.com\/index.php?rest_route=%2Fwp%2Fv2%2Fcomments&post=171937"}],"version-history":[{"count":0,"href":"https:\/\/diariodominicano.com\/index.php?rest_route=\/wp\/v2\/posts\/171937\/revisions"}],"wp:attachment":[{"href":"https:\/\/diariodominicano.com\/index.php?rest_route=%2Fwp%2Fv2%2Fmedia&parent=171937"}],"wp:term":[{"taxonomy":"category","embeddable":true,"href":"https:\/\/diariodominicano.com\/index.php?rest_route=%2Fwp%2Fv2%2Fcategories&post=171937"},{"taxonomy":"post_tag","embeddable":true,"href":"https:\/\/diariodominicano.com\/index.php?rest_route=%2Fwp%2Fv2%2Ftags&post=171937"}],"curies":[{"name":"wp","href":"https:\/\/api.w.org\/{rel}","templated":true}]}}