{"id":171936,"date":"2017-11-03T23:34:56","date_gmt":"2017-11-03T23:34:56","guid":{"rendered":"http:\/\/diariodominicano.ddns.net\/?p=171936"},"modified":"2017-11-03T23:34:56","modified_gmt":"2017-11-03T23:34:56","slug":"diputados-del-pld-saludan-iniciativa-para-eliminar-las-exoneraciones-a-los-congresistas","status":"publish","type":"post","link":"https:\/\/diariodominicano.com\/?p=171936","title":{"rendered":"&#13;&#13;Diputados del PLD saludan iniciativa para eliminar las exoneraciones a los congresistas"},"content":{"rendered":"<p><body><\/p>\n<p><img decoding=\"async\" src=\"img3\/2017-11-03 14.52.29.jpg\" \/>  <\/p>\n<p><strong><span class=\"text1noticias\"> <\/span><\/strong><\/p>\n<p><strong><span class=\"text1noticias\">SANTO DOMINGO, RD, 3 de noviembre de 2017.-<\/span><\/strong><span class=\"text1noticias\"> El vocero del bloque de diputados del Partido de la Liberaci\u00f3n Dominicana, Gustavo S\u00e1nchez y la  diputada Miriam Cabral, integrante del Comit\u00e9 Pol\u00edtico, saludaron la iniciativa del presidente de la C\u00e1mara de Diputados de someter un proyecto de ley consensuado con los voceros de las diferentes bancadas  para eliminar la exoneraci\u00f3n de veh\u00edculos de lujo a los legisladores.<\/span><\/p>\n<p><span class=\"text1noticias\"> <\/span><\/p>\n<p><span class=\"text1noticias\">Gustavo S\u00e1nchez, miembro del Comit\u00e9 Central del PLD en llamada telef\u00f3nica al programa El Sol de la Ma\u00f1ana expres\u00f3 que este proyecto de ley recoger\u00e1 la aspiraci\u00f3n de la sociedad dominicana para de una vez cumplir con un deseo de modificar la Ley 57-96 que tiene que ver con las exoneraciones de los legisladores y que irritan a la poblaci\u00f3n.<\/span><\/p>\n<p><span class=\"text1noticias\"> <\/span><\/p>\n<p><span class=\"text1noticias\">\u00abEl presidente nos particip\u00f3 que el proyecto el proyecto est\u00e1 pr\u00e1cticamente editado a los fines de que en los pr\u00f3ximos d\u00edas, tan pronto veamos el texto final, poder introducirlo al pleno de la C\u00e1mara de Diputados\u00bb, declar\u00f3 S\u00e1nchez en una rese\u00f1a a cargo de la Secretar\u00eda de Comunicaciones del PLD.<\/span><\/p>\n<p><span class=\"text1noticias\"> <\/span><\/p>\n<p><span class=\"text1noticias\">Por su lado, la tambi\u00e9n diputada Miriam Cabral, salud\u00f3 esta iniciativa, agregando desde que entr\u00f3 al congreso en el 2010 el tema de las exoneraciones es una gran preocupaci\u00f3n para ella y seg\u00fan ha comprobado para una gran parte de sus colegas en la C\u00e1mara baja.<\/span><\/p>\n<p><span class=\"text1noticias\"> <\/span><\/p>\n<p><span class=\"text1noticias\">Cabral inform\u00f3 que tiene un estudio realizado del 2010 al 2016 donde se establece que en ese periodo el gobierno dej\u00f3 de percibir m\u00e1s de 2 mil millones pesos por exoneraciones otorgadas a los congresistas.<\/span><\/p>\n<p><span class=\"text1noticias\"> <\/span><\/p>\n<p><span class=\"text1noticias\">\u00abEse tema de las exoneraciones me preocupa tanto que no he usado la que me corresponde por ley. Me da pena que el Estado esa cantidad de dinero.<\/span><\/p>\n<p><span class=\"text1noticias\"> <\/span><\/p>\n<p><span class=\"text1noticias\">Dijo apoya esta iniciativa de eliminar las exoneraciones de veh\u00edculos de lujo porque al final de cuenta el legislador no se beneficia de ella y termina ampliamente cuestionado.<\/span><\/p>\n<\/p>\n<\/p>\n<h6> 2017-11-03 23:34:56 <\/h6>\n<p><!--\n<link rel=\"stylesheet\" href=\"css\/bootstrap.min.css\">\n\n\n<ul class=\"pagination\">\n\t    \n\t\n\n<li >\n\t<a href='?page_no=7191'>Previous<\/a>\n\t<\/li>\n\n\n       \n    \n\n<li><a href='?page_no=1'>1<\/a><\/li>\n\n\n\n<li><a href='?page_no=2'>2<\/a><\/li>\n\n\n\n<li><a>...<\/a><\/li>\n\n\n\n<li><a href='?page_no=7190'>7190<\/a><\/li>\n\n\n\n<li><a href='?page_no=7191'>7191<\/a><\/li>\n\n\n\n<li class='active'><a>7192<\/a><\/li>\n\n\n\n<li><a href='?page_no=7193'>7193<\/a><\/li>\n\n\n\n<li><a href='?page_no=7194'>7194<\/a><\/li>\n\n\n\n<li><a>...<\/a><\/li>\n\n\n\n<li><a href='?page_no=36999'>36999<\/a><\/li>\n\n\n\n<li><a href='?page_no=37000'>37000<\/a><\/li>\n\n    \n\t\n\n<li >\n\t<a href='?page_no=7193'>Next<\/a>\n\t<\/li>\n\n\n    \n\n<li><a href='?page_no=37000'>Last &rsaquo;&rsaquo;<\/a><\/li>\n\n<\/ul>\n\n\n--><br \/>\n<\/body><\/p>\n","protected":false},"excerpt":{"rendered":"<p>SANTO DOMINGO, RD, 3 de noviembre de 2017.- El vocero del bloque de diputados del Partido de la Liberaci\u00f3n Dominicana, Gustavo S\u00e1nchez y la diputada Miriam Cabral, integrante del Comit\u00e9 Pol\u00edtico, saludaron la iniciativa del presidente de la C\u00e1mara de Diputados de someter un proyecto de ley consensuado con los voceros de las diferentes bancadas [&hellip;]<\/p>\n","protected":false},"author":3,"featured_media":0,"comment_status":"open","ping_status":"open","sticky":false,"template":"","format":"standard","meta":{"footnotes":""},"categories":[22],"tags":[],"class_list":["post-171936","post","type-post","status-publish","format-standard","hentry","category-politica"],"_links":{"self":[{"href":"https:\/\/diariodominicano.com\/index.php?rest_route=\/wp\/v2\/posts\/171936","targetHints":{"allow":["GET"]}}],"collection":[{"href":"https:\/\/diariodominicano.com\/index.php?rest_route=\/wp\/v2\/posts"}],"about":[{"href":"https:\/\/diariodominicano.com\/index.php?rest_route=\/wp\/v2\/types\/post"}],"author":[{"embeddable":true,"href":"https:\/\/diariodominicano.com\/index.php?rest_route=\/wp\/v2\/users\/3"}],"replies":[{"embeddable":true,"href":"https:\/\/diariodominicano.com\/index.php?rest_route=%2Fwp%2Fv2%2Fcomments&post=171936"}],"version-history":[{"count":0,"href":"https:\/\/diariodominicano.com\/index.php?rest_route=\/wp\/v2\/posts\/171936\/revisions"}],"wp:attachment":[{"href":"https:\/\/diariodominicano.com\/index.php?rest_route=%2Fwp%2Fv2%2Fmedia&parent=171936"}],"wp:term":[{"taxonomy":"category","embeddable":true,"href":"https:\/\/diariodominicano.com\/index.php?rest_route=%2Fwp%2Fv2%2Fcategories&post=171936"},{"taxonomy":"post_tag","embeddable":true,"href":"https:\/\/diariodominicano.com\/index.php?rest_route=%2Fwp%2Fv2%2Ftags&post=171936"}],"curies":[{"name":"wp","href":"https:\/\/api.w.org\/{rel}","templated":true}]}}