{"id":171932,"date":"2017-11-04T09:40:07","date_gmt":"2017-11-04T09:40:07","guid":{"rendered":"http:\/\/diariodominicano.ddns.net\/?p=171932"},"modified":"2017-11-04T09:40:07","modified_gmt":"2017-11-04T09:40:07","slug":"expresidente-catalan-pide-unidad-de-fuerzas-independentistas","status":"publish","type":"post","link":"https:\/\/diariodominicano.com\/?p=171932","title":{"rendered":"Expresidente catal\u00e1n pide unidad de fuerzas independentistas"},"content":{"rendered":"<p><body><\/p>\n<p><img decoding=\"async\" src=\"img3\/1Carles-Puigdemont.jpg\" \/>  <\/p>\n<p><strong>Madrid, 4 nov (PL)<\/strong> El destituido presidente de Catalu\u00f1a Carles Puigdemont pidi\u00f3 hoy la unidad de todos los sectores soberanistas, frente a lo que calific\u00f3 de golpe de Estado del gobierno espa\u00f1ol contra las instituciones democr\u00e1ticas de esa regi\u00f3n.<\/p>\n<\/p>\n<p>Puigdemont, sobre quien pesa desde ayer una orden europea de detenci\u00f3n emitida por la justicia de Espa\u00f1a, llam\u00f3 a conformar un &#8216;frente electoral soberanista amplio&#8217; de cara a las elecciones del 21 de diciembre, convocadas por el ejecutivo central de Mariano Rajoy.<\/p>\n<\/p>\n<p>En un mensaje en su cuenta de Twitter, el defenestrado l\u00edder independentista, que se encuentra en B\u00e9lgica, emplaz\u00f3 a todos los partidos pol\u00edticos defensores del autogobierno en esa comunidad aut\u00f3noma a crear un bloque unitario, m\u00e1s all\u00e1 de las siglas.<\/p>\n<\/p>\n<p>&#8216;Es el momento de que todos los dem\u00f3cratas se unan por Catalu\u00f1a, por la libertad de los presos pol\u00edticos y por la Rep\u00fablica&#8217; catalana, subray\u00f3 el cesado mandatario de esa autonom\u00eda, intervenida por Rajoy para &#8216;restaurar la legalidad&#8217; y frenar sus aspiraciones separatistas.<\/p>\n<\/p>\n<p>Con miras a esos comicios anticipados, abog\u00f3 por una &#8216;lista c\u00edvica unitaria y transversal que implique a todos los sectores que quieren enfrentarse al bloque del 155 y de la represi\u00f3n&#8217;.<\/p>\n<\/p>\n<p>De esa manera, aludi\u00f3 a la toma del control de esa regi\u00f3n por el gobernante Partido Popular al amparo del pol\u00e9mico art\u00edculo 155 de la Constituci\u00f3n, refrendado el 27 de octubre en el Senado con el apoyo del Partido Socialista Obrero Espa\u00f1ol y de Ciudadanos (liberal).<\/p>\n<\/p>\n<p>A trav\u00e9s de la propia red social, el depuesto presidente auton\u00f3mico difundi\u00f3 este s\u00e1bado un manifiesto y un enlace en Internet para respaldar su reivindicaci\u00f3n de una lista electoral &#8216;unitaria y transversal&#8217; a las elecciones del pr\u00f3ximo mes.<\/p>\n<\/p>\n<p>Los comicios impuestos por el Gobierno espa\u00f1ol el 21-D son una alternativa entre la &#8216;democracia y la imposici\u00f3n&#8217;, entre los partidos soberanistas y los &#8216;destructores del autogobierno&#8217;, reza el manifiesto.<\/p>\n<\/p>\n<p>Denunci\u00f3 lo que considera una persecuci\u00f3n judicial y linchamiento personal, instigado por el nacionalismo espa\u00f1ol contra los miembros de la Generalitat (ejecutivo catal\u00e1n) y los m\u00e1ximos representantes del parlamento de esa pr\u00f3spera regi\u00f3n de 7,5 millones de habitantes.<\/p>\n<\/p>\n<p>A juicio del documento, los ocho exconsejeros de la Generalitat encarcelados por su presunta responsabilidad en el proceso secesionista, son &#8216;perseguidos por las ideas pol\u00edticas que defienden&#8217; y no por su pertenencia a uno u otro partido.<\/p>\n<\/p>\n<p>Las decisiones judiciales adoptadas por la Audiencia Nacional (AN) espa\u00f1ola explican qu\u00e9 pasar\u00eda si el 21-D no ganase el bloque soberanista, advirti\u00f3 el texto.<\/p>\n<\/p>\n<p>Se refiri\u00f3 as\u00ed al fallo de ese alto tribunal, que el pasado jueves envi\u00f3 a prisi\u00f3n incondicional sin fianza a ocho miembros del gobierno catal\u00e1n acusados por los delitos de rebeli\u00f3n, sedici\u00f3n y malversaci\u00f3n en relaci\u00f3n con la declaraci\u00f3n unilateral de independencia.<\/p>\n<\/p>\n<p>La propia jueza de la AN que decidi\u00f3 el encarcelamiento de esos ocho dirigentes, emiti\u00f3 la v\u00edspera una orden europea de busca y captura contra Puigdemont y cuatro de sus ministros bajo los mismos cargos.<\/p>\n<\/p>\n<p>Todos est\u00e1n imputados por llevar adelante el proceso separatista que culmin\u00f3 el 27 de octubre con la proclamaci\u00f3n de una Rep\u00fablica por la c\u00e1mara catalana, desconociendo numerosas resoluciones del Tribunal Constitucional sobre la ilegalidad de ese acto.<\/p>\n<h6> 2017-11-04 09:40:07 <\/h6>\n<p><!--\n<link rel=\"stylesheet\" href=\"css\/bootstrap.min.css\">\n\n\n<ul class=\"pagination\">\n\t    \n\t\n\n<li >\n\t<a href='?page_no=7188'>Previous<\/a>\n\t<\/li>\n\n\n       \n    \n\n<li><a href='?page_no=1'>1<\/a><\/li>\n\n\n\n<li><a href='?page_no=2'>2<\/a><\/li>\n\n\n\n<li><a>...<\/a><\/li>\n\n\n\n<li><a href='?page_no=7187'>7187<\/a><\/li>\n\n\n\n<li><a href='?page_no=7188'>7188<\/a><\/li>\n\n\n\n<li class='active'><a>7189<\/a><\/li>\n\n\n\n<li><a href='?page_no=7190'>7190<\/a><\/li>\n\n\n\n<li><a href='?page_no=7191'>7191<\/a><\/li>\n\n\n\n<li><a>...<\/a><\/li>\n\n\n\n<li><a href='?page_no=36999'>36999<\/a><\/li>\n\n\n\n<li><a href='?page_no=37000'>37000<\/a><\/li>\n\n    \n\t\n\n<li >\n\t<a href='?page_no=7190'>Next<\/a>\n\t<\/li>\n\n\n    \n\n<li><a href='?page_no=37000'>Last &rsaquo;&rsaquo;<\/a><\/li>\n\n<\/ul>\n\n\n--><br \/>\n<\/body><\/p>\n","protected":false},"excerpt":{"rendered":"<p>Madrid, 4 nov (PL) El destituido presidente de Catalu\u00f1a Carles Puigdemont pidi\u00f3 hoy la unidad de todos los sectores soberanistas, frente a lo que calific\u00f3 de golpe de Estado del gobierno espa\u00f1ol contra las instituciones democr\u00e1ticas de esa regi\u00f3n. Puigdemont, sobre quien pesa desde ayer una orden europea de detenci\u00f3n emitida por la justicia de [&hellip;]<\/p>\n","protected":false},"author":3,"featured_media":0,"comment_status":"open","ping_status":"open","sticky":false,"template":"","format":"standard","meta":{"footnotes":""},"categories":[22],"tags":[],"class_list":["post-171932","post","type-post","status-publish","format-standard","hentry","category-politica"],"_links":{"self":[{"href":"https:\/\/diariodominicano.com\/index.php?rest_route=\/wp\/v2\/posts\/171932","targetHints":{"allow":["GET"]}}],"collection":[{"href":"https:\/\/diariodominicano.com\/index.php?rest_route=\/wp\/v2\/posts"}],"about":[{"href":"https:\/\/diariodominicano.com\/index.php?rest_route=\/wp\/v2\/types\/post"}],"author":[{"embeddable":true,"href":"https:\/\/diariodominicano.com\/index.php?rest_route=\/wp\/v2\/users\/3"}],"replies":[{"embeddable":true,"href":"https:\/\/diariodominicano.com\/index.php?rest_route=%2Fwp%2Fv2%2Fcomments&post=171932"}],"version-history":[{"count":0,"href":"https:\/\/diariodominicano.com\/index.php?rest_route=\/wp\/v2\/posts\/171932\/revisions"}],"wp:attachment":[{"href":"https:\/\/diariodominicano.com\/index.php?rest_route=%2Fwp%2Fv2%2Fmedia&parent=171932"}],"wp:term":[{"taxonomy":"category","embeddable":true,"href":"https:\/\/diariodominicano.com\/index.php?rest_route=%2Fwp%2Fv2%2Fcategories&post=171932"},{"taxonomy":"post_tag","embeddable":true,"href":"https:\/\/diariodominicano.com\/index.php?rest_route=%2Fwp%2Fv2%2Ftags&post=171932"}],"curies":[{"name":"wp","href":"https:\/\/api.w.org\/{rel}","templated":true}]}}