{"id":171931,"date":"2017-11-04T16:12:08","date_gmt":"2017-11-04T16:12:08","guid":{"rendered":"http:\/\/diariodominicano.ddns.net\/?p=171931"},"modified":"2017-11-04T16:12:08","modified_gmt":"2017-11-04T16:12:08","slug":"empresario-porfirio-lopez-nieto-lanza-candidatura-presidencial","status":"publish","type":"post","link":"https:\/\/diariodominicano.com\/?p=171931","title":{"rendered":"Empresario Porfirio L\u00f3pez Nieto lanza candidatura presidencial"},"content":{"rendered":"<p><body><\/p>\n<p><strong>SAN CRIST\u00d3BAL-<\/strong> Empresario y pariente del ex monse\u00f1or Nicol\u00e1s Lope Rodr\u00edguez, Porfirio L\u00f3pez Nieto, lanzo sus aspiraciones a la<\/p>\n<p>presidencia de la Rep\u00fablica, en un encuentro donde se le prohibi\u00f3 a los periodistas invitados grabar ni tomar fotograf\u00eda.<\/p>\n<\/p>\n<p>\u00abDecidimos formar un partido y no falta 85 mil firmas\u00bb, dijo el empresario L\u00f3pez Nieto.<\/p>\n<\/p>\n<p>Manifest\u00f3, que tiene que formar un partido con opci\u00f3n de poder, porque el pa\u00eds necesita un cambio radical.<\/p>\n<\/p>\n<p>\u00abEn estos momentos tenemos la casa del partido lista, en la avenida 27 de febrero 426 y ya tenemos alguna provincia con el prop\u00f3sito te<\/p>\n<p>instalar filiares\u00bb.<\/p>\n<\/p>\n<p>Se\u00f1alo, que los gastos de instalaciones de locales se hacen con recursos propios, y que trabaja junto a un equipo de hombres y mujeres<\/p>\n<p>en la captaci\u00f3n de adeptos, para depositar las firmas en la Junta Central Electoral.<\/p>\n<\/p>\n<p>Precis\u00f3, que trabaja en el lanzamiento nacional de sus aspiraciones presidenciales, para trabajar por la nacionalidad del pa\u00eds<\/p>\n<\/p>\n<p>Tambi\u00e9n hablo del tema haitiano, donde organismos internaciones influyen, y que se pronunciara al respecto.<\/p>\n<\/p>\n<p>El evento fue organizado por los licenciados, Jos\u00e9 M. Casado Jacobo, Robert Cabral y Gladys Feliz, donde asistieron empresarios y comerciantes del Municipios.<\/p>\n<\/p>\n<p>El empresario llego al restauran \u00abVagos\u00bb escoltado por un grupo de hombres armados y llama la atencion de los parroquianos<\/p>\n<\/p>\n<p>El periodista Carlos Corpor\u00e1n, se retir\u00f3 el escenario cuando se le prohibi\u00f3 grabar el discurso y tomar fotograf\u00eda.<\/p>\n<\/p>\n<p>Autor Carlos Corpor\u00e1n<\/p>\n<h6> 2017-11-04 16:12:08 <\/h6>\n<p><!--\n<link rel=\"stylesheet\" href=\"css\/bootstrap.min.css\">\n\n\n<ul class=\"pagination\">\n\t    \n\t\n\n<li >\n\t<a href='?page_no=7187'>Previous<\/a>\n\t<\/li>\n\n\n       \n    \n\n<li><a href='?page_no=1'>1<\/a><\/li>\n\n\n\n<li><a href='?page_no=2'>2<\/a><\/li>\n\n\n\n<li><a>...<\/a><\/li>\n\n\n\n<li><a href='?page_no=7186'>7186<\/a><\/li>\n\n\n\n<li><a href='?page_no=7187'>7187<\/a><\/li>\n\n\n\n<li class='active'><a>7188<\/a><\/li>\n\n\n\n<li><a href='?page_no=7189'>7189<\/a><\/li>\n\n\n\n<li><a href='?page_no=7190'>7190<\/a><\/li>\n\n\n\n<li><a>...<\/a><\/li>\n\n\n\n<li><a href='?page_no=36999'>36999<\/a><\/li>\n\n\n\n<li><a href='?page_no=37000'>37000<\/a><\/li>\n\n    \n\t\n\n<li >\n\t<a href='?page_no=7189'>Next<\/a>\n\t<\/li>\n\n\n    \n\n<li><a href='?page_no=37000'>Last &rsaquo;&rsaquo;<\/a><\/li>\n\n<\/ul>\n\n\n--><br \/>\n<\/body><\/p>\n","protected":false},"excerpt":{"rendered":"<p>SAN CRIST\u00d3BAL- Empresario y pariente del ex monse\u00f1or Nicol\u00e1s Lope Rodr\u00edguez, Porfirio L\u00f3pez Nieto, lanzo sus aspiraciones a la presidencia de la Rep\u00fablica, en un encuentro donde se le prohibi\u00f3 a los periodistas invitados grabar ni tomar fotograf\u00eda. \u00abDecidimos formar un partido y no falta 85 mil firmas\u00bb, dijo el empresario L\u00f3pez Nieto. Manifest\u00f3, que [&hellip;]<\/p>\n","protected":false},"author":3,"featured_media":0,"comment_status":"open","ping_status":"open","sticky":false,"template":"","format":"standard","meta":{"footnotes":""},"categories":[22],"tags":[],"class_list":["post-171931","post","type-post","status-publish","format-standard","hentry","category-politica"],"_links":{"self":[{"href":"https:\/\/diariodominicano.com\/index.php?rest_route=\/wp\/v2\/posts\/171931","targetHints":{"allow":["GET"]}}],"collection":[{"href":"https:\/\/diariodominicano.com\/index.php?rest_route=\/wp\/v2\/posts"}],"about":[{"href":"https:\/\/diariodominicano.com\/index.php?rest_route=\/wp\/v2\/types\/post"}],"author":[{"embeddable":true,"href":"https:\/\/diariodominicano.com\/index.php?rest_route=\/wp\/v2\/users\/3"}],"replies":[{"embeddable":true,"href":"https:\/\/diariodominicano.com\/index.php?rest_route=%2Fwp%2Fv2%2Fcomments&post=171931"}],"version-history":[{"count":0,"href":"https:\/\/diariodominicano.com\/index.php?rest_route=\/wp\/v2\/posts\/171931\/revisions"}],"wp:attachment":[{"href":"https:\/\/diariodominicano.com\/index.php?rest_route=%2Fwp%2Fv2%2Fmedia&parent=171931"}],"wp:term":[{"taxonomy":"category","embeddable":true,"href":"https:\/\/diariodominicano.com\/index.php?rest_route=%2Fwp%2Fv2%2Fcategories&post=171931"},{"taxonomy":"post_tag","embeddable":true,"href":"https:\/\/diariodominicano.com\/index.php?rest_route=%2Fwp%2Fv2%2Ftags&post=171931"}],"curies":[{"name":"wp","href":"https:\/\/api.w.org\/{rel}","templated":true}]}}