{"id":171928,"date":"2017-11-05T23:38:42","date_gmt":"2017-11-05T23:38:42","guid":{"rendered":"http:\/\/diariodominicano.ddns.net\/?p=171928"},"modified":"2017-11-05T23:38:42","modified_gmt":"2017-11-05T23:38:42","slug":"enrique-garcia-y-edwin-jiminian-reciben-apoyo-de-abogados-sde","status":"publish","type":"post","link":"https:\/\/diariodominicano.com\/?p=171928","title":{"rendered":"Enrique Garc\u00eda y Edwin Jiminian reciben apoyo de abogados SDE"},"content":{"rendered":"<p><body><\/p>\n<p><img decoding=\"async\" src=\"img3\/enrique000.jpg\" \/><br \/><img decoding=\"async\" src=\"img3\/Enrique02.jpg\" \/>  <\/p>\n<p><strong><span class=\"text1noticias\"> <\/span><\/strong><\/p>\n<p><strong><span class=\"text1noticias\">SANTO DOMINGO Este, RD, 5 de noviembre de 2017. &#8211; <\/span><\/strong><span class=\"text1noticias\">Decenas de abogados del este municipio, expresaron su respaldo al candidato a la presidencia del Colegio de Abogados de la Republica Dominicana (CARD), Enrique Garc\u00eda y al aspirante a la secretaria general de ese gremio en la seccional de la provincia Santo Domingo, Edwin Jiminian por considerarlos la mejor opci\u00f3n de cambio en este proceso.<\/span><\/p>\n<\/p>\n<p><span class=\"text1noticias\">Carlos Heredia, habl\u00f3 en un acto celebrado este s\u00e1bado en un restaurant de Santo Domingo Este. Dijo  que ese nutrido grupo de juristas ha entendido que la imagen del gremio de los abogados, no puede continuar dirigidos por quienes solo les interesan administrar los recursos financieros del mismo, para provecho personal, mientras la clase se encuentra hu\u00e9rfana de representantes.<\/span><\/p>\n<\/p>\n<p><span class=\"text1noticias\">Adem\u00e1s de Carlos Heredia, encabezan el grupo, Cecilio Mora, Tony Rodr\u00edguez, Abel Matos, Jos\u00e9 Liz, Sardy Suero y Maritza Contreras.<\/span><\/p>\n<\/p>\n<p><span class=\"text1noticias\">Heredia destac\u00f3 las cualidades humanas y profesionales tanto de Edwin Jiminian, como de Enrique Garc\u00eda, al tiempo que expres\u00f3 que de ganar estos, tanto el gremio a nivel nacional como en la seccional de la provincia de Santo Domingo, los profesionales del Derecho contar\u00edan con una direcci\u00f3n de hombres probos y con una conducta intachable.<\/span><\/p>\n<\/p>\n<p><span class=\"text1noticias\">Dijo que durante el pasado proceso, ellos hab\u00edan apoyado al actual presidente del CARD, quien, seg\u00fan sus propias palabras, los traicion\u00f3 y los abandon\u00f3 a su suerte.<\/span><\/p>\n<\/p>\n<p><span class=\"text1noticias\">En iguales t\u00e9rminos se expres\u00f3 Cecilio Mora qui\u00e9n exclam\u00f3 que para suerte del Colegio de Abogados, un hombre visionario y comprometido con la clase jur\u00eddica, como lo es Enrique Garc\u00eda, haya presentado su propuesta y su candidatura para acabar de una vez y por todas con esa \u00abmafia que se apodera del gremio e ignora a su clase\u00bb.<\/span><\/p>\n<\/p>\n<p><span class=\"text1noticias\">Los profesionales de la toga y el birrete en Santo Domingo Este, manifestaron que est\u00e1n confiados en que tanto Enrique Garc\u00eda como Edwin Jiminian ganar\u00e1n ampliamente el pr\u00f3ximo certamen electoral a celebrarse 2 de diciembre.<\/span><\/p>\n<\/p>\n<p><span class=\"text1noticias\">Enrique Garc\u00eda manifest\u00f3 que la diferencia existente de su propuesta a la presidencia del CARD es la voluntad marcada de producir los cambios que sean necesarios para relanzar ese gremio y rescatar su prestigio.<\/span><\/p>\n<\/p>\n<p><span class=\"text1noticias\">\u00abLos abogados estamos falto de representatividad, sobre todo, entendemos que estamos hu\u00e9rfanos y no tenemos quien nos represente. La institucionalidad del Colegio de Abogados la han tirado al suelo, por lo que necesitamos colocarlo a la altura de los nuevos tiempos, en la que este pueda aportar al sistema de justicia, el cual est\u00e1 muy descalabrado en la Rep\u00fablica Dominicana, por lo que deben llegar a su direcci\u00f3n personas llenas de voluntad, capacitadas y comprometidas con la organizaci\u00f3n\u00bb explic\u00f3 Enrique Garc\u00eda.<\/span><\/p>\n<\/p>\n<p><span class=\"text1noticias\">Llam\u00f3 a todos los abogados del pa\u00eds, para que asistan a votar el pr\u00f3ximo s\u00e1bado 2 de diciembre, de 8:00 a 5:00 p.m., en el Palacio de Justicia de Ciudad Nueva y en todas las seccionales, para tener un gremio fuerte, transparente y que trabaje a favor del bienestar de los profesionales del Derecho y al servicio de todos.<\/span><\/p>\n<\/p>\n<p><span class=\"text1noticias\">Por su parte, Edwin Jiminian, quien aspira a la secretaria general del Colegio de Abogados en la seccional de la provincia Santo Domingo, agradeci\u00f3 el respaldo brindado por decenas de profesionales de la toga y el birrete a su candidatura, al tiempo que se comprometi\u00f3 a trabajar sin descanso para devolverle el prestigio a ese gremio.<\/span><\/p>\n<\/p>\n<p><span class=\"text1noticias\">Lament\u00f3 que siendo esta seccional la m\u00e1s grande del pa\u00eds no se preocupe en la forma en que los profesionales del Derecho tienen que litigar y desarrollar sus procesos habituales en un espacio infrahumano y sin las m\u00ednimas condiciones como lo es el edificio que alberga el palacio de justicia de la provincia Santo Domingo.<\/span><\/p>\n<\/p>\n<p><span class=\"text1noticias\">\u00abLa sociedad Dominicana no merece que una instituci\u00f3n tan importante, que tiene que ver con la administraci\u00f3n de justicia, como el ministerio p\u00fablico y la Suprema Corte de Justicia en la provincia Santo Domingo, desarrolle sus procedimientos judiciales en un furg\u00f3n de carga, en medio de la estrechez, el calor y la inseguridad, las audiencias de acci\u00f3n permanente, as\u00ed como el poco espacio de los diversos tribunales, sin el reclamo del gremio y de sus representados\u00bb fustig\u00f3 el joven profesional del derecho.<\/span><\/p>\n<\/p>\n<p><span class=\"text1noticias\">Jiminian calific\u00f3 de lamentable que la principal seccional del Colegio de Abogados carezca de un local en el que \u00ablos juristas podamos reunirnos, donde desarrollemos cualquier acto jur\u00eddico o corrijamos un procedimiento, adem\u00e1s que recibamos un curso o diplomado para nutrir nuestros conocimientos\u00bb.<\/span><\/p>\n<\/p>\n<p><span class=\"text1noticias\">Durante el acto estuvieron presentes los diputados Adalgisa Abreu, Alexis Jim\u00e9nez y Jos\u00e9 \u00abBertico\u00bb Santana, inform\u00f3 Andr\u00e9s Matos, director de Comunicaciones del Partido Revolucionario Moderno. <\/span><\/p>\n<\/p>\n<\/p>\n<h6> 2017-11-05 23:38:42 <\/h6>\n<p><!--\n<link rel=\"stylesheet\" href=\"css\/bootstrap.min.css\">\n\n\n<ul class=\"pagination\">\n\t    \n\t\n\n<li >\n\t<a href='?page_no=7184'>Previous<\/a>\n\t<\/li>\n\n\n       \n    \n\n<li><a href='?page_no=1'>1<\/a><\/li>\n\n\n\n<li><a href='?page_no=2'>2<\/a><\/li>\n\n\n\n<li><a>...<\/a><\/li>\n\n\n\n<li><a href='?page_no=7183'>7183<\/a><\/li>\n\n\n\n<li><a href='?page_no=7184'>7184<\/a><\/li>\n\n\n\n<li class='active'><a>7185<\/a><\/li>\n\n\n\n<li><a href='?page_no=7186'>7186<\/a><\/li>\n\n\n\n<li><a href='?page_no=7187'>7187<\/a><\/li>\n\n\n\n<li><a>...<\/a><\/li>\n\n\n\n<li><a href='?page_no=36999'>36999<\/a><\/li>\n\n\n\n<li><a href='?page_no=37000'>37000<\/a><\/li>\n\n    \n\t\n\n<li >\n\t<a href='?page_no=7186'>Next<\/a>\n\t<\/li>\n\n\n    \n\n<li><a href='?page_no=37000'>Last &rsaquo;&rsaquo;<\/a><\/li>\n\n<\/ul>\n\n\n--><br \/>\n<\/body><\/p>\n","protected":false},"excerpt":{"rendered":"<p>SANTO DOMINGO Este, RD, 5 de noviembre de 2017. &#8211; Decenas de abogados del este municipio, expresaron su respaldo al candidato a la presidencia del Colegio de Abogados de la Republica Dominicana (CARD), Enrique Garc\u00eda y al aspirante a la secretaria general de ese gremio en la seccional de la provincia Santo Domingo, Edwin Jiminian [&hellip;]<\/p>\n","protected":false},"author":3,"featured_media":0,"comment_status":"open","ping_status":"open","sticky":false,"template":"","format":"standard","meta":{"footnotes":""},"categories":[22],"tags":[],"class_list":["post-171928","post","type-post","status-publish","format-standard","hentry","category-politica"],"_links":{"self":[{"href":"https:\/\/diariodominicano.com\/index.php?rest_route=\/wp\/v2\/posts\/171928","targetHints":{"allow":["GET"]}}],"collection":[{"href":"https:\/\/diariodominicano.com\/index.php?rest_route=\/wp\/v2\/posts"}],"about":[{"href":"https:\/\/diariodominicano.com\/index.php?rest_route=\/wp\/v2\/types\/post"}],"author":[{"embeddable":true,"href":"https:\/\/diariodominicano.com\/index.php?rest_route=\/wp\/v2\/users\/3"}],"replies":[{"embeddable":true,"href":"https:\/\/diariodominicano.com\/index.php?rest_route=%2Fwp%2Fv2%2Fcomments&post=171928"}],"version-history":[{"count":0,"href":"https:\/\/diariodominicano.com\/index.php?rest_route=\/wp\/v2\/posts\/171928\/revisions"}],"wp:attachment":[{"href":"https:\/\/diariodominicano.com\/index.php?rest_route=%2Fwp%2Fv2%2Fmedia&parent=171928"}],"wp:term":[{"taxonomy":"category","embeddable":true,"href":"https:\/\/diariodominicano.com\/index.php?rest_route=%2Fwp%2Fv2%2Fcategories&post=171928"},{"taxonomy":"post_tag","embeddable":true,"href":"https:\/\/diariodominicano.com\/index.php?rest_route=%2Fwp%2Fv2%2Ftags&post=171928"}],"curies":[{"name":"wp","href":"https:\/\/api.w.org\/{rel}","templated":true}]}}