{"id":171926,"date":"2017-11-05T23:56:09","date_gmt":"2017-11-05T23:56:09","guid":{"rendered":"http:\/\/diariodominicano.ddns.net\/?p=171926"},"modified":"2017-11-05T23:56:09","modified_gmt":"2017-11-05T23:56:09","slug":"llego-el-momento-marcha-verde","status":"publish","type":"post","link":"https:\/\/diariodominicano.com\/?p=171926","title":{"rendered":"Lleg\u00f3 el momento Marcha Verde"},"content":{"rendered":"<p><body><\/p>\n<p><img decoding=\"async\" src=\"img3\/victor00.jpg\" \/>  <\/p>\n<p><strong>Por. Victor Garrido Peralta <\/strong><\/p>\n<\/p>\n<p>Pacientemente siguen padeciendo nuestros coterr\u00e1neos de la indolencia de los que mucho dicen y poco hacen.   Contemplan  a los-corruptos y corruptores-con asombro mientras se enteran  del descarado derroche y exhibici\u00f3n de riquezas que con su dinero estos realizan.  <\/p>\n<\/p>\n<p>Sufren las consecuencias de la utilizaci\u00f3n inhumana de los recursos de todos(as) al acudir clamando auxilio a los  hospitales  p\u00fablicos donde se les exige  que compren lo esencial para poder ser atendidos  como Dios mando.  Como si fuera poco, pierden tambi\u00e9n la  vida y propiedades a causa de la delincuencia imperante; observando  la abismal diferencia entre la educaci\u00f3n privada y la p\u00fablica; sobreviviendo  en un oc\u00e9ano de carencias  y desesperanza mientras los servidores oficiales disfrutan en sus mansiones, villas, helic\u00f3pteros, jets privados y dem\u00e1s lujos, alardeando y derrochando como al que nada le ha costado ganar las fortunas que dilapidan.<\/p>\n<\/p>\n<p>Ante  la cercan\u00eda del primer aniversario de este hist\u00f3rico despertar ciudadano del  22 de enero del a\u00f1o en curso y,  a ra\u00edz de  todas las marchas realizadas en cuasi todo el territorio nacional por el Fin de la Impunidad, entiendo imperativo,  el incremento de la presi\u00f3n al desgobierno de turno, sin abandonar los mecanismos hasta ahora utilizados. <\/p>\n<\/p>\n<p>Ha llegado el momento Marcha Verde de acciones contundentes. Acciones que sacudan los cimientos mismos de este putrefacto sistema pol\u00edtico imperante.  El momento de iniciar los contactos pertinentes con el prop\u00f3sito de suscitar colaboraci\u00f3n y apoyo para la realizaci\u00f3n de paros pac\u00edficos, sectoriales y graduales hasta llegar al Paro Ciudadano.  Es este el tiempo preciso, el momento oportuno para tales fines y celebrar el primer aniversario de Marcha Verde con un jam\u00e1s visto Paro Nacional.<\/p>\n<\/p>\n<p>Uno a uno, poco a poco, todos juntos hagamos los cambios que deseamos en Quisqueya.  Basta ya, ya basta!!!!. <\/p>\n<\/p>\n<h6> 2017-11-05 23:56:09 <\/h6>\n<p><!--\n<link rel=\"stylesheet\" href=\"css\/bootstrap.min.css\">\n\n\n<ul class=\"pagination\">\n\t    \n\t\n\n<li >\n\t<a href='?page_no=7182'>Previous<\/a>\n\t<\/li>\n\n\n       \n    \n\n<li><a href='?page_no=1'>1<\/a><\/li>\n\n\n\n<li><a href='?page_no=2'>2<\/a><\/li>\n\n\n\n<li><a>...<\/a><\/li>\n\n\n\n<li><a href='?page_no=7181'>7181<\/a><\/li>\n\n\n\n<li><a href='?page_no=7182'>7182<\/a><\/li>\n\n\n\n<li class='active'><a>7183<\/a><\/li>\n\n\n\n<li><a href='?page_no=7184'>7184<\/a><\/li>\n\n\n\n<li><a href='?page_no=7185'>7185<\/a><\/li>\n\n\n\n<li><a>...<\/a><\/li>\n\n\n\n<li><a href='?page_no=36999'>36999<\/a><\/li>\n\n\n\n<li><a href='?page_no=37000'>37000<\/a><\/li>\n\n    \n\t\n\n<li >\n\t<a href='?page_no=7184'>Next<\/a>\n\t<\/li>\n\n\n    \n\n<li><a href='?page_no=37000'>Last &rsaquo;&rsaquo;<\/a><\/li>\n\n<\/ul>\n\n\n--><br \/>\n<\/body><\/p>\n","protected":false},"excerpt":{"rendered":"<p>Por. Victor Garrido Peralta Pacientemente siguen padeciendo nuestros coterr\u00e1neos de la indolencia de los que mucho dicen y poco hacen. Contemplan a los-corruptos y corruptores-con asombro mientras se enteran del descarado derroche y exhibici\u00f3n de riquezas que con su dinero estos realizan. Sufren las consecuencias de la utilizaci\u00f3n inhumana de los recursos de todos(as) al [&hellip;]<\/p>\n","protected":false},"author":3,"featured_media":0,"comment_status":"open","ping_status":"open","sticky":false,"template":"","format":"standard","meta":{"footnotes":""},"categories":[22],"tags":[],"class_list":["post-171926","post","type-post","status-publish","format-standard","hentry","category-politica"],"_links":{"self":[{"href":"https:\/\/diariodominicano.com\/index.php?rest_route=\/wp\/v2\/posts\/171926","targetHints":{"allow":["GET"]}}],"collection":[{"href":"https:\/\/diariodominicano.com\/index.php?rest_route=\/wp\/v2\/posts"}],"about":[{"href":"https:\/\/diariodominicano.com\/index.php?rest_route=\/wp\/v2\/types\/post"}],"author":[{"embeddable":true,"href":"https:\/\/diariodominicano.com\/index.php?rest_route=\/wp\/v2\/users\/3"}],"replies":[{"embeddable":true,"href":"https:\/\/diariodominicano.com\/index.php?rest_route=%2Fwp%2Fv2%2Fcomments&post=171926"}],"version-history":[{"count":0,"href":"https:\/\/diariodominicano.com\/index.php?rest_route=\/wp\/v2\/posts\/171926\/revisions"}],"wp:attachment":[{"href":"https:\/\/diariodominicano.com\/index.php?rest_route=%2Fwp%2Fv2%2Fmedia&parent=171926"}],"wp:term":[{"taxonomy":"category","embeddable":true,"href":"https:\/\/diariodominicano.com\/index.php?rest_route=%2Fwp%2Fv2%2Fcategories&post=171926"},{"taxonomy":"post_tag","embeddable":true,"href":"https:\/\/diariodominicano.com\/index.php?rest_route=%2Fwp%2Fv2%2Ftags&post=171926"}],"curies":[{"name":"wp","href":"https:\/\/api.w.org\/{rel}","templated":true}]}}