{"id":171921,"date":"2017-11-06T02:29:53","date_gmt":"2017-11-06T02:29:53","guid":{"rendered":"http:\/\/diariodominicano.ddns.net\/?p=171921"},"modified":"2017-11-06T02:29:53","modified_gmt":"2017-11-06T02:29:53","slug":"marcha-verde-denuncia-corrupcion-y-narcotrafico-en-la-frontera","status":"publish","type":"post","link":"https:\/\/diariodominicano.com\/?p=171921","title":{"rendered":"Marcha Verde denuncia corrupci\u00f3n y narcotr\u00e1fico en la frontera"},"content":{"rendered":"<p><body><\/p>\n<p><img decoding=\"async\" src=\"img3\/e0fd8663-marcha-verde.jpg\" \/>  <\/p>\n<p><strong>Pide investigar al ex ministro Tem\u00edstocles Mont\u00e1s y al senador Tommy Gal\u00e1n<\/strong><\/p>\n<\/p>\n<p>SAN CRISTOBAL, 5 de noviembre de 2017.- Marcha Verde denunci\u00f3 hoy \u00abla inmensa estructura de corrupci\u00f3n pol\u00edtica y militar\u00bb que a diario convierte a la frontera en una puerta abierta al narcotr\u00e1fico, al contrabando de armas y art\u00edculos comerciales, a la trata de personas, la inmigraci\u00f3n indocumentada y a la violaci\u00f3n sistem\u00e1tica de la dignidad humana.<\/p>\n<\/p>\n<p>Ante los participantes de la marcha en la L\u00ednea Noroeste, en la ciudad de Mao, el colectivo asegur\u00f3 que las mafias de pol\u00edticos, funcionarios y militares operan impunemente en la frontera y en los puntos de chequeo fronterizo con el conocimiento y el respaldo directo o indirecto de las m\u00e1s altas instancias del Gobierno del presidente Danilo Medina.<\/p>\n<\/p>\n<p>Seg\u00fan el movimiento, la delincuencia pol\u00edtica y militar tambi\u00e9n permite, a cambio de sobornos, la depredaci\u00f3n de los bosques y dem\u00e1s recursos naturales de la frontera, comprometiendo con esta degradaci\u00f3n la sostenibilidad de nuestras comunidades y del resto de la Rep\u00fablica.<\/p>\n<\/p>\n<p>\u00abDenunciamos la corrupci\u00f3n imperante en el proceso de contrataci\u00f3n y construcci\u00f3n del Acueducto del Noroeste y del Acueducto de Sabaneta, los cuales se han convertido en fuente de enriquecimiento de directivos del Instituto Nacional de Aguas Potables y Alcantarillado y del Instituto Nacional de Recursos Hidr\u00e1ulicos\u00bb, destac\u00f3 Marcha Verde en el manifiesto le\u00eddo en la L\u00ednea Noroeste, en el cual condena \u00abla proliferaci\u00f3n de botellas o personas que cobran sin trabajar en la n\u00f3mina clientelar del Ministerio de Educaci\u00f3n para las provincias del Noroeste, adem\u00e1s de la p\u00e9sima calidad de planteles reci\u00e9n construidos, lo que constituye un robo de los recursos del 4% y un gran enga\u00f1o de la denominada Revoluci\u00f3n Educativa\u00bb.<\/p>\n<\/p>\n<p>En la marcha se demand\u00f3 una asistencia p\u00fablica real, y no medi\u00e1tica, para las familias y productores agropecuarios afectados por las inundaciones provocadas por los ciclones Irma y Mar\u00eda.<\/p>\n<\/p>\n<p>Tambi\u00e9n la Marcha Verde realizada en la provincia San Crist\u00f3bal exigi\u00f3 una investigaci\u00f3n independiente del enriquecimiento del exministro Juan Tem\u00edstocles Mont\u00e1s y del senador Tommy Gal\u00e1n, por considerar que los mismos forman parte del entramado de corrupci\u00f3n e impunidad del caso Odebrecht.<\/p>\n<\/p>\n<p>En la proclama de la marcha provincial se demand\u00f3 al Senado de la Rep\u00fablica una explicaci\u00f3n sobre el manejo que Tommy Gal\u00e1n ha dado a fondos aprobados por el Congreso para invertir en la provincia.<\/p>\n<\/p>\n<p>Adem\u00e1s, en el evento los sancristobalenses se\u00f1alaron a la corrupci\u00f3n y a la impunidad como grandes responsables del estancamiento, el poco desarrollo y la falta de oportunidades que ha tenido la provincia desde que fuera el escenario para la firma y proclamaci\u00f3n de la primera Carga Magna del pa\u00eds, hace 173 a\u00f1os.<\/p>\n<\/p>\n<p>\u00abEn definitiva, en el aniversario 173 de la constituci\u00f3n, los presentes en esta manifestaci\u00f3n juramos defender nuestro derecho a no ser dirigido por delincuentes y matones, a ser informados del uso de los recursos que manejan los alcaldes, el senador y los diputados\u00bb. <\/p>\n<p>En un comunicado oficial, Marcha Verde asegur\u00f3 que la realizaci\u00f3n de marchas simult\u00e1neas en Mao y San Crist\u00f3bal es una muestra indiscutible del fortalecimiento del movimiento y de la decisi\u00f3n del pueblo dominicano de terminar con el r\u00e9gimen de corrupci\u00f3n e impunidad que degrada al pa\u00eds.<\/p>\n<p>(elCaribe 5 de noviembre 2017)<\/p>\n<\/p>\n<h6> 2017-11-06 02:29:53 <\/h6>\n<p><!--\n<link rel=\"stylesheet\" href=\"css\/bootstrap.min.css\">\n\n\n<ul class=\"pagination\">\n\t    \n\t\n\n<li >\n\t<a href='?page_no=7178'>Previous<\/a>\n\t<\/li>\n\n\n       \n    \n\n<li><a href='?page_no=1'>1<\/a><\/li>\n\n\n\n<li><a href='?page_no=2'>2<\/a><\/li>\n\n\n\n<li><a>...<\/a><\/li>\n\n\n\n<li><a href='?page_no=7177'>7177<\/a><\/li>\n\n\n\n<li><a href='?page_no=7178'>7178<\/a><\/li>\n\n\n\n<li class='active'><a>7179<\/a><\/li>\n\n\n\n<li><a href='?page_no=7180'>7180<\/a><\/li>\n\n\n\n<li><a href='?page_no=7181'>7181<\/a><\/li>\n\n\n\n<li><a>...<\/a><\/li>\n\n\n\n<li><a href='?page_no=36999'>36999<\/a><\/li>\n\n\n\n<li><a href='?page_no=37000'>37000<\/a><\/li>\n\n    \n\t\n\n<li >\n\t<a href='?page_no=7180'>Next<\/a>\n\t<\/li>\n\n\n    \n\n<li><a href='?page_no=37000'>Last &rsaquo;&rsaquo;<\/a><\/li>\n\n<\/ul>\n\n\n--><br \/>\n<\/body><\/p>\n","protected":false},"excerpt":{"rendered":"<p>Pide investigar al ex ministro Tem\u00edstocles Mont\u00e1s y al senador Tommy Gal\u00e1n SAN CRISTOBAL, 5 de noviembre de 2017.- Marcha Verde denunci\u00f3 hoy \u00abla inmensa estructura de corrupci\u00f3n pol\u00edtica y militar\u00bb que a diario convierte a la frontera en una puerta abierta al narcotr\u00e1fico, al contrabando de armas y art\u00edculos comerciales, a la trata de [&hellip;]<\/p>\n","protected":false},"author":3,"featured_media":0,"comment_status":"open","ping_status":"open","sticky":false,"template":"","format":"standard","meta":{"footnotes":""},"categories":[22],"tags":[],"class_list":["post-171921","post","type-post","status-publish","format-standard","hentry","category-politica"],"_links":{"self":[{"href":"https:\/\/diariodominicano.com\/index.php?rest_route=\/wp\/v2\/posts\/171921","targetHints":{"allow":["GET"]}}],"collection":[{"href":"https:\/\/diariodominicano.com\/index.php?rest_route=\/wp\/v2\/posts"}],"about":[{"href":"https:\/\/diariodominicano.com\/index.php?rest_route=\/wp\/v2\/types\/post"}],"author":[{"embeddable":true,"href":"https:\/\/diariodominicano.com\/index.php?rest_route=\/wp\/v2\/users\/3"}],"replies":[{"embeddable":true,"href":"https:\/\/diariodominicano.com\/index.php?rest_route=%2Fwp%2Fv2%2Fcomments&post=171921"}],"version-history":[{"count":0,"href":"https:\/\/diariodominicano.com\/index.php?rest_route=\/wp\/v2\/posts\/171921\/revisions"}],"wp:attachment":[{"href":"https:\/\/diariodominicano.com\/index.php?rest_route=%2Fwp%2Fv2%2Fmedia&parent=171921"}],"wp:term":[{"taxonomy":"category","embeddable":true,"href":"https:\/\/diariodominicano.com\/index.php?rest_route=%2Fwp%2Fv2%2Fcategories&post=171921"},{"taxonomy":"post_tag","embeddable":true,"href":"https:\/\/diariodominicano.com\/index.php?rest_route=%2Fwp%2Fv2%2Ftags&post=171921"}],"curies":[{"name":"wp","href":"https:\/\/api.w.org\/{rel}","templated":true}]}}