{"id":171918,"date":"2017-11-06T12:50:51","date_gmt":"2017-11-06T12:50:51","guid":{"rendered":"http:\/\/diariodominicano.ddns.net\/?p=171918"},"modified":"2017-11-06T12:50:51","modified_gmt":"2017-11-06T12:50:51","slug":"dirigente-peledeista-en-ny-aboga-por-primarias-abiertas-y-simultaneas-en-los-partidos-politicos","status":"publish","type":"post","link":"https:\/\/diariodominicano.com\/?p=171918","title":{"rendered":"Dirigente peledeista en NY aboga por primarias abiertas y simult\u00e1neas en los partidos pol\u00edticos"},"content":{"rendered":"<p><body><\/p>\n<p><img decoding=\"async\" src=\"img3\/pldprima.jpg\" \/>  <\/p>\n<p>Por Luis An\u00edbal Medrano S.<\/p>\n<\/p>\n<p><strong>NUEVA YORK-<\/strong> V\u00edctor Acosta, dirigente pol\u00edtico y activista comunitario radicado aqu\u00ed, asegur\u00f3 que existen muchas razones para abogar por la realizaci\u00f3n de primarias abiertas simult\u00e1neas en los partidos pol\u00edticos dominicanos como modelo actualizado, justo y democr\u00e1tico.<\/p>\n<\/p>\n<p>Acosta record\u00f3 que esa pr\u00e1ctica del padr\u00f3n cerrado data de los tiempos del Comunismo y la Guerra Fr\u00eda y estos son parte del pasado, por lo que el m\u00e9todo de elecci\u00f3n con padr\u00f3n cerrado a lo interno de los partidos debe ser tambi\u00e9n parte del pasado. <\/p>\n<\/p>\n<p>El dirigente pol\u00edtico considera que las ense\u00f1anzas que se saca de esa vieja pr\u00e1ctica es que lo m\u00e1s importante es el pa\u00eds y sus ciudadanos y no un partido pol\u00edtico o una organizaci\u00f3n social, siendo de opini\u00f3n que no solamente se debe escuchar la voz del pueblo, sino, sentir sus latidos, por lo que a su juicio lleg\u00f3 la hora de que se le d\u00e9 una respuesta contundente a su voz y a su sentir.<\/p>\n<\/p>\n<p>Asever\u00f3 que unas primarias simult\u00e1neas con el padr\u00f3n de la Junta Central Electoral le conceden al pueblo el derecho a elegir y ser elegido a cargos a lo interno y externo de los partidos y tambi\u00e9n detendr\u00edan el rumbo de estos, evitando que contin\u00faen transitando por el camino hacia un precipicio oscuro y tenebroso.<\/p>\n<\/p>\n<p>Acosta explic\u00f3 que con las primarias simult\u00e1neas se evitar\u00eda votar por candidatos de otros partidos porque la persona s\u00f3lo cuenta con un voto, se evitar\u00eda la reserva de candidaturas, lo que motivar\u00eda el surgimiento de nuevos prospectos pol\u00edticos que serian valorados positivamente y as\u00ed recuperar la confianza y el liderazgo perdido por el comportamiento de muchos pol\u00edticos.<\/p>\n<\/p>\n<p>De igual manera se evitar\u00edan incidentes penosos y bochornosos como lo que se han registrado en los \u00faltimos a\u00f1os en las recientes convenciones internas, del mismo modo la vieja pr\u00e1ctica de la compra de c\u00e9dula y candidaturas de perfiles dudosos ser\u00eda cosas del pasado, porque se tendr\u00eda que compra a todo un pueblo que se concientiza y que viene exigiendo diafanidad en el ejercicio pol\u00edtico. <\/p>\n<\/p>\n<p>\u00abLas candidaturas de perfiles dudosos estar\u00edan m\u00e1s expuestas a la sociedad y a los partidos y estos en conjunto tendr\u00e1n una mejor visi\u00f3n y criterio de la vida personal y pol\u00edtica de estas cuestionadas aspiraciones\u00bb, argument\u00f3 V\u00edctor Acosta. <\/p>\n<\/p>\n<p>Advirti\u00f3 que en la \u00faltima medici\u00f3n que realiz\u00f3 la firma Mark Penn arroj\u00f3 que el 58 por ciento de los ciudadanos se declar\u00f3 independiente, una cifra realmente alarmante en torno a la credibilidad de la clase pol\u00edtica dominicana, con excepci\u00f3n de algunos pol\u00edticos que fueron altamente valorados, como son el presidente Danilo Medina y la vicepresidenta Margarita Cede\u00f1o de Fern\u00e1ndez. <\/p>\n<\/p>\n<p>\u00abEse porcentaje de independientes no pueden ser ignorados por los partidos pol\u00edticos, estos deben de asumir la responsabilidad y el costo pol\u00edtico que esto trae consigo, ya que de seguir as\u00ed en esa tendencia, se podr\u00eda llegar a un punto de descr\u00e9dito irreparable para la clase pol\u00edtica\u00bb consider\u00f3 Acosta.<\/p>\n<\/p>\n<p>Dijo que a trav\u00e9s del tiempo han existido acciones injustas en las primarias de los partidos pol\u00edticos dominicanos, llamando poderosamente la atenci\u00f3n el referente de un connotado dirigente reformista que en su circunscripci\u00f3n fue el m\u00e1s votado y escogido como candidato a diputado en la posici\u00f3n n\u00famero uno por su partido y que sin embargo, a pesar de su alta votaci\u00f3n fue desplazado a la posici\u00f3n diez en la boleta electoral por asunto de \u00abjerarqu\u00eda\u00bb, cercenando la voluntad del pueblo y no conforme con eso se le prohibi\u00f3 descollar como el diputado m\u00e1s joven de su partido.<\/p>\n<\/p>\n<p>\u00abEs de rigor y necesario, la implantaci\u00f3n de las primarias abiertas y simult\u00e1neas a lo interno de los partidos pol\u00edticos para contribuir al adecentamiento total de esta pr\u00e1ctica en la Rep\u00fablica Dominicana y as\u00ed cumplir con la creciente demanda de un pueblo que observa con ojeriza las actuaciones de la mayor\u00eda de los pol\u00edticos del pa\u00eds\u00bb, advirti\u00f3.  <\/p>\n<\/p>\n<p>Por \u00faltimo este alab\u00f3 el trabajo que viene realizando la comisi\u00f3n bicameral del Congreso Dominicano que viene laborando y consensuando los puntos neur\u00e1lgicos para lograr unas leyes que rijan los partidos y las elecciones acorde a los nuevos tiempos, resaltando los porcentajes de la juventud y la mujer  en reconocimiento al valor de estos dos segmentos de la sociedad  en la coyuntura hist\u00f3rica actual.<\/p>\n<h6> 2017-11-06 12:50:51 <\/h6>\n<p><!--\n<link rel=\"stylesheet\" href=\"css\/bootstrap.min.css\">\n\n\n<ul class=\"pagination\">\n\t    \n\t\n\n<li >\n\t<a href='?page_no=7175'>Previous<\/a>\n\t<\/li>\n\n\n       \n    \n\n<li><a href='?page_no=1'>1<\/a><\/li>\n\n\n\n<li><a href='?page_no=2'>2<\/a><\/li>\n\n\n\n<li><a>...<\/a><\/li>\n\n\n\n<li><a href='?page_no=7174'>7174<\/a><\/li>\n\n\n\n<li><a href='?page_no=7175'>7175<\/a><\/li>\n\n\n\n<li class='active'><a>7176<\/a><\/li>\n\n\n\n<li><a href='?page_no=7177'>7177<\/a><\/li>\n\n\n\n<li><a href='?page_no=7178'>7178<\/a><\/li>\n\n\n\n<li><a>...<\/a><\/li>\n\n\n\n<li><a href='?page_no=36999'>36999<\/a><\/li>\n\n\n\n<li><a href='?page_no=37000'>37000<\/a><\/li>\n\n    \n\t\n\n<li >\n\t<a href='?page_no=7177'>Next<\/a>\n\t<\/li>\n\n\n    \n\n<li><a href='?page_no=37000'>Last &rsaquo;&rsaquo;<\/a><\/li>\n\n<\/ul>\n\n\n--><br \/>\n<\/body><\/p>\n","protected":false},"excerpt":{"rendered":"<p>Por Luis An\u00edbal Medrano S. NUEVA YORK- V\u00edctor Acosta, dirigente pol\u00edtico y activista comunitario radicado aqu\u00ed, asegur\u00f3 que existen muchas razones para abogar por la realizaci\u00f3n de primarias abiertas simult\u00e1neas en los partidos pol\u00edticos dominicanos como modelo actualizado, justo y democr\u00e1tico. Acosta record\u00f3 que esa pr\u00e1ctica del padr\u00f3n cerrado data de los tiempos del Comunismo [&hellip;]<\/p>\n","protected":false},"author":3,"featured_media":0,"comment_status":"open","ping_status":"open","sticky":false,"template":"","format":"standard","meta":{"footnotes":""},"categories":[22],"tags":[],"class_list":["post-171918","post","type-post","status-publish","format-standard","hentry","category-politica"],"_links":{"self":[{"href":"https:\/\/diariodominicano.com\/index.php?rest_route=\/wp\/v2\/posts\/171918","targetHints":{"allow":["GET"]}}],"collection":[{"href":"https:\/\/diariodominicano.com\/index.php?rest_route=\/wp\/v2\/posts"}],"about":[{"href":"https:\/\/diariodominicano.com\/index.php?rest_route=\/wp\/v2\/types\/post"}],"author":[{"embeddable":true,"href":"https:\/\/diariodominicano.com\/index.php?rest_route=\/wp\/v2\/users\/3"}],"replies":[{"embeddable":true,"href":"https:\/\/diariodominicano.com\/index.php?rest_route=%2Fwp%2Fv2%2Fcomments&post=171918"}],"version-history":[{"count":0,"href":"https:\/\/diariodominicano.com\/index.php?rest_route=\/wp\/v2\/posts\/171918\/revisions"}],"wp:attachment":[{"href":"https:\/\/diariodominicano.com\/index.php?rest_route=%2Fwp%2Fv2%2Fmedia&parent=171918"}],"wp:term":[{"taxonomy":"category","embeddable":true,"href":"https:\/\/diariodominicano.com\/index.php?rest_route=%2Fwp%2Fv2%2Fcategories&post=171918"},{"taxonomy":"post_tag","embeddable":true,"href":"https:\/\/diariodominicano.com\/index.php?rest_route=%2Fwp%2Fv2%2Ftags&post=171918"}],"curies":[{"name":"wp","href":"https:\/\/api.w.org\/{rel}","templated":true}]}}