{"id":171916,"date":"2017-11-06T20:29:33","date_gmt":"2017-11-06T20:29:33","guid":{"rendered":"http:\/\/diariodominicano.ddns.net\/?p=171916"},"modified":"2017-11-06T20:29:33","modified_gmt":"2017-11-06T20:29:33","slug":"fjt-llama-a-dominicanos-a-empoderarse-y-exigir-sus-derechos-en-173-aniversario-de-la-constitucion","status":"publish","type":"post","link":"https:\/\/diariodominicano.com\/?p=171916","title":{"rendered":"FJT llama a dominicanos a empoderarse y exigir sus derechos en 173 aniversario de la Constituci\u00f3n"},"content":{"rendered":"<p><body><\/p>\n<p><img decoding=\"async\" src=\"img3\/TVP. PTE FJT..jpg\" \/>  <\/p>\n<p><strong><span class=\"text1noticias\">SANTO DOMINGO, Rep\u00fablica Dominicana, 6 de noviembre de 2017.- <\/span><\/strong><span class=\"text1noticias\">La Fundaci\u00f3n Justicia y Transparencia (FJT), en ocasi\u00f3n de conmemorarse el 173 aniversario de la Constituci\u00f3n Dominicana, pidi\u00f3 este lunes a los dominicanos el empoderarse y exigir sus derechos, en consonancia con los dictados de la carta magna, como \u00fanica garant\u00eda de la institucionalidad y la gobernanza democr\u00e1tica en beneficio de la colectividad.<\/span><\/p>\n<\/p>\n<p><span class=\"text1noticias\">En una declaraci\u00f3n de prensa el presidente de Justicia y Transparencia, Trajano Potentini,  demand\u00f3 de las autoridades competentes, Ministerio de Educaci\u00f3n, Ministerio de Educaci\u00f3n Superior Ciencia y Tecnolog\u00eda y Tribunal Constitucional, el hacer valer y cumplir las disposiciones del art\u00edculo 63 numeral 13 de la Constituci\u00f3n cuando dispone; bajo el ep\u00edgrafe Derecho a la Educaci\u00f3n que: Con la finalidad de formar ciudadanas y ciudadanos conscientes de sus derechos y deberes, en todas las instituciones de educaci\u00f3n p\u00fablica y privada, ser\u00e1n obligatorias la instrucci\u00f3n en la formaci\u00f3n social y c\u00edvica, la ense\u00f1anza de la Constituci\u00f3n, de los derechos y garant\u00edas fundamentales, de los valores patrios y de los principios de convivencia pac\u00edfica.<\/span><\/p>\n<\/p>\n<p><span class=\"text1noticias\">En consecuencia, Potentini entiende que la medida debe hacerse extensiva a las universidades y colegios privados, para con ello honrar efectivamente el voto constitucional del art\u00edculo 63.13, el cual tambi\u00e9n incluye a las universidades y a los colegios privados.<\/span><\/p>\n<\/p>\n<p><span class=\"text1noticias\">Considera que la difusi\u00f3n y conocimiento de la Constituci\u00f3n, servir\u00e1 para forjar una ciudadan\u00eda m\u00e1s consciente de sus derechos y deberes, propiciando un despertar ciudadano y empoderamiento c\u00edvico, el cual llevar\u00e1 al pueblo a reclamar en todos los escenarios sus derechos, con ello honrando las palabras lapidarias del profesor Juan Bosch, cuando dec\u00eda que: Los derechos son como una tuber\u00eda, si no se usan se tapan.<\/span><\/p>\n<p><span class=\"text1noticias\"> <\/span><\/p>\n<p><span class=\"text1noticias\">FJT reclama de la clase pol\u00edtica no dejar que la constituci\u00f3n se convierta en un pedazo de papel<\/span><\/p>\n<\/p>\n<p><span class=\"text1noticias\">Justicia y Transparencia ve como el reto fundamental y reclama de la clase pol\u00edtica dominicana, el concretar y hacer efectivo las conquistas constitucionales plasmadas en nuestra Carta Magna en el plano social, democr\u00e1tico y jur\u00eddico con la novedosa y revolucionaria adopci\u00f3n en su art\u00edculo 7 del denominado Estado Social y Democr\u00e1tico de Derecho, supeditando de entrada al resto del ordenamiento constitucional como valores y principios supremos, la dignidad humana, los derechos fundamentales; as\u00ed como todos aquellos temas estructurales e institucionales que propendan a priorizar a las personas como destinatarios naturales de las responsabilidades inherentes al Estado a la hora de procurar el bienestar com\u00fan, la igualdad, la justicia social, la libertad, el imperio de la ley y la convivencia pac\u00edfica en el seno de la sociedad.<\/span><\/p>\n<\/p>\n<p><span class=\"text1noticias\">Potentini entiende que las m\u00faltiples tareas y compromisos pendientes de cara a la implementaci\u00f3n de la nueva constituci\u00f3n, empa\u00f1an la institucionalidad y el clima democr\u00e1tico del pa\u00eds, emergiendo con ello el temor y la fundada preocupaci\u00f3n de que estemos en presencia de una constituci\u00f3n meramente formal (un pedazo de papel) al servicio de la clase pol\u00edtica para justificar y legalizar el ejercicio del poder.<\/span><\/p>\n<p><span class=\"text1noticias\"> <\/span><\/p>\n<p><span class=\"text1noticias\">La FJT  hace votos para que como sociedad dominicana vivamos en constituci\u00f3n, respet\u00e1ndola y honr\u00e1ndola, como \u00fanica garant\u00eda de justicia social, gobernabilidad e institucionalidad democr\u00e1tica.<\/span><\/p>\n<\/p>\n<h6> 2017-11-06 20:29:33 <\/h6>\n<p><!--\n<link rel=\"stylesheet\" href=\"css\/bootstrap.min.css\">\n\n\n<ul class=\"pagination\">\n\t    \n\t\n\n<li >\n\t<a href='?page_no=7173'>Previous<\/a>\n\t<\/li>\n\n\n       \n    \n\n<li><a href='?page_no=1'>1<\/a><\/li>\n\n\n\n<li><a href='?page_no=2'>2<\/a><\/li>\n\n\n\n<li><a>...<\/a><\/li>\n\n\n\n<li><a href='?page_no=7172'>7172<\/a><\/li>\n\n\n\n<li><a href='?page_no=7173'>7173<\/a><\/li>\n\n\n\n<li class='active'><a>7174<\/a><\/li>\n\n\n\n<li><a href='?page_no=7175'>7175<\/a><\/li>\n\n\n\n<li><a href='?page_no=7176'>7176<\/a><\/li>\n\n\n\n<li><a>...<\/a><\/li>\n\n\n\n<li><a href='?page_no=36999'>36999<\/a><\/li>\n\n\n\n<li><a href='?page_no=37000'>37000<\/a><\/li>\n\n    \n\t\n\n<li >\n\t<a href='?page_no=7175'>Next<\/a>\n\t<\/li>\n\n\n    \n\n<li><a href='?page_no=37000'>Last &rsaquo;&rsaquo;<\/a><\/li>\n\n<\/ul>\n\n\n--><br \/>\n<\/body><\/p>\n","protected":false},"excerpt":{"rendered":"<p>SANTO DOMINGO, Rep\u00fablica Dominicana, 6 de noviembre de 2017.- La Fundaci\u00f3n Justicia y Transparencia (FJT), en ocasi\u00f3n de conmemorarse el 173 aniversario de la Constituci\u00f3n Dominicana, pidi\u00f3 este lunes a los dominicanos el empoderarse y exigir sus derechos, en consonancia con los dictados de la carta magna, como \u00fanica garant\u00eda de la institucionalidad y la [&hellip;]<\/p>\n","protected":false},"author":3,"featured_media":0,"comment_status":"open","ping_status":"open","sticky":false,"template":"","format":"standard","meta":{"footnotes":""},"categories":[22],"tags":[],"class_list":["post-171916","post","type-post","status-publish","format-standard","hentry","category-politica"],"_links":{"self":[{"href":"https:\/\/diariodominicano.com\/index.php?rest_route=\/wp\/v2\/posts\/171916","targetHints":{"allow":["GET"]}}],"collection":[{"href":"https:\/\/diariodominicano.com\/index.php?rest_route=\/wp\/v2\/posts"}],"about":[{"href":"https:\/\/diariodominicano.com\/index.php?rest_route=\/wp\/v2\/types\/post"}],"author":[{"embeddable":true,"href":"https:\/\/diariodominicano.com\/index.php?rest_route=\/wp\/v2\/users\/3"}],"replies":[{"embeddable":true,"href":"https:\/\/diariodominicano.com\/index.php?rest_route=%2Fwp%2Fv2%2Fcomments&post=171916"}],"version-history":[{"count":0,"href":"https:\/\/diariodominicano.com\/index.php?rest_route=\/wp\/v2\/posts\/171916\/revisions"}],"wp:attachment":[{"href":"https:\/\/diariodominicano.com\/index.php?rest_route=%2Fwp%2Fv2%2Fmedia&parent=171916"}],"wp:term":[{"taxonomy":"category","embeddable":true,"href":"https:\/\/diariodominicano.com\/index.php?rest_route=%2Fwp%2Fv2%2Fcategories&post=171916"},{"taxonomy":"post_tag","embeddable":true,"href":"https:\/\/diariodominicano.com\/index.php?rest_route=%2Fwp%2Fv2%2Ftags&post=171916"}],"curies":[{"name":"wp","href":"https:\/\/api.w.org\/{rel}","templated":true}]}}