{"id":171914,"date":"2017-11-06T22:56:58","date_gmt":"2017-11-06T22:56:58","guid":{"rendered":"http:\/\/diariodominicano.ddns.net\/?p=171914"},"modified":"2017-11-06T22:56:58","modified_gmt":"2017-11-06T22:56:58","slug":"juncker-niega-violacion-de-espana-al-estado-de-derecho-en-cataluna","status":"publish","type":"post","link":"https:\/\/diariodominicano.com\/?p=171914","title":{"rendered":"Juncker niega violaci\u00f3n de Espa\u00f1a al Estado de Derecho en Catalu\u00f1a"},"content":{"rendered":"<p><body><\/p>\n<p><img decoding=\"async\" src=\"img3\/Jean-Claude-Juncker1.jpg\" \/>  <\/p>\n<p><strong> Bruselas, 6 nov (PL) <\/strong>El presidente de la Comisi\u00f3n Europea (CE), Jean-Claude Juncker, neg\u00f3 hoy la supuesta violaci\u00f3n del gobierno espa\u00f1ol al Estado de Derecho como respuesta al desaf\u00edo secesionista en Catalu\u00f1a.<\/p>\n<\/p>\n<p>Luego de la presentaci\u00f3n de un informe de la CE este lunes, Juncker declar\u00f3 a la prensa que la reacci\u00f3n del Ejecutivo central en Espa\u00f1a no debe ser juzgada, pues &#8216;en realidad solo veo como un desacato a la ley todo lo que se haga en contra del orden constitucional&#8217;.<\/p>\n<\/p>\n<p>Asimismo, el pol\u00edtico luxemburgu\u00e9s reiter\u00f3 su confianza en la justicia espa\u00f1ola y belga, aunque admiti\u00f3 la falta de respuesta en algunas ocasiones, de las instituciones europeas respecto al tema.<\/p>\n<\/p>\n<p>&#8216;Lo que ocurre en Catalu\u00f1a, comunidad que tiene toda mi simpat\u00eda, no concierne a Europa porque las soluciones emanan del orden constitucional y jur\u00eddico internos de Espa\u00f1a&#8217;, reafirm\u00f3.<\/p>\n<\/p>\n<p>Por otro lado, el tambi\u00e9n miembro del Partido Popular Social Cristiano rechaz\u00f3 hacer comentarios sobre la posible extradici\u00f3n a la naci\u00f3n ib\u00e9rica desde B\u00e9lgica del expresidente catal\u00e1n, Carles Puigdemont y cuatro de sus antiguos colaboradores.<\/p>\n<\/p>\n<p>Los cinco pol\u00edticos son investigados por presuntos delitos de rebeli\u00f3n, sedici\u00f3n y malversaci\u00f3n de fondos, al igual que otros ocho exconsejeros enviados el jueves a prisi\u00f3n incondicional sin fianza por la jueza de la Audiencia Nacional, Carmen Lamela.<\/p>\n<\/p>\n<p>El depuesto mandatario y sus otrora ministros rechazaron la euroorden y comparecieron la v\u00edspera de manera voluntaria ante el juez de instrucci\u00f3n, que decidi\u00f3 finalmente dejarlos libres bajo medidas cautelares.<\/p>\n<\/p>\n<p>Tras ese suceso, corresponde a otra jurisdicci\u00f3n pronunciarse sobre el cumplimiento de la orden de arresto, en los pr\u00f3ximos 15 d\u00edas.<\/p>\n<\/p>\n<p>Desde su llegada a esta capital, los dirigentes del defenestrado ejecutivo auton\u00f3mico adoptaron una estrategia de defensa consistente en denunciar lo que consideran brutal represi\u00f3n de Madrid contra el pueblo catal\u00e1n y la politizaci\u00f3n de la justicia espa\u00f1ola.<\/p>\n<\/p>\n<p>lma\/rp<\/p>\n<h6> 2017-11-06 22:56:58 <\/h6>\n<p><!--\n<link rel=\"stylesheet\" href=\"css\/bootstrap.min.css\">\n\n\n<ul class=\"pagination\">\n\t    \n\t\n\n<li >\n\t<a href='?page_no=7171'>Previous<\/a>\n\t<\/li>\n\n\n       \n    \n\n<li><a href='?page_no=1'>1<\/a><\/li>\n\n\n\n<li><a href='?page_no=2'>2<\/a><\/li>\n\n\n\n<li><a>...<\/a><\/li>\n\n\n\n<li><a href='?page_no=7170'>7170<\/a><\/li>\n\n\n\n<li><a href='?page_no=7171'>7171<\/a><\/li>\n\n\n\n<li class='active'><a>7172<\/a><\/li>\n\n\n\n<li><a href='?page_no=7173'>7173<\/a><\/li>\n\n\n\n<li><a href='?page_no=7174'>7174<\/a><\/li>\n\n\n\n<li><a>...<\/a><\/li>\n\n\n\n<li><a href='?page_no=36999'>36999<\/a><\/li>\n\n\n\n<li><a href='?page_no=37000'>37000<\/a><\/li>\n\n    \n\t\n\n<li >\n\t<a href='?page_no=7173'>Next<\/a>\n\t<\/li>\n\n\n    \n\n<li><a href='?page_no=37000'>Last &rsaquo;&rsaquo;<\/a><\/li>\n\n<\/ul>\n\n\n--><br \/>\n<\/body><\/p>\n","protected":false},"excerpt":{"rendered":"<p>Bruselas, 6 nov (PL) El presidente de la Comisi\u00f3n Europea (CE), Jean-Claude Juncker, neg\u00f3 hoy la supuesta violaci\u00f3n del gobierno espa\u00f1ol al Estado de Derecho como respuesta al desaf\u00edo secesionista en Catalu\u00f1a. Luego de la presentaci\u00f3n de un informe de la CE este lunes, Juncker declar\u00f3 a la prensa que la reacci\u00f3n del Ejecutivo central [&hellip;]<\/p>\n","protected":false},"author":3,"featured_media":0,"comment_status":"open","ping_status":"open","sticky":false,"template":"","format":"standard","meta":{"footnotes":""},"categories":[22],"tags":[],"class_list":["post-171914","post","type-post","status-publish","format-standard","hentry","category-politica"],"_links":{"self":[{"href":"https:\/\/diariodominicano.com\/index.php?rest_route=\/wp\/v2\/posts\/171914","targetHints":{"allow":["GET"]}}],"collection":[{"href":"https:\/\/diariodominicano.com\/index.php?rest_route=\/wp\/v2\/posts"}],"about":[{"href":"https:\/\/diariodominicano.com\/index.php?rest_route=\/wp\/v2\/types\/post"}],"author":[{"embeddable":true,"href":"https:\/\/diariodominicano.com\/index.php?rest_route=\/wp\/v2\/users\/3"}],"replies":[{"embeddable":true,"href":"https:\/\/diariodominicano.com\/index.php?rest_route=%2Fwp%2Fv2%2Fcomments&post=171914"}],"version-history":[{"count":0,"href":"https:\/\/diariodominicano.com\/index.php?rest_route=\/wp\/v2\/posts\/171914\/revisions"}],"wp:attachment":[{"href":"https:\/\/diariodominicano.com\/index.php?rest_route=%2Fwp%2Fv2%2Fmedia&parent=171914"}],"wp:term":[{"taxonomy":"category","embeddable":true,"href":"https:\/\/diariodominicano.com\/index.php?rest_route=%2Fwp%2Fv2%2Fcategories&post=171914"},{"taxonomy":"post_tag","embeddable":true,"href":"https:\/\/diariodominicano.com\/index.php?rest_route=%2Fwp%2Fv2%2Ftags&post=171914"}],"curies":[{"name":"wp","href":"https:\/\/api.w.org\/{rel}","templated":true}]}}