{"id":171913,"date":"2017-11-07T12:27:56","date_gmt":"2017-11-07T12:27:56","guid":{"rendered":"http:\/\/diariodominicano.ddns.net\/?p=171913"},"modified":"2017-11-07T12:27:56","modified_gmt":"2017-11-07T12:27:56","slug":"presidente-de-los-diputados-confirma-eliminaran-exoneraciones-para-vehiculos","status":"publish","type":"post","link":"https:\/\/diariodominicano.com\/?p=171913","title":{"rendered":"Presidente de los diputados confirma eliminar\u00e1n exoneraciones para veh\u00edculos"},"content":{"rendered":"<p><body><\/p>\n<p><img decoding=\"async\" src=\"img3\/ruben.jpg\" \/>  <\/p>\n<p>El presidente de la C\u00e1mara de Diputados y miembro del Comit\u00e9 Central del Partido de la Liberaci\u00f3n Dominicana, Rub\u00e9n Maldonado, dijo que el proyecto de ley para eliminar las exoneraciones de veh\u00edculos a los legisladores ser\u00e1 sometido la pr\u00f3xima semana.<\/p>\n<\/p>\n<p>Maldonado, diputado del PLD por la provincia Santo Domingo, asegur\u00f3 que este proyecto pasar\u00e1 sin contratiempos porque fue consensuado con los voceros de las diferentes bancadas y que igualmente espera suceda en el Senado.<\/p>\n<\/p>\n<p>\u00abHemos decidido someter un proyecto para derogar la Ley 5596 que consigna una exoneraci\u00f3n abierta para los legisladores. No es una decisi\u00f3n de Rub\u00e9n Maldonado sino de los congresistas\u00bb, declar\u00f3 Maldonado al comparecer en el programa El Sol de la Ma\u00f1ana, referido por la Secretar\u00eda de Comunicaciones del PLD.<\/p>\n<\/p>\n<p>Entiende que esta ley vendr\u00eda a resolver un cuestionamiento y cr\u00edtica permanente de diferentes sectores de la sociedad a los diputados y senadores de la Rep\u00fablica Dominicana.<\/p>\n<\/p>\n<p>Inform\u00f3 que han dise\u00f1ado un proyecto que tiene como objetivo una crear una simbiosis de las dos partes, \u00abes decir, una colaboraci\u00f3n de la C\u00e1mara de Diputados, del gobierno central y la participaci\u00f3n directa del diputado.<\/p>\n<\/p>\n<p>\u00abEl Estado dominicano que participe en un veh\u00edculo de 40 a 100 mil dolores por ejemplo, que puede ser un 40, 50 o 60 por ciento, y el propietario de un 30 a un 40 por ciento.  Eso significa que el Estado va a gastar 600 o 700 millones pero va a recibir 2, 500\u00bb.<\/p>\n<\/p>\n<p>Aclar\u00f3 que no se puede eliminar de manera definitiva puesto que los diputados y senadores son funcionarios p\u00fablicos que le rinden una labor al Estado y que incluso muchos de ellos tienen que viajar desde provincias lejanas. \u00abSer\u00e1 una sola exoneraci\u00f3n cada cuatro a\u00f1os y no incluir\u00e1 veh\u00edculos de lujo\u00bb.<\/p>\n<h6> 2017-11-07 12:27:56 <\/h6>\n<p><!--\n<link rel=\"stylesheet\" href=\"css\/bootstrap.min.css\">\n\n\n<ul class=\"pagination\">\n\t    \n\t\n\n<li >\n\t<a href='?page_no=7170'>Previous<\/a>\n\t<\/li>\n\n\n       \n    \n\n<li><a href='?page_no=1'>1<\/a><\/li>\n\n\n\n<li><a href='?page_no=2'>2<\/a><\/li>\n\n\n\n<li><a>...<\/a><\/li>\n\n\n\n<li><a href='?page_no=7169'>7169<\/a><\/li>\n\n\n\n<li><a href='?page_no=7170'>7170<\/a><\/li>\n\n\n\n<li class='active'><a>7171<\/a><\/li>\n\n\n\n<li><a href='?page_no=7172'>7172<\/a><\/li>\n\n\n\n<li><a href='?page_no=7173'>7173<\/a><\/li>\n\n\n\n<li><a>...<\/a><\/li>\n\n\n\n<li><a href='?page_no=36999'>36999<\/a><\/li>\n\n\n\n<li><a href='?page_no=37000'>37000<\/a><\/li>\n\n    \n\t\n\n<li >\n\t<a href='?page_no=7172'>Next<\/a>\n\t<\/li>\n\n\n    \n\n<li><a href='?page_no=37000'>Last &rsaquo;&rsaquo;<\/a><\/li>\n\n<\/ul>\n\n\n--><br \/>\n<\/body><\/p>\n","protected":false},"excerpt":{"rendered":"<p>El presidente de la C\u00e1mara de Diputados y miembro del Comit\u00e9 Central del Partido de la Liberaci\u00f3n Dominicana, Rub\u00e9n Maldonado, dijo que el proyecto de ley para eliminar las exoneraciones de veh\u00edculos a los legisladores ser\u00e1 sometido la pr\u00f3xima semana. Maldonado, diputado del PLD por la provincia Santo Domingo, asegur\u00f3 que este proyecto pasar\u00e1 sin [&hellip;]<\/p>\n","protected":false},"author":3,"featured_media":0,"comment_status":"open","ping_status":"open","sticky":false,"template":"","format":"standard","meta":{"footnotes":""},"categories":[22],"tags":[],"class_list":["post-171913","post","type-post","status-publish","format-standard","hentry","category-politica"],"_links":{"self":[{"href":"https:\/\/diariodominicano.com\/index.php?rest_route=\/wp\/v2\/posts\/171913","targetHints":{"allow":["GET"]}}],"collection":[{"href":"https:\/\/diariodominicano.com\/index.php?rest_route=\/wp\/v2\/posts"}],"about":[{"href":"https:\/\/diariodominicano.com\/index.php?rest_route=\/wp\/v2\/types\/post"}],"author":[{"embeddable":true,"href":"https:\/\/diariodominicano.com\/index.php?rest_route=\/wp\/v2\/users\/3"}],"replies":[{"embeddable":true,"href":"https:\/\/diariodominicano.com\/index.php?rest_route=%2Fwp%2Fv2%2Fcomments&post=171913"}],"version-history":[{"count":0,"href":"https:\/\/diariodominicano.com\/index.php?rest_route=\/wp\/v2\/posts\/171913\/revisions"}],"wp:attachment":[{"href":"https:\/\/diariodominicano.com\/index.php?rest_route=%2Fwp%2Fv2%2Fmedia&parent=171913"}],"wp:term":[{"taxonomy":"category","embeddable":true,"href":"https:\/\/diariodominicano.com\/index.php?rest_route=%2Fwp%2Fv2%2Fcategories&post=171913"},{"taxonomy":"post_tag","embeddable":true,"href":"https:\/\/diariodominicano.com\/index.php?rest_route=%2Fwp%2Fv2%2Ftags&post=171913"}],"curies":[{"name":"wp","href":"https:\/\/api.w.org\/{rel}","templated":true}]}}