{"id":171912,"date":"2017-11-07T20:36:57","date_gmt":"2017-11-07T20:36:57","guid":{"rendered":"http:\/\/diariodominicano.ddns.net\/?p=171912"},"modified":"2017-11-07T20:36:57","modified_gmt":"2017-11-07T20:36:57","slug":"convoca-comite-ejecutivo-nacional-cen-para-el-19-de-noviembre","status":"publish","type":"post","link":"https:\/\/diariodominicano.com\/?p=171912","title":{"rendered":"Convoca Comit\u00e9 Ejecutivo Nacional (CEN), para el 19 de noviembre"},"content":{"rendered":"<p><body><\/p>\n<p><img decoding=\"async\" src=\"img3\/MiguelVargas7.jpeg\" \/>  <\/p>\n<p><span class=\"text1noticias\">Santo Domingo, R. D., 7 de noviembre, 2017.- La Comisi\u00f3n Pol\u00edtica del Partido Revolucionario Dominicano (PRD),se reuni\u00f3 en el d\u00eda de hoy convocada por su presidente Miguel Vargas y la alta dirigencia de esa organizaci\u00f3n. <\/span><\/p>\n<p><span class=\"text1noticias\"> <\/span><\/p>\n<p><span class=\"text1noticias\">La Reuni\u00f3n que tuvo lugar en el sal\u00f3n de eventos del Restaurante Chino de Mariscos, tuvo una concurrencia del 85% de sus miembros, para fines de legalidad conforme lo establecen los estatutos, para fines de someter y aprobar la agenda de la reuni\u00f3n. <\/span><\/p>\n<p><span class=\"text1noticias\"> <\/span><\/p>\n<p><span class=\"text1noticias\">Los temas tratados en el pleno y las resoluciones aprobadas por la militancia blanca fueron los siguientes: <\/span><\/p>\n<p><span class=\"text1noticias\"> <\/span><\/p>\n<p><span class=\"text1noticias\">1.-Designar a Virgilio Bello Rosa como presidente de la Comisi\u00f3n de Reforma Estatutaria que adem\u00e1s estar\u00e1 integrada por Luis Ernesto Camilo como Vicepresidente, Juan Carlos Guerra como Director Ejecutivo, Janet Camilo, entre otros dirigentes.<\/span><\/p>\n<p><span class=\"text1noticias\"> <\/span><\/p>\n<p><span class=\"text1noticias\">La Comisi\u00f3n deber\u00e1 presentar un proyecto de actualizaci\u00f3n y reforma de los estatutos para la aprobaci\u00f3n del Comit\u00e9 Ejecutivo Nacional.<\/span><\/p>\n<p><span class=\"text1noticias\"> <\/span><\/p>\n<p><span class=\"text1noticias\">2.- El PRD convoc\u00f3 a su Comit\u00e9 Ejecutivo Nacional para el pr\u00f3ximo d\u00eda 19 de noviembre para que realice su sesi\u00f3n ordinaria.<\/span><\/p>\n<p><span class=\"text1noticias\"> <\/span><\/p>\n<p><span class=\"text1noticias\">3.- La Comisi\u00f3n POLITICA del PRD aprob\u00f3 un reconocimiento p\u00f3stumo para los fallecidos Salim Ibarra, PEDRO Franco Badia, Fulgencio Espinal y Ramon AGRAMONTE. El acto de reconocimiento se realizar\u00e1 durante la reuni\u00f3n del CEN perredeista que se llevar\u00e1 a cabo el 19 de noviembre.<\/span><\/p>\n<p><span class=\"text1noticias\"> <\/span><\/p>\n<p><span class=\"text1noticias\">4.- La CP del PRD aprob\u00f3 integrar una comisi\u00f3n que se encargar\u00e1 de preparar los actos que servir\u00e1n de marco para conmemorar los 20 a\u00f1os del fallecimiento del Dr. JOSE Francisco Pe\u00f1a Gomez, el d\u00eda 10 de mayo del 2018.<\/span><\/p>\n<p><span class=\"text1noticias\"> <\/span><\/p>\n<p><span class=\"text1noticias\">Asimismo, el presidente del partido blanco record\u00f3 y enarbol\u00f3 la labor de pol\u00edtica internacional del l\u00edder hist\u00f3rico del PRD, Jose Fco. Pe\u00f1a G\u00f3mez, por lo que dijo sentirse honrado con ser elegido una vez m\u00e1s como presidente para AL y el Caribe de la Internacional Socialista. <\/span><\/p>\n<p><span class=\"text1noticias\"> <\/span><\/p>\n<p><span class=\"text1noticias\">En el evento estuvieron presentes: Fello Suvervi, Rafael (Fiquito) Vasquez, Peggy Cabral, el senador por la Provincia de Cotui Felix Vasquez, el vocero del bloque de diputados del PRD, Radhames Gonz\u00e1lez, entre otros.<\/span><\/p>\n<p><span class=\"text1noticias\"> <\/span><\/p>\n<p><span class=\"text1noticias\">Direcci\u00f3n de Comunicacio<\/span>nes PRD<\/p>\n<h6> 2017-11-07 20:36:57 <\/h6>\n<p><!--\n<link rel=\"stylesheet\" href=\"css\/bootstrap.min.css\">\n\n\n<ul class=\"pagination\">\n\t    \n\t\n\n<li >\n\t<a href='?page_no=7169'>Previous<\/a>\n\t<\/li>\n\n\n       \n    \n\n<li><a href='?page_no=1'>1<\/a><\/li>\n\n\n\n<li><a href='?page_no=2'>2<\/a><\/li>\n\n\n\n<li><a>...<\/a><\/li>\n\n\n\n<li><a href='?page_no=7168'>7168<\/a><\/li>\n\n\n\n<li><a href='?page_no=7169'>7169<\/a><\/li>\n\n\n\n<li class='active'><a>7170<\/a><\/li>\n\n\n\n<li><a href='?page_no=7171'>7171<\/a><\/li>\n\n\n\n<li><a href='?page_no=7172'>7172<\/a><\/li>\n\n\n\n<li><a>...<\/a><\/li>\n\n\n\n<li><a href='?page_no=36999'>36999<\/a><\/li>\n\n\n\n<li><a href='?page_no=37000'>37000<\/a><\/li>\n\n    \n\t\n\n<li >\n\t<a href='?page_no=7171'>Next<\/a>\n\t<\/li>\n\n\n    \n\n<li><a href='?page_no=37000'>Last &rsaquo;&rsaquo;<\/a><\/li>\n\n<\/ul>\n\n\n--><br \/>\n<\/body><\/p>\n","protected":false},"excerpt":{"rendered":"<p>Santo Domingo, R. D., 7 de noviembre, 2017.- La Comisi\u00f3n Pol\u00edtica del Partido Revolucionario Dominicano (PRD),se reuni\u00f3 en el d\u00eda de hoy convocada por su presidente Miguel Vargas y la alta dirigencia de esa organizaci\u00f3n. La Reuni\u00f3n que tuvo lugar en el sal\u00f3n de eventos del Restaurante Chino de Mariscos, tuvo una concurrencia del 85% [&hellip;]<\/p>\n","protected":false},"author":3,"featured_media":0,"comment_status":"open","ping_status":"open","sticky":false,"template":"","format":"standard","meta":{"footnotes":""},"categories":[22],"tags":[],"class_list":["post-171912","post","type-post","status-publish","format-standard","hentry","category-politica"],"_links":{"self":[{"href":"https:\/\/diariodominicano.com\/index.php?rest_route=\/wp\/v2\/posts\/171912","targetHints":{"allow":["GET"]}}],"collection":[{"href":"https:\/\/diariodominicano.com\/index.php?rest_route=\/wp\/v2\/posts"}],"about":[{"href":"https:\/\/diariodominicano.com\/index.php?rest_route=\/wp\/v2\/types\/post"}],"author":[{"embeddable":true,"href":"https:\/\/diariodominicano.com\/index.php?rest_route=\/wp\/v2\/users\/3"}],"replies":[{"embeddable":true,"href":"https:\/\/diariodominicano.com\/index.php?rest_route=%2Fwp%2Fv2%2Fcomments&post=171912"}],"version-history":[{"count":0,"href":"https:\/\/diariodominicano.com\/index.php?rest_route=\/wp\/v2\/posts\/171912\/revisions"}],"wp:attachment":[{"href":"https:\/\/diariodominicano.com\/index.php?rest_route=%2Fwp%2Fv2%2Fmedia&parent=171912"}],"wp:term":[{"taxonomy":"category","embeddable":true,"href":"https:\/\/diariodominicano.com\/index.php?rest_route=%2Fwp%2Fv2%2Fcategories&post=171912"},{"taxonomy":"post_tag","embeddable":true,"href":"https:\/\/diariodominicano.com\/index.php?rest_route=%2Fwp%2Fv2%2Ftags&post=171912"}],"curies":[{"name":"wp","href":"https:\/\/api.w.org\/{rel}","templated":true}]}}