{"id":171910,"date":"2017-11-08T07:07:37","date_gmt":"2017-11-08T07:07:37","guid":{"rendered":"http:\/\/diariodominicano.ddns.net\/?p=171910"},"modified":"2017-11-08T07:07:37","modified_gmt":"2017-11-08T07:07:37","slug":"prd-aprueba-resoluciones-asamblea-comision-politica","status":"publish","type":"post","link":"https:\/\/diariodominicano.com\/?p=171910","title":{"rendered":"&#13;PRD aprueba resoluciones asamblea Comisi\u00f3n Pol\u00edtica"},"content":{"rendered":"<p><body><\/p>\n<p><img decoding=\"async\" src=\"img3\/PRD-Miguel8.JPG\" \/>  <\/p>\n<p><span class=\"text1noticias\">Santo Domingo, R. D., 8 de noviembre, 2017.- Una serie de resoluciones que contribuyen a la dinamizaci\u00f3n interna del Partido Revolucionario Dominicano (PRD) fueron adoptadas en una asamblea de la Comisi\u00f3n Pol\u00edtica de la organizaci\u00f3n celebrada con asistencia masiva en esta capital.<\/span><\/p>\n<\/p>\n<p><span class=\"text1noticias\">Las resoluciones, presentadas por el presidente de la organizaci\u00f3n, Miguel Vargas Maldonado, fueron aprobadas a unanimidad por  362  dirigentes que constituyeron el 81  por ciento de la matricula de 446 miembros de la Comisi\u00f3n Pol\u00edtica.<\/span><\/p>\n<\/p>\n<p><span class=\"text1noticias\">Mediante la primera decisi\u00f3n se reestructura y completa la Comisi\u00f3n de Reforma Estatutaria del partido para que quede conformada por Virgilio Bello Rosa, Juan Carlos Guerra, Te\u00f3filo Rosario, Luis Ernesto Camilo, Janet Camilo, Rafael Abreu, Sonia Jim\u00e9nez, Julissa Hern\u00e1ndez Virginia Ma\u00f1\u00f3n, Jos\u00e9 Antonio Trinidad, Rafael Mena Castro, Stormy Reynoso y Sandra Grull\u00f3n.<\/span><\/p>\n<\/p>\n<p><span class=\"text1noticias\">La Comisi\u00f3n deber\u00e1 presentar un proyecto de actualizaci\u00f3n y reforma de los estatutos para la aprobaci\u00f3n del Comit\u00e9 Ejecutivo Nacional.<\/span><\/p>\n<p><span class=\"text1noticias\"> <\/span><\/p>\n<p><span class=\"text1noticias\">En segundo lugar se decidi\u00f3 convocar para el domingo 19 de noviembre la reuni\u00f3n ordinaria  del Comit\u00e9 Ejecutivo Nacional del PRD en un lugar que ser\u00e1 escogido por la presidencia.<\/span><\/p>\n<\/p>\n<p><span class=\"text1noticias\">Conforme a la tercera resoluci\u00f3n se otorgaron poderes al presidente del partido para que disponga de posiciones en los estamentos del partido y designe en ellas a dirigentes que han retornado o a figuras que se han integrado a la entidad.<\/span><\/p>\n<\/p>\n<p><span class=\"text1noticias\">Tambi\u00e9n se acord\u00f3 realizar un reconocimiento a  Salim Ibarra, Pedro Franco Bad\u00eda, Fulgencio Espinal y Ram\u00f3n Agramonte, perrede\u00edstas meritorios fallecidos en los \u00faltimos meses.<\/span><\/p>\n<\/p>\n<p><span class=\"text1noticias\">Asimismo se decidi\u00f3 conmemorar el 10 de mayo pr\u00f3ximo el veinte  aniversario de la partida f\u00edsica del doctor Jos\u00e9 Francisco Pe\u00f1a G\u00f3mez, para lo cual se designara una comisi\u00f3n organizadora de eventos especiales.<\/span> <\/p>\n<\/p>\n<p><span class=\"text1noticias\">Fuente: Jos\u00e9 Pimentel Mu\u00f1oz<\/span><\/p>\n<h6> 2017-11-08 07:07:37 <\/h6>\n<p><!--\n<link rel=\"stylesheet\" href=\"css\/bootstrap.min.css\">\n\n\n<ul class=\"pagination\">\n\t    \n\t\n\n<li >\n\t<a href='?page_no=7168'>Previous<\/a>\n\t<\/li>\n\n\n       \n    \n\n<li><a href='?page_no=1'>1<\/a><\/li>\n\n\n\n<li><a href='?page_no=2'>2<\/a><\/li>\n\n\n\n<li><a>...<\/a><\/li>\n\n\n\n<li><a href='?page_no=7167'>7167<\/a><\/li>\n\n\n\n<li><a href='?page_no=7168'>7168<\/a><\/li>\n\n\n\n<li class='active'><a>7169<\/a><\/li>\n\n\n\n<li><a href='?page_no=7170'>7170<\/a><\/li>\n\n\n\n<li><a href='?page_no=7171'>7171<\/a><\/li>\n\n\n\n<li><a>...<\/a><\/li>\n\n\n\n<li><a href='?page_no=36999'>36999<\/a><\/li>\n\n\n\n<li><a href='?page_no=37000'>37000<\/a><\/li>\n\n    \n\t\n\n<li >\n\t<a href='?page_no=7170'>Next<\/a>\n\t<\/li>\n\n\n    \n\n<li><a href='?page_no=37000'>Last &rsaquo;&rsaquo;<\/a><\/li>\n\n<\/ul>\n\n\n--><br \/>\n<\/body><\/p>\n","protected":false},"excerpt":{"rendered":"<p>Santo Domingo, R. D., 8 de noviembre, 2017.- Una serie de resoluciones que contribuyen a la dinamizaci\u00f3n interna del Partido Revolucionario Dominicano (PRD) fueron adoptadas en una asamblea de la Comisi\u00f3n Pol\u00edtica de la organizaci\u00f3n celebrada con asistencia masiva en esta capital. Las resoluciones, presentadas por el presidente de la organizaci\u00f3n, Miguel Vargas Maldonado, fueron [&hellip;]<\/p>\n","protected":false},"author":3,"featured_media":0,"comment_status":"open","ping_status":"open","sticky":false,"template":"","format":"standard","meta":{"footnotes":""},"categories":[22],"tags":[],"class_list":["post-171910","post","type-post","status-publish","format-standard","hentry","category-politica"],"_links":{"self":[{"href":"https:\/\/diariodominicano.com\/index.php?rest_route=\/wp\/v2\/posts\/171910","targetHints":{"allow":["GET"]}}],"collection":[{"href":"https:\/\/diariodominicano.com\/index.php?rest_route=\/wp\/v2\/posts"}],"about":[{"href":"https:\/\/diariodominicano.com\/index.php?rest_route=\/wp\/v2\/types\/post"}],"author":[{"embeddable":true,"href":"https:\/\/diariodominicano.com\/index.php?rest_route=\/wp\/v2\/users\/3"}],"replies":[{"embeddable":true,"href":"https:\/\/diariodominicano.com\/index.php?rest_route=%2Fwp%2Fv2%2Fcomments&post=171910"}],"version-history":[{"count":0,"href":"https:\/\/diariodominicano.com\/index.php?rest_route=\/wp\/v2\/posts\/171910\/revisions"}],"wp:attachment":[{"href":"https:\/\/diariodominicano.com\/index.php?rest_route=%2Fwp%2Fv2%2Fmedia&parent=171910"}],"wp:term":[{"taxonomy":"category","embeddable":true,"href":"https:\/\/diariodominicano.com\/index.php?rest_route=%2Fwp%2Fv2%2Fcategories&post=171910"},{"taxonomy":"post_tag","embeddable":true,"href":"https:\/\/diariodominicano.com\/index.php?rest_route=%2Fwp%2Fv2%2Ftags&post=171910"}],"curies":[{"name":"wp","href":"https:\/\/api.w.org\/{rel}","templated":true}]}}