{"id":171907,"date":"2017-11-08T12:21:56","date_gmt":"2017-11-08T12:21:56","guid":{"rendered":"http:\/\/diariodominicano.ddns.net\/?p=171907"},"modified":"2017-11-08T12:21:56","modified_gmt":"2017-11-08T12:21:56","slug":"senador-jose-paliza-renuncia-a-las-exoneraciones","status":"publish","type":"post","link":"https:\/\/diariodominicano.com\/?p=171907","title":{"rendered":"Senador Jos\u00e9 Paliza renuncia a las exoneraciones"},"content":{"rendered":"<p><body><\/p>\n<p><img decoding=\"async\" src=\"img3\/paliza01.jpg\" \/>  <\/p>\n<p><strong>SANTO DOMINGO.<\/strong> El senador de la Rep\u00fablica por la provincia de Puerto Plata, Jos\u00e9 Ignacio Paliza, anunci\u00f3 que renuncia a los beneficios que generan las exoneraciones que cada dos a\u00f1os se le otorga por Ley a los senadores y diputados, para la importaci\u00f3n de veh\u00edculos. <\/p>\n<\/p>\n<p>El senador m\u00e1s joven del pa\u00eds expres\u00f3 que hoy m\u00e1s que nunca los dominicanos tenemos que decidir el pa\u00eds que queremos, en ese orden necesitamos enviar mensajes de cambios y de compromisos a la sociedad, con la salvedad de que estos deben iniciar desde las altas instancias.<\/p>\n<\/p>\n<p>Paliza apunt\u00f3 que ha decidido dar el paso atendiendo el llamado de una poblaci\u00f3n que demanda de igualdad y transparencia, adem\u00e1s de que no podemos seguir viviendo bajo una crisis de credibilidad institucional, es necesario hacer un alto en el camino y comenzar a enviar mensajes positivos.<\/p>\n<\/p>\n<p>Se recuerda que en septiembre del a\u00f1o pasado el senador Jos\u00e9 Ignacio Paliza, anunci\u00f3 que donar\u00eda a instituciones sin fines de lucro de la provincia Puerto Plata su aumento salarial, compromiso que ha cumplido en favor de organizaciones que diariamente realizan un trabajo en favor de personas de escasos recursos.<\/p>\n<h6> 2017-11-08 12:21:56 <\/h6>\n<p><!--\n<link rel=\"stylesheet\" href=\"css\/bootstrap.min.css\">\n\n\n<ul class=\"pagination\">\n\t    \n\t\n\n<li >\n\t<a href='?page_no=7165'>Previous<\/a>\n\t<\/li>\n\n\n       \n    \n\n<li><a href='?page_no=1'>1<\/a><\/li>\n\n\n\n<li><a href='?page_no=2'>2<\/a><\/li>\n\n\n\n<li><a>...<\/a><\/li>\n\n\n\n<li><a href='?page_no=7164'>7164<\/a><\/li>\n\n\n\n<li><a href='?page_no=7165'>7165<\/a><\/li>\n\n\n\n<li class='active'><a>7166<\/a><\/li>\n\n\n\n<li><a href='?page_no=7167'>7167<\/a><\/li>\n\n\n\n<li><a href='?page_no=7168'>7168<\/a><\/li>\n\n\n\n<li><a>...<\/a><\/li>\n\n\n\n<li><a href='?page_no=36999'>36999<\/a><\/li>\n\n\n\n<li><a href='?page_no=37000'>37000<\/a><\/li>\n\n    \n\t\n\n<li >\n\t<a href='?page_no=7167'>Next<\/a>\n\t<\/li>\n\n\n    \n\n<li><a href='?page_no=37000'>Last &rsaquo;&rsaquo;<\/a><\/li>\n\n<\/ul>\n\n\n--><br \/>\n<\/body><\/p>\n","protected":false},"excerpt":{"rendered":"<p>SANTO DOMINGO. El senador de la Rep\u00fablica por la provincia de Puerto Plata, Jos\u00e9 Ignacio Paliza, anunci\u00f3 que renuncia a los beneficios que generan las exoneraciones que cada dos a\u00f1os se le otorga por Ley a los senadores y diputados, para la importaci\u00f3n de veh\u00edculos. El senador m\u00e1s joven del pa\u00eds expres\u00f3 que hoy m\u00e1s [&hellip;]<\/p>\n","protected":false},"author":3,"featured_media":0,"comment_status":"open","ping_status":"open","sticky":false,"template":"","format":"standard","meta":{"footnotes":""},"categories":[22],"tags":[],"class_list":["post-171907","post","type-post","status-publish","format-standard","hentry","category-politica"],"_links":{"self":[{"href":"https:\/\/diariodominicano.com\/index.php?rest_route=\/wp\/v2\/posts\/171907","targetHints":{"allow":["GET"]}}],"collection":[{"href":"https:\/\/diariodominicano.com\/index.php?rest_route=\/wp\/v2\/posts"}],"about":[{"href":"https:\/\/diariodominicano.com\/index.php?rest_route=\/wp\/v2\/types\/post"}],"author":[{"embeddable":true,"href":"https:\/\/diariodominicano.com\/index.php?rest_route=\/wp\/v2\/users\/3"}],"replies":[{"embeddable":true,"href":"https:\/\/diariodominicano.com\/index.php?rest_route=%2Fwp%2Fv2%2Fcomments&post=171907"}],"version-history":[{"count":0,"href":"https:\/\/diariodominicano.com\/index.php?rest_route=\/wp\/v2\/posts\/171907\/revisions"}],"wp:attachment":[{"href":"https:\/\/diariodominicano.com\/index.php?rest_route=%2Fwp%2Fv2%2Fmedia&parent=171907"}],"wp:term":[{"taxonomy":"category","embeddable":true,"href":"https:\/\/diariodominicano.com\/index.php?rest_route=%2Fwp%2Fv2%2Fcategories&post=171907"},{"taxonomy":"post_tag","embeddable":true,"href":"https:\/\/diariodominicano.com\/index.php?rest_route=%2Fwp%2Fv2%2Ftags&post=171907"}],"curies":[{"name":"wp","href":"https:\/\/api.w.org\/{rel}","templated":true}]}}