{"id":171905,"date":"2017-11-08T18:26:51","date_gmt":"2017-11-08T18:26:51","guid":{"rendered":"http:\/\/diariodominicano.ddns.net\/?p=171905"},"modified":"2017-11-08T18:26:51","modified_gmt":"2017-11-08T18:26:51","slug":"leonel-fernandez-en-cualquier-momento-daremos-noticias-de-quienes-son-abogados-seleccionados-2","status":"publish","type":"post","link":"https:\/\/diariodominicano.com\/?p=171905","title":{"rendered":"Leonel Fern\u00e1ndez: En cualquier momento daremos noticias de quienes son abogados seleccionados"},"content":{"rendered":"<p><body><\/p>\n<p><img decoding=\"async\" src=\"img3\/JSF_3141.JPG\" \/>  <\/p>\n<p><span class=\"text1noticias\">Santo Domingo, R. D., 8 de noviembre, 2017.- Leonel Fern\u00e1ndez, Presidente del Partido de la Liberaci\u00f3n Dominicana (PLD),  confirm\u00f3 que se trabaja para la escogencia de los expertos en Derecho Constitucional quienes externar\u00e1n su opini\u00f3n si se ajusta o no a la Constituci\u00f3n de la Republica la celebraci\u00f3n de primarias simultaneas con el padr\u00f3n de la Junta Central Electoral.<\/span><\/p>\n<p><span class=\"text1noticias\"> <\/span><\/p>\n<p><span class=\"text1noticias\">Al ex Presidente de la Rep\u00fablica se le puso el tema a la salida del acto de puesta en circulaci\u00f3n del libro &#8216;La Rapsodia del Crimen, Trujillo versus Castillo Armas&#8217;  del poeta Tony Raful, realizado en la Biblioteca Nacional.<\/span><\/p>\n<p><span class=\"text1noticias\"> <\/span><\/p>\n<p><span class=\"text1noticias\">\u00abEstamos avanzando en esa direcci\u00f3n, de manera que en alg\u00fan momento podremos dar la noticia de que ya hemos seleccionado los cinco juristas. Cuatro a nivel nacional y uno internacional para interpretar si realmente es constitucional o no el hecho de tener elecciones primarias simultaneas de los partidos pol\u00edticos con la utilizaci\u00f3n del padr\u00f3n de electores de la Junta Central Electoral\u00bb contest\u00f3.<\/span><\/p>\n<p><span class=\"text1noticias\"> <\/span><\/p>\n<p><span class=\"text1noticias\">Agreg\u00f3 que se hace el esfuerzo para tener ese tema listo para la venidera reuni\u00f3n del Comit\u00e9 Pol\u00edtico del Partido de la Liberaci\u00f3n Dominicana.<\/span><\/p>\n<p><span class=\"text1noticias\"> <\/span><\/p>\n<p><span class=\"text1noticias\">Los debates sobre el proyecto de Ley de Partidos y Agrupaciones Pol\u00edticas han pausado tanto en el Comit\u00e9 Politico del PLD como en la Comision Bilateral en espera de la opini\u00f3n de expertos constitucionalistas sobre la celebraci\u00f3n de las primarias en los partidos pol\u00edticos.<\/span><\/p>\n<p><span class=\"text1noticias\"> <\/span><\/p>\n<p><span class=\"text1noticias\">En su reuni\u00f3n del pasado octubre  el Comit\u00e9 Politico del PLD decidido consultar un equipo de juristas para analizar, si la aprobaci\u00f3n por parte del Congreso de las primarias simult\u00e1neas y con el padr\u00f3n de la Junta Central Electoral es o no violatoria de la Constituci\u00f3n de la Rep\u00fablica.<\/span><\/p>\n<p><span class=\"text1noticias\"> <\/span><\/p>\n<p><span class=\"text1noticias\">Ese organismo inform\u00f3 que los abogados consultados no pasar\u00e1n de cinco y se deleg\u00f3 en, el Presidente de la Republica, Danilo Medina, el  Presidente del PLD, Leonel Fern\u00e1ndez y Reinaldo Pared Perez, secretario general hacer los contactos con los abogados y consultarles.<\/span><\/p>\n<p><span class=\"text1noticias\"> <\/span><\/p>\n<p><span class=\"text1noticias\">Fuente: SECRETARIA COMUNICACIONES PLD<\/span><\/p>\n<p><span class=\"text1noticias\">8 NOVIEMBRE 201<\/span>7<\/p>\n<h6> 2017-11-08 18:26:51 <\/h6>\n<p><!--\n<link rel=\"stylesheet\" href=\"css\/bootstrap.min.css\">\n\n\n<ul class=\"pagination\">\n\t    \n\t\n\n<li >\n\t<a href='?page_no=7163'>Previous<\/a>\n\t<\/li>\n\n\n       \n    \n\n<li><a href='?page_no=1'>1<\/a><\/li>\n\n\n\n<li><a href='?page_no=2'>2<\/a><\/li>\n\n\n\n<li><a>...<\/a><\/li>\n\n\n\n<li><a href='?page_no=7162'>7162<\/a><\/li>\n\n\n\n<li><a href='?page_no=7163'>7163<\/a><\/li>\n\n\n\n<li class='active'><a>7164<\/a><\/li>\n\n\n\n<li><a href='?page_no=7165'>7165<\/a><\/li>\n\n\n\n<li><a href='?page_no=7166'>7166<\/a><\/li>\n\n\n\n<li><a>...<\/a><\/li>\n\n\n\n<li><a href='?page_no=36999'>36999<\/a><\/li>\n\n\n\n<li><a href='?page_no=37000'>37000<\/a><\/li>\n\n    \n\t\n\n<li >\n\t<a href='?page_no=7165'>Next<\/a>\n\t<\/li>\n\n\n    \n\n<li><a href='?page_no=37000'>Last &rsaquo;&rsaquo;<\/a><\/li>\n\n<\/ul>\n\n\n--><br \/>\n<\/body><\/p>\n","protected":false},"excerpt":{"rendered":"<p>Santo Domingo, R. D., 8 de noviembre, 2017.- Leonel Fern\u00e1ndez, Presidente del Partido de la Liberaci\u00f3n Dominicana (PLD), confirm\u00f3 que se trabaja para la escogencia de los expertos en Derecho Constitucional quienes externar\u00e1n su opini\u00f3n si se ajusta o no a la Constituci\u00f3n de la Republica la celebraci\u00f3n de primarias simultaneas con el padr\u00f3n de [&hellip;]<\/p>\n","protected":false},"author":3,"featured_media":0,"comment_status":"open","ping_status":"open","sticky":false,"template":"","format":"standard","meta":{"footnotes":""},"categories":[22],"tags":[],"class_list":["post-171905","post","type-post","status-publish","format-standard","hentry","category-politica"],"_links":{"self":[{"href":"https:\/\/diariodominicano.com\/index.php?rest_route=\/wp\/v2\/posts\/171905","targetHints":{"allow":["GET"]}}],"collection":[{"href":"https:\/\/diariodominicano.com\/index.php?rest_route=\/wp\/v2\/posts"}],"about":[{"href":"https:\/\/diariodominicano.com\/index.php?rest_route=\/wp\/v2\/types\/post"}],"author":[{"embeddable":true,"href":"https:\/\/diariodominicano.com\/index.php?rest_route=\/wp\/v2\/users\/3"}],"replies":[{"embeddable":true,"href":"https:\/\/diariodominicano.com\/index.php?rest_route=%2Fwp%2Fv2%2Fcomments&post=171905"}],"version-history":[{"count":0,"href":"https:\/\/diariodominicano.com\/index.php?rest_route=\/wp\/v2\/posts\/171905\/revisions"}],"wp:attachment":[{"href":"https:\/\/diariodominicano.com\/index.php?rest_route=%2Fwp%2Fv2%2Fmedia&parent=171905"}],"wp:term":[{"taxonomy":"category","embeddable":true,"href":"https:\/\/diariodominicano.com\/index.php?rest_route=%2Fwp%2Fv2%2Fcategories&post=171905"},{"taxonomy":"post_tag","embeddable":true,"href":"https:\/\/diariodominicano.com\/index.php?rest_route=%2Fwp%2Fv2%2Ftags&post=171905"}],"curies":[{"name":"wp","href":"https:\/\/api.w.org\/{rel}","templated":true}]}}