{"id":171902,"date":"2017-11-09T10:38:23","date_gmt":"2017-11-09T10:38:23","guid":{"rendered":"http:\/\/diariodominicano.ddns.net\/?p=171902"},"modified":"2017-11-09T10:38:23","modified_gmt":"2017-11-09T10:38:23","slug":"candido-simo-dice-presidente-medina-tiene-oportunidad-en-el-2018-de-lograr-su-repostulacion","status":"publish","type":"post","link":"https:\/\/diariodominicano.com\/?p=171902","title":{"rendered":"C\u00e1ndido Sim\u00f3 dice Presidente Medina tiene oportunidad en el 2018 de lograr su repostulaci\u00f3n"},"content":{"rendered":"<p><body><\/p>\n<p><img decoding=\"async\" src=\"img3\/Simo.jpg\" \/>  <\/p>\n<p><span class=\"text1noticias\">Santo Domingo, R. D., 9 de noviembre, 2017.- El jurista C\u00e1ndido Sim\u00f3 afirm\u00f3 que el presidente Danilo Medina tiene toda la oportunidad en el 2018 de lograr su repostulaci\u00f3n, proponiendo en diciembre de ese a\u00f1o, como titular del Consejo Nacional de la Magistratura (CNM) al Tribunal Constitucional (TC) \u00abjueces ac\u00f3litos con la teor\u00eda que diga que no puede reformarse la Constituci\u00f3n para reelegirse\u00bb.<\/span><\/p>\n<p><span class=\"text1noticias\"> <\/span><\/p>\n<p><span class=\"text1noticias\">\u00abEn diciembre del pr\u00f3ximo a\u00f1o, el Presidente de la Rep\u00fablica que es el presidente del Consejo Nacional de la Magistratura va a tener el chance de coordinar la designaci\u00f3n de los jueces que cesan en su sus funciones en el Tribunal Constitucional\u00bb, dijo Sim\u00f3.<\/span><\/p>\n<p><span class=\"text1noticias\"> <\/span><\/p>\n<p><span class=\"text1noticias\">Agreg\u00f3 que \u00abes muy probable que asuma el liderazgo para la designaci\u00f3n de jueces que compartan la teor\u00eda que \u00e9l no tiene que reformar la Constituci\u00f3n para reelegirse. Esa es la coartada\u00bb.<\/span><\/p>\n<p><span class=\"text1noticias\"> <\/span><\/p>\n<p><span class=\"text1noticias\">\u00abEso significa que podr\u00eda crear un Tribunal Constitucional ac\u00f3lito con la teor\u00eda que diga que no se puede reformar la Constituci\u00f3n para reelegirse\u00bb, expres\u00f3 Sim\u00f3, abogado constitucionalista entrevistado en el programa \u00abTierno y Contundente\u00bb, por Leonardo Ortiz y Juan Manuel Mesa, por Cinevision canal 19.<\/span><\/p>\n<p><span class=\"text1noticias\"> <\/span><\/p>\n<p><span class=\"text1noticias\">Sim\u00f3 expres\u00f3 que \u00abrespecto al Presidente es la que m\u00e1s me agrada no es el tema de que todos somos iguales que es la teor\u00eda de Subero (Jorge Subero Isa), porque hay igualdad de diferenciada. El punto es el siguiente. El Tribunal Constitucional construy\u00f3 o implement\u00f3 en una sentencia la teor\u00eda de la Situaci\u00f3n Jur\u00eddica Consolidada que es un tema complejo que consiste en que cuando entra en vigencia una norma nueva, la aplicaci\u00f3n inmediata no puede surtir efecto porque entonces no lo har\u00eda de manera retroactiva\u00bb.<\/span><\/p>\n<p><span class=\"text1noticias\"> <\/span><\/p>\n<p><span class=\"text1noticias\">\u00abEn palabras m\u00e1s sencillas. El Presidente era Presidente en el 2015 cuando se reform\u00f3 la Constituci\u00f3n del 2010 para proscribir la reelecci\u00f3n o repostulaci\u00f3n otra vez, pero era el Presidente en ese momento. Entonces ten\u00eda la posici\u00f3n Jur\u00eddica Consolidada de Presidente de la Rep\u00fablica\u00bb, explic\u00f3 Sim\u00f3.<\/span><\/p>\n<p><span class=\"text1noticias\"> <\/span><\/p>\n<p><span class=\"text1noticias\">El jurista sancristobalense a\u00f1adi\u00f3 que \u00abSi la Constituci\u00f3n si se le aplicase a \u00e9l (Medina), esa es una de las teor\u00edas m\u00e1s consistente, entonces como ser\u00eda una aplicaci\u00f3n inmediata t\u00fa le estar\u00edas surtiendo efecto retroactivo porque \u00e9l era Presidente en ese momento\u00bb.<\/span><\/p>\n<p><span class=\"text1noticias\"> <\/span><\/p>\n<p><span class=\"text1noticias\">\u00abLa teor\u00eda es que eso deb\u00eda aplicarse a los presidentes de vengan y desde ese punto de vista es m\u00e1s consistente y el Presidente (Medina) tiene el chance, declar\u00f3 Sim\u00f3 en la entrevista.<\/span><\/p>\n<p><span class=\"text1noticias\"> <\/span><\/p>\n<p><span class=\"text1noticias\">Explic\u00f3 que en \u00abDerecho Constitucional hay un concepto que dice que la Constituci\u00f3n es lo que Tribunal Constitucional diga que es, o sea t\u00fa puedes tener un texto y si el Tribunal Constitucional interpreta el texto de una manera a lo que nosotros lo entendemos, se aplica a lo que diga el Tribunal Constitucional la propia Constituci\u00f3n\u00bb.<\/span><\/p>\n<p><span class=\"text1noticias\"> <\/span><\/p>\n<p><span class=\"text1noticias\">Sim\u00f3 afirm\u00f3 que descart\u00f3 que el presidente Medina busque reformar la Constituci\u00f3n por el costo pol\u00edtico que es muy alto.<\/span><\/p>\n<h6> 2017-11-09 10:38:23 <\/h6>\n<p><!--\n<link rel=\"stylesheet\" href=\"css\/bootstrap.min.css\">\n\n\n<ul class=\"pagination\">\n\t    \n\t\n\n<li >\n\t<a href='?page_no=7160'>Previous<\/a>\n\t<\/li>\n\n\n       \n    \n\n<li><a href='?page_no=1'>1<\/a><\/li>\n\n\n\n<li><a href='?page_no=2'>2<\/a><\/li>\n\n\n\n<li><a>...<\/a><\/li>\n\n\n\n<li><a href='?page_no=7159'>7159<\/a><\/li>\n\n\n\n<li><a href='?page_no=7160'>7160<\/a><\/li>\n\n\n\n<li class='active'><a>7161<\/a><\/li>\n\n\n\n<li><a href='?page_no=7162'>7162<\/a><\/li>\n\n\n\n<li><a href='?page_no=7163'>7163<\/a><\/li>\n\n\n\n<li><a>...<\/a><\/li>\n\n\n\n<li><a href='?page_no=36999'>36999<\/a><\/li>\n\n\n\n<li><a href='?page_no=37000'>37000<\/a><\/li>\n\n    \n\t\n\n<li >\n\t<a href='?page_no=7162'>Next<\/a>\n\t<\/li>\n\n\n    \n\n<li><a href='?page_no=37000'>Last &rsaquo;&rsaquo;<\/a><\/li>\n\n<\/ul>\n\n\n--><br \/>\n<\/body><\/p>\n","protected":false},"excerpt":{"rendered":"<p>Santo Domingo, R. D., 9 de noviembre, 2017.- El jurista C\u00e1ndido Sim\u00f3 afirm\u00f3 que el presidente Danilo Medina tiene toda la oportunidad en el 2018 de lograr su repostulaci\u00f3n, proponiendo en diciembre de ese a\u00f1o, como titular del Consejo Nacional de la Magistratura (CNM) al Tribunal Constitucional (TC) \u00abjueces ac\u00f3litos con la teor\u00eda que diga [&hellip;]<\/p>\n","protected":false},"author":3,"featured_media":0,"comment_status":"open","ping_status":"open","sticky":false,"template":"","format":"standard","meta":{"footnotes":""},"categories":[22],"tags":[],"class_list":["post-171902","post","type-post","status-publish","format-standard","hentry","category-politica"],"_links":{"self":[{"href":"https:\/\/diariodominicano.com\/index.php?rest_route=\/wp\/v2\/posts\/171902","targetHints":{"allow":["GET"]}}],"collection":[{"href":"https:\/\/diariodominicano.com\/index.php?rest_route=\/wp\/v2\/posts"}],"about":[{"href":"https:\/\/diariodominicano.com\/index.php?rest_route=\/wp\/v2\/types\/post"}],"author":[{"embeddable":true,"href":"https:\/\/diariodominicano.com\/index.php?rest_route=\/wp\/v2\/users\/3"}],"replies":[{"embeddable":true,"href":"https:\/\/diariodominicano.com\/index.php?rest_route=%2Fwp%2Fv2%2Fcomments&post=171902"}],"version-history":[{"count":0,"href":"https:\/\/diariodominicano.com\/index.php?rest_route=\/wp\/v2\/posts\/171902\/revisions"}],"wp:attachment":[{"href":"https:\/\/diariodominicano.com\/index.php?rest_route=%2Fwp%2Fv2%2Fmedia&parent=171902"}],"wp:term":[{"taxonomy":"category","embeddable":true,"href":"https:\/\/diariodominicano.com\/index.php?rest_route=%2Fwp%2Fv2%2Fcategories&post=171902"},{"taxonomy":"post_tag","embeddable":true,"href":"https:\/\/diariodominicano.com\/index.php?rest_route=%2Fwp%2Fv2%2Ftags&post=171902"}],"curies":[{"name":"wp","href":"https:\/\/api.w.org\/{rel}","templated":true}]}}