{"id":171901,"date":"2017-11-09T12:26:24","date_gmt":"2017-11-09T12:26:24","guid":{"rendered":"http:\/\/diariodominicano.ddns.net\/?p=171901"},"modified":"2017-11-09T12:26:24","modified_gmt":"2017-11-09T12:26:24","slug":"dirigente-del-prm-pide-autoridades-reorientar-politicas-destinadas-a-fortalecer-la-familia","status":"publish","type":"post","link":"https:\/\/diariodominicano.com\/?p=171901","title":{"rendered":"Dirigente del PRM pide autoridades reorientar pol\u00edticas destinadas a fortalecer la familia"},"content":{"rendered":"<p><body><\/p>\n<p><img decoding=\"async\" src=\"img3\/diriprm.jpg\" \/>  <\/p>\n<p><strong>SANTO DOMINGO-<\/strong> La dirigente del Partido Revolucionario Moderno (PRM), Lucrecia Santana Leyba llam\u00f3 este mi\u00e9rcoles a las autoridades a reorientar pol\u00edticas p\u00fablicas destinadas a fortalecer los lazos e integridad en la familia.<\/p>\n<\/p>\n<p>Al conmemorarse este mes de noviembre el Mes de la Familia, la dirigente pol\u00edtica y comunitaria sostuvo que la misma constituye la primera organizaci\u00f3n social de la sociedad.<\/p>\n<\/p>\n<p>Indic\u00f3 que a medida que se fortalezca el rol que debe jugar la familia como ente social, ser\u00e1 consolidado el desarrollo de la naci\u00f3n.<\/p>\n<\/p>\n<p>Leyba dijo que muchos padres no pueden lidiar con el desarrollo tecnol\u00f3gico, las imposiciones consumistas del capitalismo y el libertinaje que se promueve a trav\u00e9s de los medios de comunicaci\u00f3n.<\/p>\n<\/p>\n<p>Indic\u00f3 que el rol de las autoridades en este sentido debe ser de establecer mecanismos que les permitan dar seguimiento, orientar y colaborar con el desarrollo de las familias.<\/p>\n<\/p>\n<p>Estableci\u00f3 que muchos de los males que aquejan a la sociedad obedecen a que el Estado se ha diluido en su rol de reorientador de las pol\u00edticas destinadas a contrarrestar este flagelo.<\/p>\n<\/p>\n<p>Los feminicidios, la delincuencia, la corrupci\u00f3n y la violencia que impera en el pa\u00eds son males que podr\u00edan desaparecer si se redirigen estrategias reales orientadas a fortalecer la formaci\u00f3n integral a trav\u00e9s de la familia.<\/p>\n<\/p>\n<p>El mes de noviembre fue designado, en el a\u00f1o 1971, como Mes de la Familia mediante el decreto 1656 del Poder Ejecutivo.<\/p>\n<h6> 2017-11-09 12:26:24 <\/h6>\n<p><!--\n<link rel=\"stylesheet\" href=\"css\/bootstrap.min.css\">\n\n\n<ul class=\"pagination\">\n\t    \n\t\n\n<li >\n\t<a href='?page_no=7159'>Previous<\/a>\n\t<\/li>\n\n\n       \n    \n\n<li><a href='?page_no=1'>1<\/a><\/li>\n\n\n\n<li><a href='?page_no=2'>2<\/a><\/li>\n\n\n\n<li><a>...<\/a><\/li>\n\n\n\n<li><a href='?page_no=7158'>7158<\/a><\/li>\n\n\n\n<li><a href='?page_no=7159'>7159<\/a><\/li>\n\n\n\n<li class='active'><a>7160<\/a><\/li>\n\n\n\n<li><a href='?page_no=7161'>7161<\/a><\/li>\n\n\n\n<li><a href='?page_no=7162'>7162<\/a><\/li>\n\n\n\n<li><a>...<\/a><\/li>\n\n\n\n<li><a href='?page_no=36999'>36999<\/a><\/li>\n\n\n\n<li><a href='?page_no=37000'>37000<\/a><\/li>\n\n    \n\t\n\n<li >\n\t<a href='?page_no=7161'>Next<\/a>\n\t<\/li>\n\n\n    \n\n<li><a href='?page_no=37000'>Last &rsaquo;&rsaquo;<\/a><\/li>\n\n<\/ul>\n\n\n--><br \/>\n<\/body><\/p>\n","protected":false},"excerpt":{"rendered":"<p>SANTO DOMINGO- La dirigente del Partido Revolucionario Moderno (PRM), Lucrecia Santana Leyba llam\u00f3 este mi\u00e9rcoles a las autoridades a reorientar pol\u00edticas p\u00fablicas destinadas a fortalecer los lazos e integridad en la familia. Al conmemorarse este mes de noviembre el Mes de la Familia, la dirigente pol\u00edtica y comunitaria sostuvo que la misma constituye la primera [&hellip;]<\/p>\n","protected":false},"author":3,"featured_media":0,"comment_status":"open","ping_status":"open","sticky":false,"template":"","format":"standard","meta":{"footnotes":""},"categories":[22],"tags":[],"class_list":["post-171901","post","type-post","status-publish","format-standard","hentry","category-politica"],"_links":{"self":[{"href":"https:\/\/diariodominicano.com\/index.php?rest_route=\/wp\/v2\/posts\/171901","targetHints":{"allow":["GET"]}}],"collection":[{"href":"https:\/\/diariodominicano.com\/index.php?rest_route=\/wp\/v2\/posts"}],"about":[{"href":"https:\/\/diariodominicano.com\/index.php?rest_route=\/wp\/v2\/types\/post"}],"author":[{"embeddable":true,"href":"https:\/\/diariodominicano.com\/index.php?rest_route=\/wp\/v2\/users\/3"}],"replies":[{"embeddable":true,"href":"https:\/\/diariodominicano.com\/index.php?rest_route=%2Fwp%2Fv2%2Fcomments&post=171901"}],"version-history":[{"count":0,"href":"https:\/\/diariodominicano.com\/index.php?rest_route=\/wp\/v2\/posts\/171901\/revisions"}],"wp:attachment":[{"href":"https:\/\/diariodominicano.com\/index.php?rest_route=%2Fwp%2Fv2%2Fmedia&parent=171901"}],"wp:term":[{"taxonomy":"category","embeddable":true,"href":"https:\/\/diariodominicano.com\/index.php?rest_route=%2Fwp%2Fv2%2Fcategories&post=171901"},{"taxonomy":"post_tag","embeddable":true,"href":"https:\/\/diariodominicano.com\/index.php?rest_route=%2Fwp%2Fv2%2Ftags&post=171901"}],"curies":[{"name":"wp","href":"https:\/\/api.w.org\/{rel}","templated":true}]}}