{"id":171899,"date":"2017-11-09T19:31:06","date_gmt":"2017-11-09T19:31:06","guid":{"rendered":"http:\/\/diariodominicano.ddns.net\/?p=171899"},"modified":"2017-11-09T19:31:06","modified_gmt":"2017-11-09T19:31:06","slug":"presidente-de-jce-dice-no-hay-fondos-para-pagar-deuda-de-mas-de-trece-millones-de-dolares","status":"publish","type":"post","link":"https:\/\/diariodominicano.com\/?p=171899","title":{"rendered":"Presidente de JCE dice no hay fondos para pagar deuda de m\u00e1s de trece millones de d\u00f3lares"},"content":{"rendered":"<p><body><\/p>\n<p><img decoding=\"async\" src=\"img3\/CastanosJCE9.jpg\" \/>  <\/p>\n<p><span class=\"text1noticias\">Santo Domingo, R. D., 9 de noviembre, 2017.- El presidente de la Junta Central Electoral <\/span>(JCE) , Julio C\u00e9sar Cqasta\u00f1os Guzm\u00e1n <span class=\"text1noticias\"> al rendir un informe sobre la Direcci\u00f3n de Inform\u00e1tica de la JCE dijo que la C\u00e1mara de Cuentas tendr\u00e1 que hacer las recomenddaciones de lugar con respecto a la deuda de <\/span> 13 millones  997 mil d\u00f3lares en equipos adquiridos para las elecciones pasada y que no se prodr\u00e1n volver a utilizar.<\/p>\n<\/p>\n<p><span class=\"text1noticias\">Consider\u00f3 que  \u00ab<\/span>el hecho de que tenemos un inventario de equipos de 49 mil 200 unidades que nuestro Departamento de Inform\u00e1tica nos ha dicho que no se deber\u00edan utilizar  en las elecciones del 2020&#8243;<\/p>\n<p><span class=\"text1noticias\"> <\/span><\/p>\n<p><span class=\"text1noticias\">\u00abHay que poner esto en su verdadera dimensi\u00f3n. Aqu\u00ed se ha presentado a la Junta Central Electoral una factura comercial al cobro, esa factura al cobro es de trece millones, trescientos noventa y siete mil d\u00f3lares (US$13,397,000.00). Esa cantidad de dinero, como ustedes muy bien saben, esta Instituci\u00f3n no la tiene\u00bb. <\/span><\/p>\n<\/p>\n<p><span class=\"text1noticias\">Explic\u00f3, entonces, al presentarse la situaci\u00f3n de que esa deuda en particular fuera parte de una deuda mayor (de una deuda que en su momento fue de 2,400 millones de pesos, y que en la actualidad es de 1,864 millones de pesos),  la Junta Central Electoral, el d\u00eda 31 de enero de este a\u00f1o 2017, le pidi\u00f3  a la C\u00e1mara de Cuentas que hiciese una investigaci\u00f3n especial sobre este contrato de suministro y sus adyacentes  en relaci\u00f3n con la contrataci\u00f3n, adquisici\u00f3n y compra de esc\u00e1neres. <\/span><\/p>\n<\/p>\n<p><span class=\"text1noticias\">\u00bfQu\u00e9 pasa? Al mismo tiempo, nuestro departamento de Inform\u00e1tica, en un informe t\u00e9cnico presentado a la instituci\u00f3n, despu\u00e9s de haber analizado y examinado el parque del inventario que tenemos de esos aparatos, recomienda t\u00e9cnicamente que no se utilicen en el a\u00f1o 2020, indic\u00f3<\/span><\/p>\n<\/p>\n<p><span class=\"text1noticias\">Aclar\u00f3 que el hecho de las dificultades que se presentaron el d\u00eda de las Elecciones, en el uso de estos equipos y que son del conocimiento p\u00fablico &#8211; eso sali\u00f3 en todos los peri\u00f3dicos &#8211; bajo ning\u00fan concepto afecta  la legitimidad  de las Elecciones  del 15 de mayo del a\u00f1o 2016. <\/span><\/p>\n<\/p>\n<p><span class=\"text1noticias\">\u00bfPor qu\u00e9?  se pregunt\u00f3 Casta\u00f1os Guzm\u00e1n, generado la respuesta \u00abporque ya la Junta Central Electoral hab\u00eda dispuesto el d\u00eda 5 de mayo del a\u00f1o 2016, es decir, 10 d\u00edas antes de las elecciones,  que el conteo fuera manual\u00bb.<\/span><\/p>\n<\/p>\n<p><span class=\"text1noticias\">Agreg\u00f3: Y, todos ustedes saben adem\u00e1s,  que al final de cuentas un resultado electoral  es la consecuencia de sumar el contenido de actas f\u00edsicas; y realmente los resultados f\u00edsicos y de conteo manual de esas elecciones, venir a controvertirlos ahora parecer\u00eda algo que no es lo procedente. <\/span><\/p>\n<\/p>\n<p><strong><span class=\"text1noticias\">Texto del informe del presidente de la JCE:<\/span><\/strong><\/p>\n<\/p>\n<p><span class=\"text1noticias\">De manera que asociar un desperfecto inform\u00e1tico, con un escrutinio automatizado,  que al final de cuentas NO fue el determinante,  sino que ese escrutinio y esos resultados  los dio la Junta Central Electoral despu\u00e9s de tener un conteo manual, me parece a m\u00ed es lo relevante; una vez pudiera cualquiera pensar que por el hecho que hoy se est\u00e9 cuestionando,  que nuestra Direcci\u00f3n de Inform\u00e1tica  est\u00e1 cuestionando estos equipos,  de alguna manera esto deslegitima las elecciones de mayo de 2016. Y eso no es verdad.<\/span><\/p>\n<\/p>\n<p><span class=\"text1noticias\">Por otra parte tambi\u00e9n, el Pleno de la Junta Central Electoral, una vez la C\u00e1mara de Cuentas  remita el informe  final  de la investigaci\u00f3n financiera de ejecuci\u00f3n  del contrato  con la empresa Indra  (que nosostros pedimos el 31 de enero del 2017, pero el informe provisional lleg\u00f3 aqu\u00ed el  d\u00eda 16 de octubre del a\u00f1o 2017), nosotros ten\u00edamos 10 d\u00edas para hacer los reparos. Hicimos los reparos correspondientes  y ahora estamos esperando de lo expresado por del Presidente de la C\u00e1mara de Cuentas,  que ha dicho  que entonces ellos analizar\u00e1n  los reparos nuestros  y entonces proceder\u00e1n despu\u00e9s de un an\u00e1lisis interno y un an\u00e1lisis de calidad que hace esta instituci\u00f3n, a que la C\u00e1mara de Cuentas d\u00e9 el informe final.<\/span><\/p>\n<\/p>\n<p><span class=\"text1noticias\">Entonces,  teniendo la C\u00e1mara de Cuentas la opini\u00f3n del Departamento Inform\u00e1tico nuestro, teniendo el informe final de la C\u00e1mara de Cuentas que todav\u00eda no ha llegado,  m\u00e1s la opini\u00f3n de nuestros consultores jur\u00eddicos, entonces el Pleno de la JCE proceder\u00e1  a dar una decisi\u00f3n, decisi\u00f3n que la dar\u00e1 el Pleno de la JCE despu\u00e9s  de analizar objetivamente  todas estas informaciones, por una parte, y por otra parte despu\u00e9s de escuchar  en una audiencia p\u00fablica a todos los partidos pol\u00edticos .<\/span><\/p>\n<\/p>\n<p><span class=\"text1noticias\">Si se tratase solamente del componente econ\u00f3mico de la factura comercial,  que no ha sido pagada en su totalidad,  realmente ser\u00eda un asunto  relativamente f\u00e1cil. Pero qu\u00e9 pasa? Nosotros tenemos aqu\u00ed en nuestro inventario,49 mil 200 equipos que nuestro Departamento de Inform\u00e1tica ha dicho  que no se van a usar, que ellos no recomiendan  que se utilicen el a\u00f1o 2020.<\/span><\/p>\n<\/p>\n<p><span class=\"text1noticias\">Eso pone a la JCE en una situaci\u00f3n  de tener que decidir  qu\u00e9 hacer con ese inventario de equipos.  Y eso, dentro de muchas alternativas posibles no est\u00e1 decidido. Porque repito, eso lo va a decidir el Pleno de la JCE despu\u00e9s que la C\u00e1mara de Cuentas  termine sus trabajos y despu\u00e9s que todos los partidos pol\u00edticos hayan dado su opini\u00f3n.<\/span><\/p>\n<\/p>\n<p><span class=\"text1noticias\">Pregunta<\/span><\/p>\n<p><span class=\"text1noticias\">En el d\u00eda de hoy Roberto Rosario emiti\u00f3 un comunicado de que se referir\u00e1 al tema en su momento<\/span>.<\/p>\n<\/p>\n<p><strong>Respuesta.<\/strong><\/p>\n<p>Claro y debe hacerlo en su momento oportuno que el entienda porque ese es su derecho.<\/p>\n<p>Pero por otra parte tambi\u00e9n, debo anunciar que todo lo que tenga que ver con este asunto ser\u00e1 debidamente informado  a trav\u00e9s de nuestra p\u00e1gina. <\/p>\n<\/p>\n<p>Si ustedes entran en nuestra p\u00e1gina ah\u00ed est\u00e1n todas las informaciones disponibles al p\u00fablico; y esto no se trata tampoco  de confrontar personas. Esta es una Instituci\u00f3n que reacciona institucionalmente. Esta instituci\u00f3n tampoco est\u00e1 formulando  acusaciones contra nadie. Esa no es nuestra misi\u00f3n. <\/p>\n<\/p>\n<p>Nuestra misi\u00f3n es reaccionar  institucionalmente, org\u00e1nicamente, frente al hecho de que se est\u00e1 presentando al cobro una factura comercial  de 13 millones  997 mil d\u00f3lares y el hecho de que tenemos un inventario de equipos de 49 mil 200 unidades que nuestro Departamento de Inform\u00e1tica nos ha dicho que no se deber\u00edan utilizar  en las elecciones del 2020.<\/p>\n<\/p>\n<p><strong>Pregunta<\/strong><\/p>\n<p>Pero tienen garant\u00eda esos equipos?<\/p>\n<p>R. Esos equipos est\u00e1n ah\u00ed. Se seguir\u00e1 informando a la ciudadan\u00eda oportunamente de todo el desarrollo de los informes de la C\u00e1mara de Cuentas y de la edificaci\u00f3n de la propia JCE.\u00bb<\/p>\n<\/p>\n<p>Fuente: Direcci\u00f3n de Comunicaciones de la JCE<\/p>\n<p>9 de noviembre de 2017<\/p>\n<\/p>\n<h6> 2017-11-09 19:31:06 <\/h6>\n<p><!--\n<link rel=\"stylesheet\" href=\"css\/bootstrap.min.css\">\n\n\n<ul class=\"pagination\">\n\t    \n\t\n\n<li >\n\t<a href='?page_no=7158'>Previous<\/a>\n\t<\/li>\n\n\n       \n    \n\n<li><a href='?page_no=1'>1<\/a><\/li>\n\n\n\n<li><a href='?page_no=2'>2<\/a><\/li>\n\n\n\n<li><a>...<\/a><\/li>\n\n\n\n<li><a href='?page_no=7157'>7157<\/a><\/li>\n\n\n\n<li><a href='?page_no=7158'>7158<\/a><\/li>\n\n\n\n<li class='active'><a>7159<\/a><\/li>\n\n\n\n<li><a href='?page_no=7160'>7160<\/a><\/li>\n\n\n\n<li><a href='?page_no=7161'>7161<\/a><\/li>\n\n\n\n<li><a>...<\/a><\/li>\n\n\n\n<li><a href='?page_no=36999'>36999<\/a><\/li>\n\n\n\n<li><a href='?page_no=37000'>37000<\/a><\/li>\n\n    \n\t\n\n<li >\n\t<a href='?page_no=7160'>Next<\/a>\n\t<\/li>\n\n\n    \n\n<li><a href='?page_no=37000'>Last &rsaquo;&rsaquo;<\/a><\/li>\n\n<\/ul>\n\n\n--><br \/>\n<\/body><\/p>\n","protected":false},"excerpt":{"rendered":"<p>Santo Domingo, R. D., 9 de noviembre, 2017.- El presidente de la Junta Central Electoral (JCE) , Julio C\u00e9sar Cqasta\u00f1os Guzm\u00e1n al rendir un informe sobre la Direcci\u00f3n de Inform\u00e1tica de la JCE dijo que la C\u00e1mara de Cuentas tendr\u00e1 que hacer las recomenddaciones de lugar con respecto a la deuda de 13 millones 997 [&hellip;]<\/p>\n","protected":false},"author":3,"featured_media":0,"comment_status":"open","ping_status":"open","sticky":false,"template":"","format":"standard","meta":{"footnotes":""},"categories":[22],"tags":[],"class_list":["post-171899","post","type-post","status-publish","format-standard","hentry","category-politica"],"_links":{"self":[{"href":"https:\/\/diariodominicano.com\/index.php?rest_route=\/wp\/v2\/posts\/171899","targetHints":{"allow":["GET"]}}],"collection":[{"href":"https:\/\/diariodominicano.com\/index.php?rest_route=\/wp\/v2\/posts"}],"about":[{"href":"https:\/\/diariodominicano.com\/index.php?rest_route=\/wp\/v2\/types\/post"}],"author":[{"embeddable":true,"href":"https:\/\/diariodominicano.com\/index.php?rest_route=\/wp\/v2\/users\/3"}],"replies":[{"embeddable":true,"href":"https:\/\/diariodominicano.com\/index.php?rest_route=%2Fwp%2Fv2%2Fcomments&post=171899"}],"version-history":[{"count":0,"href":"https:\/\/diariodominicano.com\/index.php?rest_route=\/wp\/v2\/posts\/171899\/revisions"}],"wp:attachment":[{"href":"https:\/\/diariodominicano.com\/index.php?rest_route=%2Fwp%2Fv2%2Fmedia&parent=171899"}],"wp:term":[{"taxonomy":"category","embeddable":true,"href":"https:\/\/diariodominicano.com\/index.php?rest_route=%2Fwp%2Fv2%2Fcategories&post=171899"},{"taxonomy":"post_tag","embeddable":true,"href":"https:\/\/diariodominicano.com\/index.php?rest_route=%2Fwp%2Fv2%2Ftags&post=171899"}],"curies":[{"name":"wp","href":"https:\/\/api.w.org\/{rel}","templated":true}]}}