{"id":171897,"date":"2017-11-10T08:44:40","date_gmt":"2017-11-10T08:44:40","guid":{"rendered":"http:\/\/diariodominicano.ddns.net\/?p=171897"},"modified":"2017-11-10T08:44:40","modified_gmt":"2017-11-10T08:44:40","slug":"prm-participa-en-costa-rica-en-conferencia-de-partidos-de-la-alianza-progresista","status":"publish","type":"post","link":"https:\/\/diariodominicano.com\/?p=171897","title":{"rendered":"PRM participa en Costa Rica en Conferencia de Partidos de la Alianza Progresista"},"content":{"rendered":"<p><body><\/p>\n<p>Santo Domingo, R. D., 10 de noviembre, 2017.- <span class=\"text1noticias\">El Partido Revolucionario Moderno (PRM) participa como miembro fundador de la Alianza Progresista de Partidos Pol\u00edticos, en la reuni\u00f3n a celebrarse los d\u00edas 10 y 11 de noviembre, en la Cuidad de San Jos\u00e9 de Costa Rica, cuya agenda contempla dejar fundado el Comit\u00e9 para Am\u00e9rica Latina de dicha organizaci\u00f3n.<\/span><\/p>\n<\/p>\n<p><span class=\"text1noticias\">La delegaci\u00f3n del PRM la encabeza su Secretario General, Jes\u00fas V\u00e1squez, y Rafael B\u00e1ez P\u00e9rez, Secretario Internacional, quienes partieron este jueves hacia la Rep\u00fablica de Costa Rica.<\/span><\/p>\n<\/p>\n<p><span class=\"text1noticias\">La Conferencia de la Alianza Progresista de Partidos Pol\u00edticos tambi\u00e9n discutir\u00e1 otros puntos de agenda entre los cuales se encuentran:  Empoderando a las personas en una sociedad democr\u00e1tica, inclusiva y sostenible. Eliminar la discriminaci\u00f3n social, mediante el cual se discutir\u00e1 la participaci\u00f3n de la mujer, la juventud y las minor\u00edas en la toma de decisiones de los Estados y de los Partidos en Am\u00e9rica y el Mundo.<\/span><\/p>\n<\/p>\n<p><span class=\"text1noticias\">Otra Conferencia con el tema: \u00bfVivir con m\u00e1quinas?, la cual tratar\u00e1 la importancia de los avances tecnol\u00f3gicos en el desarrollo de los pueblos y la reducci\u00f3n de la pobreza de las sociedades.<\/span><\/p>\n<\/p>\n<p><span class=\"text1noticias\">La Conferencia tendr\u00e1 la participaci\u00f3n por Argentina el Partido Socialista y el Partido Generaci\u00f3n para un Encuentro Nacional (Gen). Por Australia, el Partido Laboral Australiano, y el Movimiento del Pablo por el Progreso. Por Cameron, el Frente Socialdem\u00f3crata de Cameron.<\/span><\/p>\n<\/p>\n<p><span class=\"text1noticias\">Del Canad\u00e1, el Partido Nueva Democracia. De Chile el Partido Socialista de Chile y el Partido por la Democracia. Del anfitri\u00f3n Costa Rica Partido Acci\u00f3n Social de Costa Rica, del Congo el Partido Democr\u00e1tico del Congo. Por Alemania, el Partido Socialdem\u00f3crata Alem\u00e1n y de Gran Breta\u00f1a, el Partido Laborista Brit\u00e1nico.<\/span><\/p>\n<\/p>\n<p><span class=\"text1noticias\">De Iraq, el partido Uni\u00f3n Patri\u00f3tica de Kurdist\u00e1n, el Partido Laborista de Israel y el Partido Uni\u00f3n Socialista de Fuerzas Populares. Por M\u00e9xico, el Partido Revolucionario Dominicano de M\u00e9xico y el Movimiento de Ciudadanos.<\/span><\/p>\n<\/p>\n<p><span class=\"text1noticias\">De Mongolia, participa el Partido del Pueblo de Mongolia. De Nepal, el Partido del Congreso Nepal\u00ed. Por Netherlands (Holanda), el Partido Laborista, por Nicaragua, el Movimiento de Renovaci\u00f3n Sandinista, por Palestina, el partido de la separaci\u00f3n de Palestina y el partido Iniciativa Nacional Palestina.<\/span><\/p>\n<\/p>\n<p><span class=\"text1noticias\">Paraguay env\u00eda al Partido por un Pa\u00eds Solidario, de Filipinas participa el partido de Acci\u00f3n Ciudadana, el Partido Convergencia de Ciudadanos del Congo, de Suiza, el Partido Socialdem\u00f3crata Suizo, de Tanzania, Chama Cha Mapinduzi (CCM) Humphrey Polepole.<\/span><\/p>\n<\/p>\n<p><span class=\"text1noticias\">Por Uruguay, el Partido Socialista de Uruguay, por el Sahara Oeste, el Frente Polisario. Tambi\u00e9n el Movimiento Falc\u00f3n Internacional, el Movimiento Internacional de Educaci\u00f3n Socialista, El Grupo de Parlamentarios Socialistas y Democr\u00e1ticos de Europa, el Partido Socialista de Europa, La Confederaci\u00f3n Sindical de Am\u00e9rica (TUCA), Fundaci\u00f3n Friedrich Ebert (FES), el Foro Global Progresista y como invitados, por Jamaica, el Partido Nacional del Pueblo, de Panam\u00e1, el Partido Democr\u00e1tico Revolucionario, de Venezuela, Partido Progresista,<\/span><\/p>\n<\/p>\n<p><span class=\"text1noticias\">La Alianza Progresista cuenta con mas de 100 Partidos y Movimientos Pol\u00edticos, dirigida por el Alem\u00e1n, Konstantin Woinoff.<\/span><\/p>\n<\/p>\n<p><span class=\"text1noticias\">Fuente: Andr\u00e9s Matos<\/span><\/p>\n<h6> 2017-11-10 08:44:40 <\/h6>\n<p><!--\n<link rel=\"stylesheet\" href=\"css\/bootstrap.min.css\">\n\n\n<ul class=\"pagination\">\n\t    \n\t\n\n<li >\n\t<a href='?page_no=7156'>Previous<\/a>\n\t<\/li>\n\n\n       \n    \n\n<li><a href='?page_no=1'>1<\/a><\/li>\n\n\n\n<li><a href='?page_no=2'>2<\/a><\/li>\n\n\n\n<li><a>...<\/a><\/li>\n\n\n\n<li><a href='?page_no=7155'>7155<\/a><\/li>\n\n\n\n<li><a href='?page_no=7156'>7156<\/a><\/li>\n\n\n\n<li class='active'><a>7157<\/a><\/li>\n\n\n\n<li><a href='?page_no=7158'>7158<\/a><\/li>\n\n\n\n<li><a href='?page_no=7159'>7159<\/a><\/li>\n\n\n\n<li><a>...<\/a><\/li>\n\n\n\n<li><a href='?page_no=36999'>36999<\/a><\/li>\n\n\n\n<li><a href='?page_no=37000'>37000<\/a><\/li>\n\n    \n\t\n\n<li >\n\t<a href='?page_no=7158'>Next<\/a>\n\t<\/li>\n\n\n    \n\n<li><a href='?page_no=37000'>Last &rsaquo;&rsaquo;<\/a><\/li>\n\n<\/ul>\n\n\n--><br \/>\n<\/body><\/p>\n","protected":false},"excerpt":{"rendered":"<p>Santo Domingo, R. D., 10 de noviembre, 2017.- El Partido Revolucionario Moderno (PRM) participa como miembro fundador de la Alianza Progresista de Partidos Pol\u00edticos, en la reuni\u00f3n a celebrarse los d\u00edas 10 y 11 de noviembre, en la Cuidad de San Jos\u00e9 de Costa Rica, cuya agenda contempla dejar fundado el Comit\u00e9 para Am\u00e9rica Latina [&hellip;]<\/p>\n","protected":false},"author":3,"featured_media":0,"comment_status":"open","ping_status":"open","sticky":false,"template":"","format":"standard","meta":{"footnotes":""},"categories":[22],"tags":[],"class_list":["post-171897","post","type-post","status-publish","format-standard","hentry","category-politica"],"_links":{"self":[{"href":"https:\/\/diariodominicano.com\/index.php?rest_route=\/wp\/v2\/posts\/171897","targetHints":{"allow":["GET"]}}],"collection":[{"href":"https:\/\/diariodominicano.com\/index.php?rest_route=\/wp\/v2\/posts"}],"about":[{"href":"https:\/\/diariodominicano.com\/index.php?rest_route=\/wp\/v2\/types\/post"}],"author":[{"embeddable":true,"href":"https:\/\/diariodominicano.com\/index.php?rest_route=\/wp\/v2\/users\/3"}],"replies":[{"embeddable":true,"href":"https:\/\/diariodominicano.com\/index.php?rest_route=%2Fwp%2Fv2%2Fcomments&post=171897"}],"version-history":[{"count":0,"href":"https:\/\/diariodominicano.com\/index.php?rest_route=\/wp\/v2\/posts\/171897\/revisions"}],"wp:attachment":[{"href":"https:\/\/diariodominicano.com\/index.php?rest_route=%2Fwp%2Fv2%2Fmedia&parent=171897"}],"wp:term":[{"taxonomy":"category","embeddable":true,"href":"https:\/\/diariodominicano.com\/index.php?rest_route=%2Fwp%2Fv2%2Fcategories&post=171897"},{"taxonomy":"post_tag","embeddable":true,"href":"https:\/\/diariodominicano.com\/index.php?rest_route=%2Fwp%2Fv2%2Ftags&post=171897"}],"curies":[{"name":"wp","href":"https:\/\/api.w.org\/{rel}","templated":true}]}}