{"id":171896,"date":"2017-11-10T12:36:37","date_gmt":"2017-11-10T12:36:37","guid":{"rendered":"http:\/\/diariodominicano.ddns.net\/?p=171896"},"modified":"2017-11-10T12:36:37","modified_gmt":"2017-11-10T12:36:37","slug":"ministra-de-salud-preve-dialogo-con-el-cmd-cuando-las-aguas-bajen","status":"publish","type":"post","link":"https:\/\/diariodominicano.com\/?p=171896","title":{"rendered":"Ministra de Salud prev\u00e9 dialogo  con  el CMD cuando \u00ablas aguas bajen\u00bb"},"content":{"rendered":"<p><body><\/p>\n<p><img decoding=\"async\" src=\"img3\/tati.jpg\" \/>  <\/p>\n<p>La ministra de Salud P\u00fablica, Altagracia Guzm\u00e1n Marcelino, expres\u00f3 que espera que \u00ablas aguas vuelvan a su nivel\u00bb en el  Colegio M\u00e9dico Dominicano tras las elecciones del pasado mi\u00e9rcoles para  que el gobierno retome  el dialogo con el gremio.<\/p>\n<\/p>\n<p>Se manifest\u00f3 esperanzada de que pudiera  trabajar  con la directiva que sale y la que entra en el Colegio M\u00e9dico Dominicano para ofrecer servicios de calidad y de trato humano a los pacientes.<\/p>\n<\/p>\n<p>\u00abHay que esperar que las aguas bajen\u00bb, respondi\u00f3 Altagracia Guzm\u00e1n cuando en la estaci\u00f3n Zol le preguntaron sobre el dialogo con la directiva del Colegio M\u00e9dico Dominicano.<\/p>\n<\/p>\n<p>\u00abComo buenos dominicanos sabemos lo que esperar que las aguas bajen\u00bb, explic\u00f3 la Ministra de Salud en una rese\u00f1a de sus declaraciones a cargo de la Secretaria de Comunicaciones del PLD, organizaci\u00f3n de la cual Guzm\u00e1n Marcelino es miembro del Comit\u00e9 Central.<\/p>\n<\/p>\n<p>Explic\u00f3 las razones por la que,   como profesional de la salud, respald\u00f3 las aspiraciones del Doctor Clemente Terrero para que presidiera el Colegio M\u00e9dico Dominicano, al igual que lo hizo Dignidad Gremial, corriente orientada por el PLD.<\/p>\n<\/p>\n<p>Declar\u00f3  que siempre ha respaldo a Clemente Terrero porque lo conoce hace tiempo, son colegas del mismo hospital, sabe de sus capacidades y de su entrega a los servicios.<\/p>\n<\/p>\n<p>Consider\u00f3 que con \u00e9l pod\u00edan avanzar en los est\u00e1 comprometido el Gobierno como en la calidad de los servicios, el trato humano a los  pacientes, la reducci\u00f3n de las muertes materna infantil, la reducci\u00f3n de los casos por dengue y loptopirosis, entre otros retos del sector salud<\/p>\n<\/p>\n<p>No obstante  dijo que seguir\u00e1n trabajando y que esperan que la nueva directiva del gremio encabezada por el doctor Wilson Roa,  trabajen para mejorar los servicios de salud en los hospitales.<\/p>\n<h6> 2017-11-10 12:36:37 <\/h6>\n<p><!--\n<link rel=\"stylesheet\" href=\"css\/bootstrap.min.css\">\n\n\n<ul class=\"pagination\">\n\t    \n\t\n\n<li >\n\t<a href='?page_no=7155'>Previous<\/a>\n\t<\/li>\n\n\n       \n    \n\n<li><a href='?page_no=1'>1<\/a><\/li>\n\n\n\n<li><a href='?page_no=2'>2<\/a><\/li>\n\n\n\n<li><a>...<\/a><\/li>\n\n\n\n<li><a href='?page_no=7154'>7154<\/a><\/li>\n\n\n\n<li><a href='?page_no=7155'>7155<\/a><\/li>\n\n\n\n<li class='active'><a>7156<\/a><\/li>\n\n\n\n<li><a href='?page_no=7157'>7157<\/a><\/li>\n\n\n\n<li><a href='?page_no=7158'>7158<\/a><\/li>\n\n\n\n<li><a>...<\/a><\/li>\n\n\n\n<li><a href='?page_no=36999'>36999<\/a><\/li>\n\n\n\n<li><a href='?page_no=37000'>37000<\/a><\/li>\n\n    \n\t\n\n<li >\n\t<a href='?page_no=7157'>Next<\/a>\n\t<\/li>\n\n\n    \n\n<li><a href='?page_no=37000'>Last &rsaquo;&rsaquo;<\/a><\/li>\n\n<\/ul>\n\n\n--><br \/>\n<\/body><\/p>\n","protected":false},"excerpt":{"rendered":"<p>La ministra de Salud P\u00fablica, Altagracia Guzm\u00e1n Marcelino, expres\u00f3 que espera que \u00ablas aguas vuelvan a su nivel\u00bb en el Colegio M\u00e9dico Dominicano tras las elecciones del pasado mi\u00e9rcoles para que el gobierno retome el dialogo con el gremio. Se manifest\u00f3 esperanzada de que pudiera trabajar con la directiva que sale y la que entra [&hellip;]<\/p>\n","protected":false},"author":3,"featured_media":0,"comment_status":"open","ping_status":"open","sticky":false,"template":"","format":"standard","meta":{"footnotes":""},"categories":[22],"tags":[],"class_list":["post-171896","post","type-post","status-publish","format-standard","hentry","category-politica"],"_links":{"self":[{"href":"https:\/\/diariodominicano.com\/index.php?rest_route=\/wp\/v2\/posts\/171896","targetHints":{"allow":["GET"]}}],"collection":[{"href":"https:\/\/diariodominicano.com\/index.php?rest_route=\/wp\/v2\/posts"}],"about":[{"href":"https:\/\/diariodominicano.com\/index.php?rest_route=\/wp\/v2\/types\/post"}],"author":[{"embeddable":true,"href":"https:\/\/diariodominicano.com\/index.php?rest_route=\/wp\/v2\/users\/3"}],"replies":[{"embeddable":true,"href":"https:\/\/diariodominicano.com\/index.php?rest_route=%2Fwp%2Fv2%2Fcomments&post=171896"}],"version-history":[{"count":0,"href":"https:\/\/diariodominicano.com\/index.php?rest_route=\/wp\/v2\/posts\/171896\/revisions"}],"wp:attachment":[{"href":"https:\/\/diariodominicano.com\/index.php?rest_route=%2Fwp%2Fv2%2Fmedia&parent=171896"}],"wp:term":[{"taxonomy":"category","embeddable":true,"href":"https:\/\/diariodominicano.com\/index.php?rest_route=%2Fwp%2Fv2%2Fcategories&post=171896"},{"taxonomy":"post_tag","embeddable":true,"href":"https:\/\/diariodominicano.com\/index.php?rest_route=%2Fwp%2Fv2%2Ftags&post=171896"}],"curies":[{"name":"wp","href":"https:\/\/api.w.org\/{rel}","templated":true}]}}