{"id":171895,"date":"2017-11-10T12:45:27","date_gmt":"2017-11-10T12:45:27","guid":{"rendered":"http:\/\/diariodominicano.ddns.net\/?p=171895"},"modified":"2017-11-10T12:45:27","modified_gmt":"2017-11-10T12:45:27","slug":"miembro-titular-jce-participa-en-encuentro-clarciev","status":"publish","type":"post","link":"https:\/\/diariodominicano.com\/?p=171895","title":{"rendered":"Miembro titular JCE participa en encuentro CLARCIEV"},"content":{"rendered":"<p><body><\/p>\n<p><img decoding=\"async\" src=\"img3\/forum.jpg\" \/>  <\/p>\n<p>El miembro titular de la Junta Central Electoral, Lic. Henry Mej\u00eda Oviedo participa en el XIV Encuentro del Consejo Latinoamericano y del Caribe del Registro Civil, Identidad y Estad\u00edsticas Vitales (CLARCIEV), celebrado en la ciudad de Buenos Aires, Argentina.<\/p>\n<\/p>\n<p>El CLARCIEV est\u00e1 integrado por 21 pa\u00edses de Am\u00e9rica Latina y cuenta con el aval de organismos internacionales como la Organizaci\u00f3n de Estados Americanos (OEA), el Banco Interamericano de Desarrollo (BID), Comisi\u00f3n Econom\u00eda de Am\u00e9rica Latina y el Caribe (CEPAL), entre otras.<\/p>\n<\/p>\n<p>Este consejo tiene como objetivo principal promover el acceso de todas las personas al derecho a la identidad, creando conciencia tanto entre los Estados como en la poblaci\u00f3n sobre la necesidad de contar con instituciones de registro civil s\u00f3lidas, modernas y transparentes.<\/p>\n<\/p>\n<p>El magistrado Mej\u00eda, plante\u00f3 en su intervenci\u00f3n los avances que ha obtenido la Rep\u00fablica Dominicana en materia de registro civil y di\u00f3 a conocer los nuevos programas a desarrollar por la JCE en pro de mejorar los procesos de declaraciones oportunas de nacimiento y de defunci\u00f3n; asegur\u00f3 trabajar  en los  objetivos del milenio para que en el 2030 no exista ning\u00fan ciudadano sin ser provisto de su documento de identidad.<\/p>\n<\/p>\n<p>As\u00ed mismo,  manifest\u00f3 estar de acuerdo con las nuevas modalidades para lograr que el registro civil de todos los pa\u00edses presentes, sea universal y digital.<\/p>\n<\/p>\n<p>Acompa\u00f1an al magistrado Mej\u00eda, la Directora Nacional del Registro Civil, Sra. Dolores Altagracia Fern\u00e1ndez y la Licda. Daiyud Bret\u00f3n Alba.<\/p>\n<h6> 2017-11-10 12:45:27 <\/h6>\n<p><!--\n<link rel=\"stylesheet\" href=\"css\/bootstrap.min.css\">\n\n\n<ul class=\"pagination\">\n\t    \n\t\n\n<li >\n\t<a href='?page_no=7154'>Previous<\/a>\n\t<\/li>\n\n\n       \n    \n\n<li><a href='?page_no=1'>1<\/a><\/li>\n\n\n\n<li><a href='?page_no=2'>2<\/a><\/li>\n\n\n\n<li><a>...<\/a><\/li>\n\n\n\n<li><a href='?page_no=7153'>7153<\/a><\/li>\n\n\n\n<li><a href='?page_no=7154'>7154<\/a><\/li>\n\n\n\n<li class='active'><a>7155<\/a><\/li>\n\n\n\n<li><a href='?page_no=7156'>7156<\/a><\/li>\n\n\n\n<li><a href='?page_no=7157'>7157<\/a><\/li>\n\n\n\n<li><a>...<\/a><\/li>\n\n\n\n<li><a href='?page_no=36999'>36999<\/a><\/li>\n\n\n\n<li><a href='?page_no=37000'>37000<\/a><\/li>\n\n    \n\t\n\n<li >\n\t<a href='?page_no=7156'>Next<\/a>\n\t<\/li>\n\n\n    \n\n<li><a href='?page_no=37000'>Last &rsaquo;&rsaquo;<\/a><\/li>\n\n<\/ul>\n\n\n--><br \/>\n<\/body><\/p>\n","protected":false},"excerpt":{"rendered":"<p>El miembro titular de la Junta Central Electoral, Lic. Henry Mej\u00eda Oviedo participa en el XIV Encuentro del Consejo Latinoamericano y del Caribe del Registro Civil, Identidad y Estad\u00edsticas Vitales (CLARCIEV), celebrado en la ciudad de Buenos Aires, Argentina. El CLARCIEV est\u00e1 integrado por 21 pa\u00edses de Am\u00e9rica Latina y cuenta con el aval de [&hellip;]<\/p>\n","protected":false},"author":3,"featured_media":0,"comment_status":"open","ping_status":"open","sticky":false,"template":"","format":"standard","meta":{"footnotes":""},"categories":[22],"tags":[],"class_list":["post-171895","post","type-post","status-publish","format-standard","hentry","category-politica"],"_links":{"self":[{"href":"https:\/\/diariodominicano.com\/index.php?rest_route=\/wp\/v2\/posts\/171895","targetHints":{"allow":["GET"]}}],"collection":[{"href":"https:\/\/diariodominicano.com\/index.php?rest_route=\/wp\/v2\/posts"}],"about":[{"href":"https:\/\/diariodominicano.com\/index.php?rest_route=\/wp\/v2\/types\/post"}],"author":[{"embeddable":true,"href":"https:\/\/diariodominicano.com\/index.php?rest_route=\/wp\/v2\/users\/3"}],"replies":[{"embeddable":true,"href":"https:\/\/diariodominicano.com\/index.php?rest_route=%2Fwp%2Fv2%2Fcomments&post=171895"}],"version-history":[{"count":0,"href":"https:\/\/diariodominicano.com\/index.php?rest_route=\/wp\/v2\/posts\/171895\/revisions"}],"wp:attachment":[{"href":"https:\/\/diariodominicano.com\/index.php?rest_route=%2Fwp%2Fv2%2Fmedia&parent=171895"}],"wp:term":[{"taxonomy":"category","embeddable":true,"href":"https:\/\/diariodominicano.com\/index.php?rest_route=%2Fwp%2Fv2%2Fcategories&post=171895"},{"taxonomy":"post_tag","embeddable":true,"href":"https:\/\/diariodominicano.com\/index.php?rest_route=%2Fwp%2Fv2%2Ftags&post=171895"}],"curies":[{"name":"wp","href":"https:\/\/api.w.org\/{rel}","templated":true}]}}