{"id":171893,"date":"2017-11-11T23:45:25","date_gmt":"2017-11-11T23:45:25","guid":{"rendered":"http:\/\/diariodominicano.ddns.net\/?p=171893"},"modified":"2017-11-11T23:45:25","modified_gmt":"2017-11-11T23:45:25","slug":"pld-aborda-en-seminario-la-legislacion-electoral-dominicana-y-su-perspectiva","status":"publish","type":"post","link":"https:\/\/diariodominicano.com\/?p=171893","title":{"rendered":"PLD aborda en seminario la Legislaci\u00f3n Electoral Dominicana y su perspectiva"},"content":{"rendered":"<p><body><\/p>\n<p><img decoding=\"async\" src=\"img3\/JSF_7451.JPG\" \/><br \/><img decoding=\"async\" src=\"img3\/JSF_7482.JPG\" \/><br \/><img decoding=\"async\" src=\"img3\/JSF_7512.JPG\" \/>  <\/p>\n<p><strong> Diariodominicano.com<\/strong><\/p>\n<\/p>\n<p><strong>SANTO DOMINGO, RD, 11 de noviembre de 2017.- <\/strong>Alejandrina Germ\u00e1n, Miembro del Comit\u00e9 Pol\u00edtico y titular de la Secretar\u00eda de Formaci\u00f3n Pol\u00edtica del Partido de la Liberaci\u00f3n Dominicana (PLD), asegur\u00f3 que los sectores que est\u00e1n so\u00f1ando con una divisi\u00f3n de esa organizaci\u00f3n con el supuesto debate del tema de la reelecci\u00f3n presidencial est\u00e1n equivocados.<\/p>\n<\/p>\n<p>Dijo  quienes tienen ese tema en la palestra p\u00fablica se basan en presunciones sin sustento,  que no se concretar\u00e1n nunca.<\/p>\n<\/p>\n<p>Explic\u00f3 a los periodistas que la abordaron con el tema de la reelecci\u00f3n presidencial que no se ha discutido de manera institucional a lo interno del PLD, por lo que el mismo no ha afectado ni afectar\u00e1 la unidad del Partido.<\/p>\n<\/p>\n<p>\u00abAlgunos compa\u00f1eros de manera individual pueden opinar, pero como instituci\u00f3n en el PLD no se est\u00e1 discutiendo ese tema.  Los que est\u00e1n so\u00f1ando que nos van a dividir con eso, se equivocaron, aqu\u00ed todo est\u00e1 tranquilo&#8230; no hay diferencias.  La unidad del PLD no est\u00e1 en juego\u00bb, precis\u00f3 la dirigente pelede\u00edsta.<\/p>\n<\/p>\n<p>Alejandrina Germ\u00e1n convers\u00f3 con los periodistas  previo al Panel \u00abLa Legislaci\u00f3n Electoral Dominicana: Situaci\u00f3n y Perspectivas\u00bb ofrecido por la Secretar\u00eda de Formaci\u00f3n Pol\u00edtica en el Gran Sal\u00f3n Bienvenido Sandoval de la Casa Nacional del PLD.<\/p>\n<\/p>\n<p>Con relaci\u00f3n al proyecto de  Ley de Partidos, Movimientos  Agrupaciones Pol\u00edticas respondi\u00f3 afirmando  que la dirigencia del PLD ya ha discutido la mayor parte del articulado y  que el punto relativo a la celebraci\u00f3n de las primarias simultaneas con el padr\u00f3n de la Junta Central Electoral se acord\u00f3 consultar   a un equipo de expertos en derecho constitucional, cuesti\u00f3n que tiene entendido, se est\u00e1 haciendo.<\/p>\n<\/p>\n<p>Por otro lado, al responder a los cuestionamientos sobre la funcionabilidad de los equipos electr\u00f3nicos utilizados en las pasadas elecciones nacionales, consider\u00f3 que le corresponde a la C\u00e1mara de Cuentas u otras instancias del Estado investigar a profundidad sobre ese caso, para que puedan dar un informe exhaustivo, definido y objetivo, para que la poblaci\u00f3n dominicana lo conozca y tomen las decisiones que tengan que tomar.<\/p>\n<\/p>\n<p>\u00abCreo que hasta que expertos no conozcan la veracidad o no del informe que trascendi\u00f3, de si se pueden o no utilizar esos equipos; hay que ver si se pueden habilitar, que un equipo de expertos determine si realmente se pueden descartar o no, o solicitar a la instituci\u00f3n que lo suministr\u00f3 que cubra los gastos\u00bb, puntualiz\u00f3.<\/p>\n<\/p>\n<p>La tambi\u00e9n Ministra de Educaci\u00f3n Superior, Ciencia y Tecnolog\u00eda consider\u00f3 que en torno al caso se dio una informaci\u00f3n y no se sopes\u00f3 antes de hacerla p\u00fablica, sin investigar a profundidad cu\u00e1l es la situaci\u00f3n a profundidad y se ha producido un bumer\u00e1n.<\/p>\n<p><strong> <\/strong><\/p>\n<p><strong>Sobre el Panel<\/strong><\/p>\n<\/p>\n<p>En la actividad, encabezada por Alejandrina Germ\u00e1n, participaron como conferencistas Jos\u00e9 Manuel Hern\u00e1ndez Peguero, John Garrido, Roberto Rodr\u00edguez y Manuel Galv\u00e1n expertos en legislaci\u00f3n electoral; as\u00ed como los subsecretarios Alfonso Espinal, V\u00edctor Cuevas, Milton Reyes y  Beatriz Ovalle.<\/p>\n<\/p>\n<p>Los miembros del Comit\u00e9 Central Ligia Amada Melo, Pa\u00edno Abreu Collado, Guarocuya Feliz y H\u00e9ctor Olivo, quien fungi\u00f3 como moderador, encabezaron el listado de dirigentes participantes.<\/p>\n<\/p>\n<p>Alejandrina Germ\u00e1n dijo que el objetivo del panel es que los miembros del PLD dominen a profundidad los temas electorales de actualidad para que puedan actuar con propiedad, pertinencia y eficacia cuando se est\u00e9 en el proceso de las campa\u00f1as electorales.<\/p>\n<\/p>\n<p>Analizar la Legislaci\u00f3n Electoral Dominicana, sus fortalezas y debilidades, avances e impacto en el Sistema de Partidos Pol\u00edticos.<\/p>\n<\/p>\n<p>Indic\u00f3 que el pa\u00eds est\u00e1  en un momento fuera del escenario convulsivo de las campa\u00f1as electorales, lo que es propicio para que el PLD pueda discutir temas fundamentales, como son: Tribunal Superior Electoral: ley de creaci\u00f3n, funciones, impacto del trabajo realizado; la Legislaci\u00f3n Electoral Dominicana: avances y desaf\u00edos; Proyecto de Ley Org\u00e1nica del R\u00e9gimen Electoral: su contribuci\u00f3n al fortalecimiento  de la institucionalidad democr\u00e1tica; Impacto de las Sentencias del Tribunal Superior Electoral en los Partidos Pol\u00edticos.<\/p>\n<\/p>\n<p>Record\u00f3 que con la promulgaci\u00f3n, en el 2010, de la Constituci\u00f3n de la Rep\u00fablica se aprob\u00f3 el establecimiento de un Estado Social, y Democr\u00e1tico de Derecho, lo que se garantiza con el fortalecimiento institucional del pa\u00eds, y las disposiciones electorales contribuir\u00e1n con ese objetivo.<\/p>\n<\/p>\n<p>\u00abEstoy segura que los expositores har\u00e1n un aporte importante para nuestra informaci\u00f3n, conocimiento y reflexi\u00f3n sobre estos temas, que est\u00e1n en el programa de Formaci\u00f3n Pol\u00edtica\u00bb, indic\u00f3 Germ\u00e1n.<\/p>\n<\/p>\n<p>Expres\u00f3 que, con este tipo de actividades,   la Secretar\u00eda de Formaci\u00f3n Pol\u00edtica lo que pretende es que los pelede\u00edstas adquieran el mayor dominio de diferentes tema de inter\u00e9s nacional, para que puedan discutir con propiedad sobre las leyes que sustentan Sistema Electoral Dominicano, entre otros.<\/p>\n<h6> 2017-11-11 23:45:25 <\/h6>\n<p><!--\n<link rel=\"stylesheet\" href=\"css\/bootstrap.min.css\">\n\n\n<ul class=\"pagination\">\n\t    \n\t\n\n<li >\n\t<a href='?page_no=7152'>Previous<\/a>\n\t<\/li>\n\n\n       \n    \n\n<li><a href='?page_no=1'>1<\/a><\/li>\n\n\n\n<li><a href='?page_no=2'>2<\/a><\/li>\n\n\n\n<li><a>...<\/a><\/li>\n\n\n\n<li><a href='?page_no=7151'>7151<\/a><\/li>\n\n\n\n<li><a href='?page_no=7152'>7152<\/a><\/li>\n\n\n\n<li class='active'><a>7153<\/a><\/li>\n\n\n\n<li><a href='?page_no=7154'>7154<\/a><\/li>\n\n\n\n<li><a href='?page_no=7155'>7155<\/a><\/li>\n\n\n\n<li><a>...<\/a><\/li>\n\n\n\n<li><a href='?page_no=36999'>36999<\/a><\/li>\n\n\n\n<li><a href='?page_no=37000'>37000<\/a><\/li>\n\n    \n\t\n\n<li >\n\t<a href='?page_no=7154'>Next<\/a>\n\t<\/li>\n\n\n    \n\n<li><a href='?page_no=37000'>Last &rsaquo;&rsaquo;<\/a><\/li>\n\n<\/ul>\n\n\n--><br \/>\n<\/body><\/p>\n","protected":false},"excerpt":{"rendered":"<p>Diariodominicano.com SANTO DOMINGO, RD, 11 de noviembre de 2017.- Alejandrina Germ\u00e1n, Miembro del Comit\u00e9 Pol\u00edtico y titular de la Secretar\u00eda de Formaci\u00f3n Pol\u00edtica del Partido de la Liberaci\u00f3n Dominicana (PLD), asegur\u00f3 que los sectores que est\u00e1n so\u00f1ando con una divisi\u00f3n de esa organizaci\u00f3n con el supuesto debate del tema de la reelecci\u00f3n presidencial est\u00e1n equivocados. [&hellip;]<\/p>\n","protected":false},"author":3,"featured_media":0,"comment_status":"open","ping_status":"open","sticky":false,"template":"","format":"standard","meta":{"footnotes":""},"categories":[22],"tags":[],"class_list":["post-171893","post","type-post","status-publish","format-standard","hentry","category-politica"],"_links":{"self":[{"href":"https:\/\/diariodominicano.com\/index.php?rest_route=\/wp\/v2\/posts\/171893","targetHints":{"allow":["GET"]}}],"collection":[{"href":"https:\/\/diariodominicano.com\/index.php?rest_route=\/wp\/v2\/posts"}],"about":[{"href":"https:\/\/diariodominicano.com\/index.php?rest_route=\/wp\/v2\/types\/post"}],"author":[{"embeddable":true,"href":"https:\/\/diariodominicano.com\/index.php?rest_route=\/wp\/v2\/users\/3"}],"replies":[{"embeddable":true,"href":"https:\/\/diariodominicano.com\/index.php?rest_route=%2Fwp%2Fv2%2Fcomments&post=171893"}],"version-history":[{"count":0,"href":"https:\/\/diariodominicano.com\/index.php?rest_route=\/wp\/v2\/posts\/171893\/revisions"}],"wp:attachment":[{"href":"https:\/\/diariodominicano.com\/index.php?rest_route=%2Fwp%2Fv2%2Fmedia&parent=171893"}],"wp:term":[{"taxonomy":"category","embeddable":true,"href":"https:\/\/diariodominicano.com\/index.php?rest_route=%2Fwp%2Fv2%2Fcategories&post=171893"},{"taxonomy":"post_tag","embeddable":true,"href":"https:\/\/diariodominicano.com\/index.php?rest_route=%2Fwp%2Fv2%2Ftags&post=171893"}],"curies":[{"name":"wp","href":"https:\/\/api.w.org\/{rel}","templated":true}]}}