{"id":171892,"date":"2017-11-12T19:54:23","date_gmt":"2017-11-12T19:54:23","guid":{"rendered":"http:\/\/diariodominicano.ddns.net\/?p=171892"},"modified":"2017-11-12T19:54:23","modified_gmt":"2017-11-12T19:54:23","slug":"luis-abinader-considera-necesidad-de-cambio-llega-a-punto-sin-retorno","status":"publish","type":"post","link":"https:\/\/diariodominicano.com\/?p=171892","title":{"rendered":"Luis Abinader considera necesidad de cambio llega a punto sin retorno"},"content":{"rendered":"<p><body><\/p>\n<p><img decoding=\"async\" src=\"img3\/abinader02.jpg\" \/>  <\/p>\n<p><strong><span class=\"text1noticias\">LA VEGA, RD, 12 de noviembre de 2017.-<\/span><\/strong><span class=\"text1noticias\">  El ex candidato presidencial del Partido Revolucionario Moderno (PRM) Luis Abinader  dijo que el deterioro de la situaci\u00f3n del pa\u00eds en diferentes \u00f3rdenes, y las opiniones que expresa la mayor\u00eda del pueblo impulsan la necesidad  de un cambio en la direcci\u00f3n del Estado a un punto de no retorno: o cambiamos, o el pa\u00eds va a la incertidumbre.<\/span><\/p>\n<\/p>\n<p><span class=\"text1noticias\">Abinader emiti\u00f3  su opini\u00f3n al pronunciar las palabras de conclusi\u00f3n del Taller de Formaci\u00f3n Pol\u00edtica y Social para J\u00f3venes, auspiciado por el diputado de La Vega, Agust\u00edn Burgos. Expres\u00f3  que alguna gente cre\u00eda que los cuestionamientos de los partidos pol\u00edticos y de la sociedad civil al gobierno del Partido de la Liberaci\u00f3n Dominicana se originaban s\u00f3lo en demandas de tinte opositor.<\/span><\/p>\n<\/p>\n<p><span class=\"text1noticias\">Un resumen de su intervenci\u00f3n remitido a Diariodominicano.com por su oficina de prensa.    <\/span><\/p>\n<\/p>\n<p><span class=\"text1noticias\">Sin embargo, dijo, \u00abpr\u00e1cticamente todos los estudios realizados tras las elecciones de mayo 2016, y las quejas y rechazos que expresa en las conversaciones cotidianas  la mayor\u00eda de la poblaci\u00f3n indican que el pa\u00eds va por mal rumbo, un elevad\u00edsimo porcentaje condena la corrupci\u00f3n y la impunidad administrativas, y gran parte de la poblaci\u00f3n siente que las autoridades no la cuidan de la delincuencia y la violencia\u00bb.<\/span><\/p>\n<\/p>\n<p><span class=\"text1noticias\">Adem\u00e1s, agreg\u00f3,  la mayor\u00eda del pueblo refleja la existencia de un estado de desesperanza y pesimismo, por lo que, seg\u00fan su criterio,  un alto porcentaje del electorado rechaza cualquier invento de reforma constitucional para favorecer el continuismo del actual modelo de gobierno. <\/span><\/p>\n<\/p>\n<p><span class=\"text1noticias\">Abinader sostuvo que el Gobierno no ha sido capaz de encarar la delincuencia con eficiencia, a la existencia de una gran brecha entre el poder adquisitivo de la gente, y el alto costo de la vida; as\u00ed como al desempleo, la  d\u00e9bil competitividad econ\u00f3mica,  la falta de apoyo gubernamental a los productores, y al endeudamiento desorbitado, pol\u00edticas que tienen a la mayor\u00eda del pueblo subsistiendo en la precariedad y la pobreza.                                                                                          <\/span><\/p>\n<\/p>\n<p><span class=\"text1noticias\">Expres\u00f3  que un dato particularmente revelador que presentan los estudios sobre lo que est\u00e1 pensando la mayor\u00eda de la poblaci\u00f3n, es que a 4 administraciones casi consecutivas del PLD, el dominicano figura entre los pueblos que m\u00e1s han perdido la fe en la democracia.<\/span><\/p>\n<\/p>\n<p><span class=\"text1noticias\">A su juicio,  el cambio que necesitamos debe iniciar con la articulaci\u00f3n de una gran unidad de prop\u00f3sitos renovadores, que gane las pr\u00f3ximas elecciones y desarrolle una serie de reformas del Estado para restablecer la vigencia plena de la institucionalidad democr\u00e1tica, el respeto riguroso a la Constituci\u00f3n de la Rep\u00fablica y las leyes, la separaci\u00f3n e independencia de los poderes del Estado, y el imperio del estado de derecho.                                                                                                            <\/span><\/p>\n<\/p>\n<p><strong><span class=\"text1noticias\">El diagn\u00f3stico de los j\u00f3venes <\/span><\/strong><\/p>\n<\/p>\n<p><span class=\"text1noticias\">El ex candidato presidencial del PRM y aliados, inform\u00f3 al iniciar su intervenci\u00f3n  que junto a su equipo t\u00e9cnico \u00abtiene en proceso de afinamiento el diagn\u00f3stico de la problem\u00e1tica de los j\u00f3venes dominicanos y las bases de las pol\u00edticas p\u00fablicas esenciales con que vamos a resolverla\u00bb.<\/span><\/p>\n<\/p>\n<p><span class=\"text1noticias\">Agreg\u00f3 que est\u00e1n elaborando  estrategias y acciones muy espec\u00edficas, sintetizadas en su propuesta Gobierno Joven, que se le dar\u00e1 terminaci\u00f3n con las sugerencias de los j\u00f3venes de todo el pa\u00eds.<\/span><\/p>\n<\/p>\n<p><span class=\"text1noticias\">En el taller tambi\u00e9n intervinieron el diputado Burgos, quien introdujo  la actividad; Eduardo Stormy Reynoso Sicard, con el tema Vida del doctor  Miguel \u00c1ngel Reinoso Sicard; Hugo Estrella, Historia y Demograf\u00eda del municipio de La Vega;  Querer es poder, con el alcalde municipal Kelvin Cruz;  El a\u00f1o 2020 es hoy, con Roberto Fulcar.<\/span><\/p>\n<\/p>\n<p><span class=\"text1noticias\">Asimismo expusieron Bernardo Ad\u00e1n de la Cruz, Estado, Constituci\u00f3n y Ciudadan\u00eda; Carlos Mendieta, Juventud, Generaci\u00f3n de cambio; y los diputados Fidel Santana, con Desaf\u00edos de los j\u00f3venes en el siglo XXI  y Faride Raful, Organizaci\u00f3n del Estado, propuesta de fusi\u00f3n de instituciones  con duplicidad de funciones, agrega el resumen de prensa difundido por el PRD..<\/span><\/p>\n<\/p>\n<h6> 2017-11-12 19:54:23 <\/h6>\n<p><!--\n<link rel=\"stylesheet\" href=\"css\/bootstrap.min.css\">\n\n\n<ul class=\"pagination\">\n\t    \n\t\n\n<li >\n\t<a href='?page_no=7151'>Previous<\/a>\n\t<\/li>\n\n\n       \n    \n\n<li><a href='?page_no=1'>1<\/a><\/li>\n\n\n\n<li><a href='?page_no=2'>2<\/a><\/li>\n\n\n\n<li><a>...<\/a><\/li>\n\n\n\n<li><a href='?page_no=7150'>7150<\/a><\/li>\n\n\n\n<li><a href='?page_no=7151'>7151<\/a><\/li>\n\n\n\n<li class='active'><a>7152<\/a><\/li>\n\n\n\n<li><a href='?page_no=7153'>7153<\/a><\/li>\n\n\n\n<li><a href='?page_no=7154'>7154<\/a><\/li>\n\n\n\n<li><a>...<\/a><\/li>\n\n\n\n<li><a href='?page_no=36999'>36999<\/a><\/li>\n\n\n\n<li><a href='?page_no=37000'>37000<\/a><\/li>\n\n    \n\t\n\n<li >\n\t<a href='?page_no=7153'>Next<\/a>\n\t<\/li>\n\n\n    \n\n<li><a href='?page_no=37000'>Last &rsaquo;&rsaquo;<\/a><\/li>\n\n<\/ul>\n\n\n--><br \/>\n<\/body><\/p>\n","protected":false},"excerpt":{"rendered":"<p>LA VEGA, RD, 12 de noviembre de 2017.- El ex candidato presidencial del Partido Revolucionario Moderno (PRM) Luis Abinader dijo que el deterioro de la situaci\u00f3n del pa\u00eds en diferentes \u00f3rdenes, y las opiniones que expresa la mayor\u00eda del pueblo impulsan la necesidad de un cambio en la direcci\u00f3n del Estado a un punto de [&hellip;]<\/p>\n","protected":false},"author":3,"featured_media":0,"comment_status":"open","ping_status":"open","sticky":false,"template":"","format":"standard","meta":{"footnotes":""},"categories":[22],"tags":[],"class_list":["post-171892","post","type-post","status-publish","format-standard","hentry","category-politica"],"_links":{"self":[{"href":"https:\/\/diariodominicano.com\/index.php?rest_route=\/wp\/v2\/posts\/171892","targetHints":{"allow":["GET"]}}],"collection":[{"href":"https:\/\/diariodominicano.com\/index.php?rest_route=\/wp\/v2\/posts"}],"about":[{"href":"https:\/\/diariodominicano.com\/index.php?rest_route=\/wp\/v2\/types\/post"}],"author":[{"embeddable":true,"href":"https:\/\/diariodominicano.com\/index.php?rest_route=\/wp\/v2\/users\/3"}],"replies":[{"embeddable":true,"href":"https:\/\/diariodominicano.com\/index.php?rest_route=%2Fwp%2Fv2%2Fcomments&post=171892"}],"version-history":[{"count":0,"href":"https:\/\/diariodominicano.com\/index.php?rest_route=\/wp\/v2\/posts\/171892\/revisions"}],"wp:attachment":[{"href":"https:\/\/diariodominicano.com\/index.php?rest_route=%2Fwp%2Fv2%2Fmedia&parent=171892"}],"wp:term":[{"taxonomy":"category","embeddable":true,"href":"https:\/\/diariodominicano.com\/index.php?rest_route=%2Fwp%2Fv2%2Fcategories&post=171892"},{"taxonomy":"post_tag","embeddable":true,"href":"https:\/\/diariodominicano.com\/index.php?rest_route=%2Fwp%2Fv2%2Ftags&post=171892"}],"curies":[{"name":"wp","href":"https:\/\/api.w.org\/{rel}","templated":true}]}}