{"id":171890,"date":"2017-11-13T00:46:51","date_gmt":"2017-11-13T00:46:51","guid":{"rendered":"http:\/\/diariodominicano.ddns.net\/?p=171890"},"modified":"2017-11-13T00:46:51","modified_gmt":"2017-11-13T00:46:51","slug":"fallece-destacada-activista-argentina-por-los-derechos-humanos","status":"publish","type":"post","link":"https:\/\/diariodominicano.com\/?p=171890","title":{"rendered":"Fallece destacada activista argentina por los derechos humanos"},"content":{"rendered":"<p><body><\/p>\n<p><img decoding=\"async\" src=\"img3\/Nilda-Eloy.jpg\" \/>  <\/p>\n<p><strong> Buenos Aires, 12 nov (PL) <\/strong>La destacada activista por los derechos humanos y dirigente de la Asociaci\u00f3n de ExDetenidos Desaparecidos Nilda Eloy falleci\u00f3 hoy a los 60 a\u00f1os en La Plata, capital de la provincia de Buenos Aires, debido a una enfermedad terminal.<\/p>\n<\/p>\n<p>Seg\u00fan sus familiares y allegados, sus restos ser\u00e1n velados en la sede de Asociaci\u00f3n de Trabajadores del Estado en esa provincia, report\u00f3 P\u00e1gina 12.<\/p>\n<\/p>\n<p>Eloy vivi\u00f3 duros momentos durante las \u00e9pocas m\u00e1s grises de este pa\u00eds en la \u00faltima dictadura militar de 1976-1983, cuando fue secuestrada en la casa de sus padres y permaneci\u00f3 detenida en varios centros clandestinos hasta ser liberada en 1979.<\/p>\n<\/p>\n<p>La activista e incansable luchadora por los derechos humanos fue clave para lograr la condena del excomisario de la Polic\u00eda Bonaerense Miguel Angel Etchecolatz en el juicio que se le sigui\u00f3 en 2006 por cr\u00edmenes de lesa humanidad.<\/p>\n<\/p>\n<p>Hasta la memoria siempre compa\u00f1era Nilda Eloy! Militante y valiente testigo en los juicios por cr\u00edmenes de lesa humanidad. Memoria, verdad y justicia para siempre, public\u00f3 en twitter la organizaci\u00f3n H.I.J.O.S.<\/p>\n<\/p>\n<p>Diversas voces pol\u00edticas y activistas se levantan en esa red para honrar la memoria de Nilda.<\/p>\n<\/p>\n<p>Honremos su incansable lucha contra la impunidad. Memoria, verdad y justicia, es la frase que m\u00e1s se repite en ese ciberespacio para decirle adi\u00f3s a esta guerrera, que hasta el \u00faltimo minuto de vida luch\u00f3 contra la impunidad en memoria de los desaparecidos durante la dictadura.<\/p>\n<\/p>\n<p>lma\/may<\/p>\n<h6> 2017-11-13 00:46:51 <\/h6>\n<p><!--\n<link rel=\"stylesheet\" href=\"css\/bootstrap.min.css\">\n\n\n<ul class=\"pagination\">\n\t    \n\t\n\n<li >\n\t<a href='?page_no=7149'>Previous<\/a>\n\t<\/li>\n\n\n       \n    \n\n<li><a href='?page_no=1'>1<\/a><\/li>\n\n\n\n<li><a href='?page_no=2'>2<\/a><\/li>\n\n\n\n<li><a>...<\/a><\/li>\n\n\n\n<li><a href='?page_no=7148'>7148<\/a><\/li>\n\n\n\n<li><a href='?page_no=7149'>7149<\/a><\/li>\n\n\n\n<li class='active'><a>7150<\/a><\/li>\n\n\n\n<li><a href='?page_no=7151'>7151<\/a><\/li>\n\n\n\n<li><a href='?page_no=7152'>7152<\/a><\/li>\n\n\n\n<li><a>...<\/a><\/li>\n\n\n\n<li><a href='?page_no=36999'>36999<\/a><\/li>\n\n\n\n<li><a href='?page_no=37000'>37000<\/a><\/li>\n\n    \n\t\n\n<li >\n\t<a href='?page_no=7151'>Next<\/a>\n\t<\/li>\n\n\n    \n\n<li><a href='?page_no=37000'>Last &rsaquo;&rsaquo;<\/a><\/li>\n\n<\/ul>\n\n\n--><br \/>\n<\/body><\/p>\n","protected":false},"excerpt":{"rendered":"<p>Buenos Aires, 12 nov (PL) La destacada activista por los derechos humanos y dirigente de la Asociaci\u00f3n de ExDetenidos Desaparecidos Nilda Eloy falleci\u00f3 hoy a los 60 a\u00f1os en La Plata, capital de la provincia de Buenos Aires, debido a una enfermedad terminal. Seg\u00fan sus familiares y allegados, sus restos ser\u00e1n velados en la sede [&hellip;]<\/p>\n","protected":false},"author":3,"featured_media":0,"comment_status":"open","ping_status":"open","sticky":false,"template":"","format":"standard","meta":{"footnotes":""},"categories":[22],"tags":[],"class_list":["post-171890","post","type-post","status-publish","format-standard","hentry","category-politica"],"_links":{"self":[{"href":"https:\/\/diariodominicano.com\/index.php?rest_route=\/wp\/v2\/posts\/171890","targetHints":{"allow":["GET"]}}],"collection":[{"href":"https:\/\/diariodominicano.com\/index.php?rest_route=\/wp\/v2\/posts"}],"about":[{"href":"https:\/\/diariodominicano.com\/index.php?rest_route=\/wp\/v2\/types\/post"}],"author":[{"embeddable":true,"href":"https:\/\/diariodominicano.com\/index.php?rest_route=\/wp\/v2\/users\/3"}],"replies":[{"embeddable":true,"href":"https:\/\/diariodominicano.com\/index.php?rest_route=%2Fwp%2Fv2%2Fcomments&post=171890"}],"version-history":[{"count":0,"href":"https:\/\/diariodominicano.com\/index.php?rest_route=\/wp\/v2\/posts\/171890\/revisions"}],"wp:attachment":[{"href":"https:\/\/diariodominicano.com\/index.php?rest_route=%2Fwp%2Fv2%2Fmedia&parent=171890"}],"wp:term":[{"taxonomy":"category","embeddable":true,"href":"https:\/\/diariodominicano.com\/index.php?rest_route=%2Fwp%2Fv2%2Fcategories&post=171890"},{"taxonomy":"post_tag","embeddable":true,"href":"https:\/\/diariodominicano.com\/index.php?rest_route=%2Fwp%2Fv2%2Ftags&post=171890"}],"curies":[{"name":"wp","href":"https:\/\/api.w.org\/{rel}","templated":true}]}}