{"id":171888,"date":"2017-11-13T00:51:14","date_gmt":"2017-11-13T00:51:14","guid":{"rendered":"http:\/\/diariodominicano.ddns.net\/?p=171888"},"modified":"2017-11-13T00:51:14","modified_gmt":"2017-11-13T00:51:14","slug":"puerto-rico-esta-bloqueado-en-el-mundo-afirma-oscar-lopez-rivera","status":"publish","type":"post","link":"https:\/\/diariodominicano.com\/?p=171888","title":{"rendered":"Puerto Rico est\u00e1 bloqueado en el mundo, afirma Oscar L\u00f3pez Rivera"},"content":{"rendered":"<p><body><\/p>\n<p><img decoding=\"async\" src=\"img3\/Oscar.jpg\" \/>  <\/p>\n<p><strong> Por N\u00e9stor Rosa-Marbrell<\/strong><\/p>\n<p><strong>San Juan, 12 nov (PL) <\/strong>Estados Unidos ha establecido un bloqueo contra Puerto Rico que impide que otros pueblos del mundo conozcan su realidad colonial, particularmente la juventud, denunci\u00f3 el combatiente independentista Oscar L\u00f3pez Rivera, quien arriba hoy a Cuba.<\/p>\n<\/p>\n<p>&#8216;Yo no puedo comprender c\u00f3mo en Rusia no se va a saber que Puerto Rico es una colonia, y estos son los j\u00f3venes que mejor informados deben estar&#8217;, expres\u00f3 a Prensa Latina en v\u00edsperas de su viaje, en alusi\u00f3n a los asistentes al Festival Mundial de la Juventud y los Estudiantes, en Sochi, donde estuvo.<\/p>\n<\/p>\n<p>Esta falta de informaci\u00f3n sobre la realidad de Puerto Rico, sometido desde hace 119 a\u00f1os a la dominaci\u00f3n colonial de Estados Unidos, L\u00f3pez Rivera la atribuye tambi\u00e9n a sus compatriotas que viajan a otras naciones y nunca hablan de esa realidad.<\/p>\n<\/p>\n<p>&#8216;Muchos puertorrique\u00f1os viajan a muchos sitios y nunca dan la informaci\u00f3n como se tiene que dar, y eso es un fallo grande&#8217;, explic\u00f3 el ex prisionero pol\u00edtico de 74 a\u00f1os de edad, que pas\u00f3 casi 36 en c\u00e1rceles de la potencia norte\u00f1a, 12 de ellos en solitaria, por conspiraci\u00f3n sediciosa hasta que qued\u00f3 libre el pasado 17 de mayo, luego que en enero el entonces presidente Barack Obama conmutara su sentencia a 70 a\u00f1os.<\/p>\n<\/p>\n<p>A L\u00f3pez Rivera le causa tristeza que j\u00f3venes de Sri Lanka, que dieron una pelea grande de vida o muerte, y de otros cuatro pa\u00edses que no identific\u00f3 tampoco conocieran de la situaci\u00f3n colonial a que se encuentra sometido esta isla del Caribe desde 1898, cuando fue invadida por las fuerzas militares estadounidenses.<\/p>\n<\/p>\n<p>Eso es triste, estos son j\u00f3venes, lo que no hemos hecho el trabajo fundamental -por vagancia o porque estamos con los intereses de un kiosco- que es educar al mundo para descolonizar a Puerto Rico, afirm\u00f3 al reclamar que hay que romper este bloqueo.<\/p>\n<\/p>\n<p>Igualmente, el luchador revolucionario nacido en el monta\u00f1oso pueblo de San Sebasti\u00e1n, de donde parti\u00f3 a los 14 a\u00f1os para radicarse con su familia en la ciudad estadounidense de Chicago, en Illinois, destac\u00f3 que cuando la econom\u00eda de Puerto Rico comenz\u00f3 a fallar hace 35 o 40 a\u00f1os, los gobernantes comenzaron a &#8216;agarrar dinero y pr\u00e9stamo sobre pr\u00e9stamo&#8217;, a la vez que crec\u00eda la corrupci\u00f3n.<\/p>\n<\/p>\n<p>&#8216;Puerto Rico es un pa\u00eds muy corrupto, por eso la econom\u00eda ten\u00eda que colapsar&#8217;, asegur\u00f3 al coincidir con la alcaldesa de San Juan, Carmen Yul\u00edn Cruz Soto, quien expres\u00f3 en Washington que lo m\u00e1s importante es descolonizar al pa\u00eds.<\/p>\n<\/p>\n<p>Consider\u00f3 que desde 1898 la misma elite ha asistido en la administraci\u00f3n de la colonial, por lo que la corrupci\u00f3n predomina, la salud del pueblo est\u00e1 al garete y es v\u00edctima de los corruptos porque se le desinforma.<\/p>\n<\/p>\n<p>&#8216;El colonizado internaliza poco a poco y este pa\u00eds es v\u00edctima de eso; a m\u00ed me pasa, que creo que he trascendido ese m\u00e9todo colonial y en la realidad no lo he hecho, imagino que es m\u00e1s dif\u00edcil para esa persona que tiene la mente en el colonialismo&#8217;, indic\u00f3 a Prensa Latina en San Juan al advertir que sobre esta isla se cierne un proceso de despoblaci\u00f3n.<\/p>\n<\/p>\n<p>L\u00f3pez Rivera subray\u00f3 que el independentismo solo crea eco, mientras el sistema de educaci\u00f3n es una imagen del estadounidense, mientras se estimula la despoblaci\u00f3n, la fuga de cerebros, lo que deber\u00eda ser motivo de alarma para los puertorrique\u00f1os.<\/p>\n<\/p>\n<p>mem\/nrm<\/p>\n<h6> 2017-11-13 00:51:14 <\/h6>\n<p><!--\n<link rel=\"stylesheet\" href=\"css\/bootstrap.min.css\">\n\n\n<ul class=\"pagination\">\n\t    \n\t\n\n<li >\n\t<a href='?page_no=7148'>Previous<\/a>\n\t<\/li>\n\n\n       \n    \n\n<li><a href='?page_no=1'>1<\/a><\/li>\n\n\n\n<li><a href='?page_no=2'>2<\/a><\/li>\n\n\n\n<li><a>...<\/a><\/li>\n\n\n\n<li><a href='?page_no=7147'>7147<\/a><\/li>\n\n\n\n<li><a href='?page_no=7148'>7148<\/a><\/li>\n\n\n\n<li class='active'><a>7149<\/a><\/li>\n\n\n\n<li><a href='?page_no=7150'>7150<\/a><\/li>\n\n\n\n<li><a href='?page_no=7151'>7151<\/a><\/li>\n\n\n\n<li><a>...<\/a><\/li>\n\n\n\n<li><a href='?page_no=36999'>36999<\/a><\/li>\n\n\n\n<li><a href='?page_no=37000'>37000<\/a><\/li>\n\n    \n\t\n\n<li >\n\t<a href='?page_no=7150'>Next<\/a>\n\t<\/li>\n\n\n    \n\n<li><a href='?page_no=37000'>Last &rsaquo;&rsaquo;<\/a><\/li>\n\n<\/ul>\n\n\n--><br \/>\n<\/body><\/p>\n","protected":false},"excerpt":{"rendered":"<p>Por N\u00e9stor Rosa-Marbrell San Juan, 12 nov (PL) Estados Unidos ha establecido un bloqueo contra Puerto Rico que impide que otros pueblos del mundo conozcan su realidad colonial, particularmente la juventud, denunci\u00f3 el combatiente independentista Oscar L\u00f3pez Rivera, quien arriba hoy a Cuba. &#8216;Yo no puedo comprender c\u00f3mo en Rusia no se va a saber [&hellip;]<\/p>\n","protected":false},"author":3,"featured_media":0,"comment_status":"open","ping_status":"open","sticky":false,"template":"","format":"standard","meta":{"footnotes":""},"categories":[22],"tags":[],"class_list":["post-171888","post","type-post","status-publish","format-standard","hentry","category-politica"],"_links":{"self":[{"href":"https:\/\/diariodominicano.com\/index.php?rest_route=\/wp\/v2\/posts\/171888","targetHints":{"allow":["GET"]}}],"collection":[{"href":"https:\/\/diariodominicano.com\/index.php?rest_route=\/wp\/v2\/posts"}],"about":[{"href":"https:\/\/diariodominicano.com\/index.php?rest_route=\/wp\/v2\/types\/post"}],"author":[{"embeddable":true,"href":"https:\/\/diariodominicano.com\/index.php?rest_route=\/wp\/v2\/users\/3"}],"replies":[{"embeddable":true,"href":"https:\/\/diariodominicano.com\/index.php?rest_route=%2Fwp%2Fv2%2Fcomments&post=171888"}],"version-history":[{"count":0,"href":"https:\/\/diariodominicano.com\/index.php?rest_route=\/wp\/v2\/posts\/171888\/revisions"}],"wp:attachment":[{"href":"https:\/\/diariodominicano.com\/index.php?rest_route=%2Fwp%2Fv2%2Fmedia&parent=171888"}],"wp:term":[{"taxonomy":"category","embeddable":true,"href":"https:\/\/diariodominicano.com\/index.php?rest_route=%2Fwp%2Fv2%2Fcategories&post=171888"},{"taxonomy":"post_tag","embeddable":true,"href":"https:\/\/diariodominicano.com\/index.php?rest_route=%2Fwp%2Fv2%2Ftags&post=171888"}],"curies":[{"name":"wp","href":"https:\/\/api.w.org\/{rel}","templated":true}]}}