{"id":171887,"date":"2017-11-13T12:12:36","date_gmt":"2017-11-13T12:12:36","guid":{"rendered":"http:\/\/diariodominicano.ddns.net\/?p=171887"},"modified":"2017-11-13T12:12:36","modified_gmt":"2017-11-13T12:12:36","slug":"senador-valentin-representara-al-pais-en-eventos-en-madrid-y-milan","status":"publish","type":"post","link":"https:\/\/diariodominicano.com\/?p=171887","title":{"rendered":"Senador Valent\u00edn representar\u00e1 al pa\u00eds en eventos en Madrid y Mil\u00e1n"},"content":{"rendered":"<p><body><\/p>\n<p><img decoding=\"async\" src=\"img3\/valentin01.jpg\" \/>  <\/p>\n<p>SANTO DOMINGO. El senador Julio C\u00e9sar Valent\u00edn representar\u00e1 al pa\u00eds en en dos eventos que analizar\u00e1n la reforma del Estado y de la Administraci\u00f3n P\u00fablica y el papel de los parlamentarios en la prevenci\u00f3n del extremismo violento. <\/p>\n<\/p>\n<p>El XXII Congreso Internacional del Secretario General del Centro Latinoamericano de Administraci\u00f3n para el Desarrollo (CLAD) -que  se centrar\u00e1  en la \u00abReforma del Estado y de la Administraci\u00f3n P\u00fablica\u00bb- se realizar\u00e1 en Madrid del 14 al 17 de noviembre. <\/p>\n<\/p>\n<p>El segundo evento en el que participar\u00e1 Valent\u00edn es el 39\u00ba Foro Anual de la Organizaci\u00f3n Parlamentarios Para La Acci\u00f3n Global (PGA) -sobre \u00abLa prevenci\u00f3n del extremismo violento y de las atrocidades masivas: el papel de los parlamentarios\u00bb- y se realizar\u00e1 los d\u00edas 27 y 28 de noviembre en Mil\u00e1n, Italia. <\/p>\n<\/p>\n<p>Para tales fines, el senador por Santiago obtuvo una autorizaci\u00f3n para salir del pa\u00eds por 20 d\u00edas, otorgada por el Magistrado Francisco Ortega Polanco el 24 de octubre pasado mediante el Auto n\u00famero 08-2017. <\/p>\n<\/p>\n<p>Valent\u00edn es el proponente de ley 107-13 sobre los derechos de las personas en sus relaciones con la Administraci\u00f3n P\u00fablica y de Procedimiento Administrativo. Igualmente, de la ley 41-08 sobre funci\u00f3n p\u00fablica y del proyecto de Ley Org\u00e1nica de Fiscalizaci\u00f3n y Control del Congreso Nacional. <\/p>\n<\/p>\n<p>PGA es una red internacional sin fines de lucro y sin afiliaci\u00f3n partidaria de aproximadamente 1,400 legisladores en m\u00e1s de 140 parlamentos elegidos de todo el mundo. Tiene como objetivo promover la paz, la democracia, el estado de derecho, los derechos humanos y la igualdad de g\u00e9nero. <\/p>\n<h6> 2017-11-13 12:12:36 <\/h6>\n<p><!--\n<link rel=\"stylesheet\" href=\"css\/bootstrap.min.css\">\n\n\n<ul class=\"pagination\">\n\t    \n\t\n\n<li >\n\t<a href='?page_no=7147'>Previous<\/a>\n\t<\/li>\n\n\n       \n    \n\n<li><a href='?page_no=1'>1<\/a><\/li>\n\n\n\n<li><a href='?page_no=2'>2<\/a><\/li>\n\n\n\n<li><a>...<\/a><\/li>\n\n\n\n<li><a href='?page_no=7146'>7146<\/a><\/li>\n\n\n\n<li><a href='?page_no=7147'>7147<\/a><\/li>\n\n\n\n<li class='active'><a>7148<\/a><\/li>\n\n\n\n<li><a href='?page_no=7149'>7149<\/a><\/li>\n\n\n\n<li><a href='?page_no=7150'>7150<\/a><\/li>\n\n\n\n<li><a>...<\/a><\/li>\n\n\n\n<li><a href='?page_no=36999'>36999<\/a><\/li>\n\n\n\n<li><a href='?page_no=37000'>37000<\/a><\/li>\n\n    \n\t\n\n<li >\n\t<a href='?page_no=7149'>Next<\/a>\n\t<\/li>\n\n\n    \n\n<li><a href='?page_no=37000'>Last &rsaquo;&rsaquo;<\/a><\/li>\n\n<\/ul>\n\n\n--><br \/>\n<\/body><\/p>\n","protected":false},"excerpt":{"rendered":"<p>SANTO DOMINGO. El senador Julio C\u00e9sar Valent\u00edn representar\u00e1 al pa\u00eds en en dos eventos que analizar\u00e1n la reforma del Estado y de la Administraci\u00f3n P\u00fablica y el papel de los parlamentarios en la prevenci\u00f3n del extremismo violento. El XXII Congreso Internacional del Secretario General del Centro Latinoamericano de Administraci\u00f3n para el Desarrollo (CLAD) -que se [&hellip;]<\/p>\n","protected":false},"author":3,"featured_media":0,"comment_status":"open","ping_status":"open","sticky":false,"template":"","format":"standard","meta":{"footnotes":""},"categories":[22],"tags":[],"class_list":["post-171887","post","type-post","status-publish","format-standard","hentry","category-politica"],"_links":{"self":[{"href":"https:\/\/diariodominicano.com\/index.php?rest_route=\/wp\/v2\/posts\/171887","targetHints":{"allow":["GET"]}}],"collection":[{"href":"https:\/\/diariodominicano.com\/index.php?rest_route=\/wp\/v2\/posts"}],"about":[{"href":"https:\/\/diariodominicano.com\/index.php?rest_route=\/wp\/v2\/types\/post"}],"author":[{"embeddable":true,"href":"https:\/\/diariodominicano.com\/index.php?rest_route=\/wp\/v2\/users\/3"}],"replies":[{"embeddable":true,"href":"https:\/\/diariodominicano.com\/index.php?rest_route=%2Fwp%2Fv2%2Fcomments&post=171887"}],"version-history":[{"count":0,"href":"https:\/\/diariodominicano.com\/index.php?rest_route=\/wp\/v2\/posts\/171887\/revisions"}],"wp:attachment":[{"href":"https:\/\/diariodominicano.com\/index.php?rest_route=%2Fwp%2Fv2%2Fmedia&parent=171887"}],"wp:term":[{"taxonomy":"category","embeddable":true,"href":"https:\/\/diariodominicano.com\/index.php?rest_route=%2Fwp%2Fv2%2Fcategories&post=171887"},{"taxonomy":"post_tag","embeddable":true,"href":"https:\/\/diariodominicano.com\/index.php?rest_route=%2Fwp%2Fv2%2Ftags&post=171887"}],"curies":[{"name":"wp","href":"https:\/\/api.w.org\/{rel}","templated":true}]}}