{"id":171886,"date":"2017-11-13T12:18:07","date_gmt":"2017-11-13T12:18:07","guid":{"rendered":"http:\/\/diariodominicano.ddns.net\/?p=171886"},"modified":"2017-11-13T12:18:07","modified_gmt":"2017-11-13T12:18:07","slug":"senador-galan-opuesto-a-que-gobierno-cree-nuevos-subsidios-para-transportistas","status":"publish","type":"post","link":"https:\/\/diariodominicano.com\/?p=171886","title":{"rendered":"Senador Gal\u00e1n opuesto a que Gobierno cree nuevos subsidios para transportistas"},"content":{"rendered":"<p><body><\/p>\n<p><img decoding=\"async\" src=\"img3\/tomygala.jpg\" \/>  <\/p>\n<p>SANTO DOMINGO.- El senador Tommy Gal\u00e1n expres\u00f3 este lunes su oposici\u00f3n a que el Gobierno establezca nuevos subsidios a favor del sector transporte.<\/p>\n<\/p>\n<p>Asegur\u00f3, el presidente de la Comisi\u00f3n Permanente de Hacienda del Senado, que el Gobierno no debe caer en ese error.<\/p>\n<\/p>\n<p>Manifest\u00f3, asimismo, que no se debe retroceder a modelos retorcidos.<\/p>\n<\/p>\n<p>\u00abOjal\u00e1 el Gobierno no caiga en el error de establecer nuevos subsidios a los transportistas. No podemos retroceder a modelos retorcidos\u00bb, se\u00f1al\u00f3 Gal\u00e1n.<\/p>\n<h6> 2017-11-13 12:18:07 <\/h6>\n<p><!--\n<link rel=\"stylesheet\" href=\"css\/bootstrap.min.css\">\n\n\n<ul class=\"pagination\">\n\t    \n\t\n\n<li >\n\t<a href='?page_no=7146'>Previous<\/a>\n\t<\/li>\n\n\n       \n    \n\n<li><a href='?page_no=1'>1<\/a><\/li>\n\n\n\n<li><a href='?page_no=2'>2<\/a><\/li>\n\n\n\n<li><a>...<\/a><\/li>\n\n\n\n<li><a href='?page_no=7145'>7145<\/a><\/li>\n\n\n\n<li><a href='?page_no=7146'>7146<\/a><\/li>\n\n\n\n<li class='active'><a>7147<\/a><\/li>\n\n\n\n<li><a href='?page_no=7148'>7148<\/a><\/li>\n\n\n\n<li><a href='?page_no=7149'>7149<\/a><\/li>\n\n\n\n<li><a>...<\/a><\/li>\n\n\n\n<li><a href='?page_no=36999'>36999<\/a><\/li>\n\n\n\n<li><a href='?page_no=37000'>37000<\/a><\/li>\n\n    \n\t\n\n<li >\n\t<a href='?page_no=7148'>Next<\/a>\n\t<\/li>\n\n\n    \n\n<li><a href='?page_no=37000'>Last &rsaquo;&rsaquo;<\/a><\/li>\n\n<\/ul>\n\n\n--><br \/>\n<\/body><\/p>\n","protected":false},"excerpt":{"rendered":"<p>SANTO DOMINGO.- El senador Tommy Gal\u00e1n expres\u00f3 este lunes su oposici\u00f3n a que el Gobierno establezca nuevos subsidios a favor del sector transporte. Asegur\u00f3, el presidente de la Comisi\u00f3n Permanente de Hacienda del Senado, que el Gobierno no debe caer en ese error. Manifest\u00f3, asimismo, que no se debe retroceder a modelos retorcidos. \u00abOjal\u00e1 el [&hellip;]<\/p>\n","protected":false},"author":3,"featured_media":0,"comment_status":"open","ping_status":"open","sticky":false,"template":"","format":"standard","meta":{"footnotes":""},"categories":[22],"tags":[],"class_list":["post-171886","post","type-post","status-publish","format-standard","hentry","category-politica"],"_links":{"self":[{"href":"https:\/\/diariodominicano.com\/index.php?rest_route=\/wp\/v2\/posts\/171886","targetHints":{"allow":["GET"]}}],"collection":[{"href":"https:\/\/diariodominicano.com\/index.php?rest_route=\/wp\/v2\/posts"}],"about":[{"href":"https:\/\/diariodominicano.com\/index.php?rest_route=\/wp\/v2\/types\/post"}],"author":[{"embeddable":true,"href":"https:\/\/diariodominicano.com\/index.php?rest_route=\/wp\/v2\/users\/3"}],"replies":[{"embeddable":true,"href":"https:\/\/diariodominicano.com\/index.php?rest_route=%2Fwp%2Fv2%2Fcomments&post=171886"}],"version-history":[{"count":0,"href":"https:\/\/diariodominicano.com\/index.php?rest_route=\/wp\/v2\/posts\/171886\/revisions"}],"wp:attachment":[{"href":"https:\/\/diariodominicano.com\/index.php?rest_route=%2Fwp%2Fv2%2Fmedia&parent=171886"}],"wp:term":[{"taxonomy":"category","embeddable":true,"href":"https:\/\/diariodominicano.com\/index.php?rest_route=%2Fwp%2Fv2%2Fcategories&post=171886"},{"taxonomy":"post_tag","embeddable":true,"href":"https:\/\/diariodominicano.com\/index.php?rest_route=%2Fwp%2Fv2%2Ftags&post=171886"}],"curies":[{"name":"wp","href":"https:\/\/api.w.org\/{rel}","templated":true}]}}