{"id":171885,"date":"2017-11-13T12:38:42","date_gmt":"2017-11-13T12:38:42","guid":{"rendered":"http:\/\/diariodominicano.ddns.net\/?p=171885"},"modified":"2017-11-13T12:38:42","modified_gmt":"2017-11-13T12:38:42","slug":"leonel-fernandez-resalta-virtudes-de-juan-bosch-como-politico-y-su-ejercicio-como-jefe-de-estado","status":"publish","type":"post","link":"https:\/\/diariodominicano.com\/?p=171885","title":{"rendered":"Leonel Fern\u00e1ndez resalta virtudes de Juan Bosch como pol\u00edtico y su ejercicio como jefe de Estado"},"content":{"rendered":"<p><body><\/p>\n<p><img decoding=\"async\" src=\"img3\/leone1.jpg\" \/>  <\/p>\n<\/p>\n<p><strong>SANTO DOMINGO, RD, 13 de noviembre de 2017.-<\/strong> En respuesta al historiador  Bernardo Vega, Leonel Fern\u00e1ndez,  presidente del Partido de la Liberaci\u00f3n Dominicana (PLD)  afirma que desde esa organizaci\u00f3n se le tiene  una profunda admiraci\u00f3n y un gran respeto a su l\u00edder hist\u00f3rico, Profesor  Juan Bosch,  por los aportes realizados a favor del pueblo dominicano, a los fines de que este fuese arquitecto de su propio destino.<\/p>\n<\/p>\n<p>El concepto lo desarrolla el Presidente del Partido de la Liberaci\u00f3n Dominicana en su Observatorio Global de este lunes publicado en las p\u00e1ginas del List\u00edn Diario y Vanguardia del Pueblo Digital bajo el t\u00edtulo \u00abEl addendum al libro sobre Kennedy y Bosch\u00bb, de publicaci\u00f3n reciente.<\/p>\n<\/p>\n<p>\u00abDentro de las filas del partido morado, de manera libre, consciente y espont\u00e1nea se le tiene al l\u00edder y fundador de esa organizaci\u00f3n pol\u00edtica una profunda admiraci\u00f3n y un gran respeto por todos los aportes realizados a favor del pueblo dominicano, a los fines de que este fuese el arquitecto de su propio destino\u00bb escribe el Presidente del PLD respondiendo a Vega las afirmaciones que hiciera en la  introducci\u00f3n al addendum del libro Kennedy y Bosch de \u00abla l\u00ednea oficial\u00bb del PLD en sus a\u00f1os en el gobierno \u00bb ha sido  resaltar sus virtudes (las de Bosch)  y opacar los errores de ese gran literato y pol\u00edtico dominicano\u00bb.<\/p>\n<\/p>\n<p>Leonel Fern\u00e1ndez coincide plenamente con la postura de Bernardo Vega de que la objetividad es esencial en la investigaci\u00f3n hist\u00f3rica. \u00abPero si es as\u00ed, \u00bfde d\u00f3nde surge la idea de que en el PLD se ha trazado una l\u00ednea oficial para resaltar las virtudes de Juan Bosch y opacar sus errores? Eso no es cierto. En el PLD nunca se ha trazado semejante l\u00ednea para defender el legado hist\u00f3rico de Juan Bosch\u00bb.<\/p>\n<\/p>\n<p>Con respecto a las afirmaciones, juicios y criterios del embajador John Bartlow Martin, figura clave en los textos de Bernardo Vega, expuestos en su libro, El Destino Dominicano, en su traducci\u00f3n al espa\u00f1ol, el profesor Juan Bosch public\u00f3, en distintas \u00e9pocas, varios art\u00edculos aclaratorios en la prensa nacional, con lo cual demostr\u00f3 que si ten\u00eda argumentos para refutar al diplom\u00e1tico estadounidense.<\/p>\n<\/p>\n<p>En el addendum del libro de Bernardo Vega  se insin\u00faa  que fue Juan Bosch quien le pidi\u00f3 al embajador norteamericano de ese entonces John Bartlow Martin  \u00abque se alertara un portaviones para que estuviese listo a venir\u00bb.<\/p>\n<\/p>\n<p>En una conversaci\u00f3n entre Sacha Volman y el embajador Bartlow Martin, estando presente Juan Bosch sin hacer uso de la palabra, Martin de acuerdo a sus propias palabras dijo; \u00abHemos conversado varias veces acerca de traer un portaviones y llevarlo a usted a bordo para un almuerzo, se\u00f1or Presidente.\u00bb Como acaba de comprobarse, es el embajador John Bartlow Martin quien le recuerda a Juan Bosch que en varias ocasiones le hab\u00eda ofrecido traer un portaviones e invitarlo a almorzar.<\/p>\n<\/p>\n<p>\u00abObviamente, esa segunda versi\u00f3n del relato de John Bartlow Martin es radicalmente diferente a la que se publica en el addendum al libro Kennedy y Bosch\u00bb afirma Leonel Fern\u00e1ndez en unas precisiones sobre el nuevo libro de Bernardo  Vega.<\/p>\n<\/p>\n<p>Considera entendible  que el escritor  no quiera someterse  a una l\u00ednea partidaria que procura resaltar las virtudes de su l\u00edder y opacar sus errores.<\/p>\n<\/p>\n<p>\u00abLo que no puede comprenderse es que, apelando a una presunta objetividad, por falta de rigor en la investigaci\u00f3n, se pretenda resaltar errores que no existen para opacar virtudes reconocidas\u00bb, concluye.<\/p>\n<h6> 2017-11-13 12:38:42 <\/h6>\n<p><!--\n<link rel=\"stylesheet\" href=\"css\/bootstrap.min.css\">\n\n\n<ul class=\"pagination\">\n\t    \n\t\n\n<li >\n\t<a href='?page_no=7145'>Previous<\/a>\n\t<\/li>\n\n\n       \n    \n\n<li><a href='?page_no=1'>1<\/a><\/li>\n\n\n\n<li><a href='?page_no=2'>2<\/a><\/li>\n\n\n\n<li><a>...<\/a><\/li>\n\n\n\n<li><a href='?page_no=7144'>7144<\/a><\/li>\n\n\n\n<li><a href='?page_no=7145'>7145<\/a><\/li>\n\n\n\n<li class='active'><a>7146<\/a><\/li>\n\n\n\n<li><a href='?page_no=7147'>7147<\/a><\/li>\n\n\n\n<li><a href='?page_no=7148'>7148<\/a><\/li>\n\n\n\n<li><a>...<\/a><\/li>\n\n\n\n<li><a href='?page_no=36999'>36999<\/a><\/li>\n\n\n\n<li><a href='?page_no=37000'>37000<\/a><\/li>\n\n    \n\t\n\n<li >\n\t<a href='?page_no=7147'>Next<\/a>\n\t<\/li>\n\n\n    \n\n<li><a href='?page_no=37000'>Last &rsaquo;&rsaquo;<\/a><\/li>\n\n<\/ul>\n\n\n--><br \/>\n<\/body><\/p>\n","protected":false},"excerpt":{"rendered":"<p>SANTO DOMINGO, RD, 13 de noviembre de 2017.- En respuesta al historiador Bernardo Vega, Leonel Fern\u00e1ndez, presidente del Partido de la Liberaci\u00f3n Dominicana (PLD) afirma que desde esa organizaci\u00f3n se le tiene una profunda admiraci\u00f3n y un gran respeto a su l\u00edder hist\u00f3rico, Profesor Juan Bosch, por los aportes realizados a favor del pueblo dominicano, [&hellip;]<\/p>\n","protected":false},"author":3,"featured_media":0,"comment_status":"open","ping_status":"open","sticky":false,"template":"","format":"standard","meta":{"footnotes":""},"categories":[22],"tags":[],"class_list":["post-171885","post","type-post","status-publish","format-standard","hentry","category-politica"],"_links":{"self":[{"href":"https:\/\/diariodominicano.com\/index.php?rest_route=\/wp\/v2\/posts\/171885","targetHints":{"allow":["GET"]}}],"collection":[{"href":"https:\/\/diariodominicano.com\/index.php?rest_route=\/wp\/v2\/posts"}],"about":[{"href":"https:\/\/diariodominicano.com\/index.php?rest_route=\/wp\/v2\/types\/post"}],"author":[{"embeddable":true,"href":"https:\/\/diariodominicano.com\/index.php?rest_route=\/wp\/v2\/users\/3"}],"replies":[{"embeddable":true,"href":"https:\/\/diariodominicano.com\/index.php?rest_route=%2Fwp%2Fv2%2Fcomments&post=171885"}],"version-history":[{"count":0,"href":"https:\/\/diariodominicano.com\/index.php?rest_route=\/wp\/v2\/posts\/171885\/revisions"}],"wp:attachment":[{"href":"https:\/\/diariodominicano.com\/index.php?rest_route=%2Fwp%2Fv2%2Fmedia&parent=171885"}],"wp:term":[{"taxonomy":"category","embeddable":true,"href":"https:\/\/diariodominicano.com\/index.php?rest_route=%2Fwp%2Fv2%2Fcategories&post=171885"},{"taxonomy":"post_tag","embeddable":true,"href":"https:\/\/diariodominicano.com\/index.php?rest_route=%2Fwp%2Fv2%2Ftags&post=171885"}],"curies":[{"name":"wp","href":"https:\/\/api.w.org\/{rel}","templated":true}]}}