{"id":171883,"date":"2017-11-14T07:49:23","date_gmt":"2017-11-14T07:49:23","guid":{"rendered":"http:\/\/diariodominicano.ddns.net\/?p=171883"},"modified":"2017-11-14T07:49:23","modified_gmt":"2017-11-14T07:49:23","slug":"presidente-del-prsd-reconoce-al-comunicador-y-abogado","status":"publish","type":"post","link":"https:\/\/diariodominicano.com\/?p=171883","title":{"rendered":"Presidente del PRSD reconoce al comunicador y abogado"},"content":{"rendered":"<p><body><\/p>\n<p><img decoding=\"async\" src=\"img3\/Prsd.JPG\" \/>  <\/p>\n<p>San Crist\u00f3bal, R. D., 14 de noviembre, 2017.- <span class=\"text1noticias\">El licenciado Rafael Gamundi Cordero, presidente del Partido Revolucionario Social Dem\u00f3crata (PRSD) que fundara el extinto l\u00edder Hatuey De Camps, destac\u00f3  los aportes del periodista y abogado Emmanuel Solano a la sociedad dominicana a trav\u00e9s de los medios en que labora y de la fundaci\u00f3n que preside.<\/span><\/p>\n<\/p>\n<p><span class=\"text1noticias\">Rafa Gamundi precis\u00f3 que ha observado con detenimiento muchos art\u00edculos que ha publicado acerca de los derechos de  ni\u00f1ez, la juventud y los adultos mayores  en la Rep\u00fablica Dominicana y publicaciones sobre donaciones que realiza en sectores deprimidos de esta provincia.<\/span><\/p>\n<\/p>\n<p><span class=\"text1noticias\">Signific\u00f3 que con ese accionar a favor de los que no tienen voz y que son excluidos de la sociedad poco a poco se van creando las condiciones en la construcci\u00f3n de una sociedad m\u00e1s justa y equitativa.<\/span><\/p>\n<\/p>\n<p><span class=\"text1noticias\">Manifest\u00f3 que a trav\u00e9s de los blogs , los peri\u00f3dicos digitales, el fc y otros medios la comunidad se informa y va conociendo el accionar de las personas que interact\u00faan a favor de los mejores intereses de la naci\u00f3n lo que antes era casi imposible debido a que muchas informaciones  si no la  generaba un pol\u00edtico o un  empresario muy connotado no adquir\u00eda el rango de noticias.<\/span><\/p>\n<\/p>\n<p><span class=\"text1noticias\">Felicit\u00f3 al comunicador y abogado y presidente de la Fundaci\u00f3n Vida en Abundancia pro-defensa del Medio Ambiente y los Recursos Naturales y le exhort\u00f3 a que siga trabajando por el bienestar de toda la poblaci\u00f3n.<\/span><\/p>\n<\/p>\n<p><span class=\"text1noticias\">El reconocimiento fue realizado en una actividad que se llev\u00f3 a cabo en el sector de los Molina de aqu\u00ed en el que estuvieron presentes los dirigentes del PRSD, Juan Estevez, Guillermo Villam\u00e1n, Pablo de los Santos y la se\u00f1ora Juana Lora, entre otros.<\/span><\/p>\n<\/p>\n<p><span class=\"text1noticias\">En tanto que Emmanuel Solano agradeci\u00f3 el gesto del dirigente pol\u00edtico por haberle sorprendido con este homenaje y se\u00f1al\u00f3 que el  trabajo al frente de la Fundaci\u00f3n Vida en Abundancia que lleva a cabo no  lo hace tomando en cuenta credo pol\u00edtico ni religioso sino que el objetivo principal de  asistir a los que menos pueden a trav\u00e9s de la educaci\u00f3n,la asistencia social y la lucha por la defensa del medio ambiente.<\/span><\/p>\n<\/p>\n<p><span class=\"text1noticias\">El periodista y abogado Emmanuel Solano ha sido reconocido por la Comisi\u00f3n de los Derechos Humanos que encabez\u00f3 el doctor Domingo Porfirio Rojas Nina, el Club Liga Deportiva H\u00e9ctor Delgado, la Liga Canelo, la Asociaci\u00f3n de Comerciantes Unidos de San Crist\u00f3bal, los Premios Arte y Cultura, la Iglesia Evang\u00e9lica Dominicana, los premios Lo Nuestro que produce el locutor JR en el municipio de Cambita Garabito, entre otras entidades de la sociedad civil.<\/span><\/p>\n<h6> 2017-11-14 07:49:23 <\/h6>\n<p><!--\n<link rel=\"stylesheet\" href=\"css\/bootstrap.min.css\">\n\n\n<ul class=\"pagination\">\n\t    \n\t\n\n<li >\n\t<a href='?page_no=7143'>Previous<\/a>\n\t<\/li>\n\n\n       \n    \n\n<li><a href='?page_no=1'>1<\/a><\/li>\n\n\n\n<li><a href='?page_no=2'>2<\/a><\/li>\n\n\n\n<li><a>...<\/a><\/li>\n\n\n\n<li><a href='?page_no=7142'>7142<\/a><\/li>\n\n\n\n<li><a href='?page_no=7143'>7143<\/a><\/li>\n\n\n\n<li class='active'><a>7144<\/a><\/li>\n\n\n\n<li><a href='?page_no=7145'>7145<\/a><\/li>\n\n\n\n<li><a href='?page_no=7146'>7146<\/a><\/li>\n\n\n\n<li><a>...<\/a><\/li>\n\n\n\n<li><a href='?page_no=36999'>36999<\/a><\/li>\n\n\n\n<li><a href='?page_no=37000'>37000<\/a><\/li>\n\n    \n\t\n\n<li >\n\t<a href='?page_no=7145'>Next<\/a>\n\t<\/li>\n\n\n    \n\n<li><a href='?page_no=37000'>Last &rsaquo;&rsaquo;<\/a><\/li>\n\n<\/ul>\n\n\n--><br \/>\n<\/body><\/p>\n","protected":false},"excerpt":{"rendered":"<p>San Crist\u00f3bal, R. D., 14 de noviembre, 2017.- El licenciado Rafael Gamundi Cordero, presidente del Partido Revolucionario Social Dem\u00f3crata (PRSD) que fundara el extinto l\u00edder Hatuey De Camps, destac\u00f3 los aportes del periodista y abogado Emmanuel Solano a la sociedad dominicana a trav\u00e9s de los medios en que labora y de la fundaci\u00f3n que preside. [&hellip;]<\/p>\n","protected":false},"author":3,"featured_media":0,"comment_status":"open","ping_status":"open","sticky":false,"template":"","format":"standard","meta":{"footnotes":""},"categories":[22],"tags":[],"class_list":["post-171883","post","type-post","status-publish","format-standard","hentry","category-politica"],"_links":{"self":[{"href":"https:\/\/diariodominicano.com\/index.php?rest_route=\/wp\/v2\/posts\/171883","targetHints":{"allow":["GET"]}}],"collection":[{"href":"https:\/\/diariodominicano.com\/index.php?rest_route=\/wp\/v2\/posts"}],"about":[{"href":"https:\/\/diariodominicano.com\/index.php?rest_route=\/wp\/v2\/types\/post"}],"author":[{"embeddable":true,"href":"https:\/\/diariodominicano.com\/index.php?rest_route=\/wp\/v2\/users\/3"}],"replies":[{"embeddable":true,"href":"https:\/\/diariodominicano.com\/index.php?rest_route=%2Fwp%2Fv2%2Fcomments&post=171883"}],"version-history":[{"count":0,"href":"https:\/\/diariodominicano.com\/index.php?rest_route=\/wp\/v2\/posts\/171883\/revisions"}],"wp:attachment":[{"href":"https:\/\/diariodominicano.com\/index.php?rest_route=%2Fwp%2Fv2%2Fmedia&parent=171883"}],"wp:term":[{"taxonomy":"category","embeddable":true,"href":"https:\/\/diariodominicano.com\/index.php?rest_route=%2Fwp%2Fv2%2Fcategories&post=171883"},{"taxonomy":"post_tag","embeddable":true,"href":"https:\/\/diariodominicano.com\/index.php?rest_route=%2Fwp%2Fv2%2Ftags&post=171883"}],"curies":[{"name":"wp","href":"https:\/\/api.w.org\/{rel}","templated":true}]}}