{"id":171882,"date":"2017-11-14T12:23:40","date_gmt":"2017-11-14T12:23:40","guid":{"rendered":"http:\/\/diariodominicano.ddns.net\/?p=171882"},"modified":"2017-11-14T12:23:40","modified_gmt":"2017-11-14T12:23:40","slug":"sonia-mateo-se-manifiesta-agradecida-de-respaldo-que-le-ha-dado-el-presidente-danilo-medina","status":"publish","type":"post","link":"https:\/\/diariodominicano.com\/?p=171882","title":{"rendered":"Sonia Mateo se manifiesta agradecida de respaldo que le ha dado el Presidente Danilo Medina"},"content":{"rendered":"<p><body><\/p>\n<p><img decoding=\"async\" src=\"img3\/soniam.jpg\" \/>  <\/p>\n<p>Sonia Mateo, senadora del Partido de la Liberaci\u00f3n Dominicana (PLD),  por la provincia  Dajab\u00f3n dijo este martes que no es el momento para hablar de reelecci\u00f3n presidencial, lo  que confirma porque  en  ocasiones,  en encuentro con el actual mandatario ha podido comprobar que  es un tema que no est\u00e1 en su agenda.<\/p>\n<\/p>\n<p>\u00abEntonces  no s\u00e9 de donde sale el tema de la reelecci\u00f3n\u00bb, refiri\u00f3 la dirigente del PLD entrevistada en el programa Telematinal 15 y que rese\u00f1a su partido en un parte a la prensa de la Secretar\u00eda de Comunicaciones.<\/p>\n<\/p>\n<p>Sobre el punto  de las  primarias en los partidos a contemplarse en el Proyecto de Ley de Partidos , se\u00f1ala que le da igual si fuere con el padr\u00f3n cerrado o abierto reconociendo que ambas tienen sus ventajas y sus debilidades.<\/p>\n<\/p>\n<p>Precisa que un pol\u00edtico que haya realizado un buen trabajo en beneficio de su comunidad no tiene por qu\u00e9 temer a una primara abierta como tampoco debe temerse a los compa\u00f1eros de  un partido con los que te ha llevado bien y ha dispersado un buen trato.<\/p>\n<\/p>\n<p>\u00abA m\u00ed me da igual que seas  abiertas o primarias cerrada porque como he dicho tanto una como otra  tienes su ventajas y sus desventajas\u00bb<\/p>\n<\/p>\n<p>Sobre su v\u00ednculo con el actual mandatario, la legisladora y dirigente del PLD dijo que le tiene un alto aprecio, recordando que este se empe\u00f1\u00f3 en su triunfo en la campa\u00f1a \u00faltima y ella se define como una persona agradecida.<\/p>\n<\/p>\n<h6> 2017-11-14 12:23:40 <\/h6>\n<p><!--\n<link rel=\"stylesheet\" href=\"css\/bootstrap.min.css\">\n\n\n<ul class=\"pagination\">\n\t    \n\t\n\n<li >\n\t<a href='?page_no=7142'>Previous<\/a>\n\t<\/li>\n\n\n       \n    \n\n<li><a href='?page_no=1'>1<\/a><\/li>\n\n\n\n<li><a href='?page_no=2'>2<\/a><\/li>\n\n\n\n<li><a>...<\/a><\/li>\n\n\n\n<li><a href='?page_no=7141'>7141<\/a><\/li>\n\n\n\n<li><a href='?page_no=7142'>7142<\/a><\/li>\n\n\n\n<li class='active'><a>7143<\/a><\/li>\n\n\n\n<li><a href='?page_no=7144'>7144<\/a><\/li>\n\n\n\n<li><a href='?page_no=7145'>7145<\/a><\/li>\n\n\n\n<li><a>...<\/a><\/li>\n\n\n\n<li><a href='?page_no=36999'>36999<\/a><\/li>\n\n\n\n<li><a href='?page_no=37000'>37000<\/a><\/li>\n\n    \n\t\n\n<li >\n\t<a href='?page_no=7144'>Next<\/a>\n\t<\/li>\n\n\n    \n\n<li><a href='?page_no=37000'>Last &rsaquo;&rsaquo;<\/a><\/li>\n\n<\/ul>\n\n\n--><br \/>\n<\/body><\/p>\n","protected":false},"excerpt":{"rendered":"<p>Sonia Mateo, senadora del Partido de la Liberaci\u00f3n Dominicana (PLD), por la provincia Dajab\u00f3n dijo este martes que no es el momento para hablar de reelecci\u00f3n presidencial, lo que confirma porque en ocasiones, en encuentro con el actual mandatario ha podido comprobar que es un tema que no est\u00e1 en su agenda. \u00abEntonces no s\u00e9 [&hellip;]<\/p>\n","protected":false},"author":3,"featured_media":0,"comment_status":"open","ping_status":"open","sticky":false,"template":"","format":"standard","meta":{"footnotes":""},"categories":[22],"tags":[],"class_list":["post-171882","post","type-post","status-publish","format-standard","hentry","category-politica"],"_links":{"self":[{"href":"https:\/\/diariodominicano.com\/index.php?rest_route=\/wp\/v2\/posts\/171882","targetHints":{"allow":["GET"]}}],"collection":[{"href":"https:\/\/diariodominicano.com\/index.php?rest_route=\/wp\/v2\/posts"}],"about":[{"href":"https:\/\/diariodominicano.com\/index.php?rest_route=\/wp\/v2\/types\/post"}],"author":[{"embeddable":true,"href":"https:\/\/diariodominicano.com\/index.php?rest_route=\/wp\/v2\/users\/3"}],"replies":[{"embeddable":true,"href":"https:\/\/diariodominicano.com\/index.php?rest_route=%2Fwp%2Fv2%2Fcomments&post=171882"}],"version-history":[{"count":0,"href":"https:\/\/diariodominicano.com\/index.php?rest_route=\/wp\/v2\/posts\/171882\/revisions"}],"wp:attachment":[{"href":"https:\/\/diariodominicano.com\/index.php?rest_route=%2Fwp%2Fv2%2Fmedia&parent=171882"}],"wp:term":[{"taxonomy":"category","embeddable":true,"href":"https:\/\/diariodominicano.com\/index.php?rest_route=%2Fwp%2Fv2%2Fcategories&post=171882"},{"taxonomy":"post_tag","embeddable":true,"href":"https:\/\/diariodominicano.com\/index.php?rest_route=%2Fwp%2Fv2%2Ftags&post=171882"}],"curies":[{"name":"wp","href":"https:\/\/api.w.org\/{rel}","templated":true}]}}