{"id":171881,"date":"2017-11-14T12:50:31","date_gmt":"2017-11-14T12:50:31","guid":{"rendered":"http:\/\/diariodominicano.ddns.net\/?p=171881"},"modified":"2017-11-14T12:50:31","modified_gmt":"2017-11-14T12:50:31","slug":"luis-de-leon-llama-dirigencia-del-pld-hacer-encuentro-nacional-por-la-unidad","status":"publish","type":"post","link":"https:\/\/diariodominicano.com\/?p=171881","title":{"rendered":"Lu\u00eds de Le\u00f3n llama dirigencia del PLD  hacer encuentro nacional por la unidad"},"content":{"rendered":"<p><body><\/p>\n<p><img decoding=\"async\" src=\"img3\/unidad.jpg\" \/>  <\/p>\n<p>Lu\u00eds de Le\u00f3n, miembro del Comit\u00e9 Central del Partido de la Liberaci\u00f3n Dominicana, coordinador del movimiento  Fuerza Boschista, considera id\u00f3neo que para  el 44 aniversario de la fundaci\u00f3n del PLD se organice un  encuentro nacional por la unidad.<\/p>\n<\/p>\n<p> De Le\u00f3n, ve como una urgencia la celebraci\u00f3n del encuentro nacional de los dirigentes peledeistas y as\u00ed reafirmar el compromiso con la unidad interna y el fortalecimiento partidario.<\/p>\n<\/p>\n<p>\u00abEl fortalecimiento hist\u00f3rico y rescate del legado pol\u00edtico, social y democr\u00e1tico de nuestro profesor Juan Bosch\u00bb, subray\u00f3 Luis de Le\u00f3n acompa\u00f1ado de un grupo de dirigentes al frente al busto de Juan Bosch en la Casa Nacional del PLD en Gascue.<\/p>\n<\/p>\n<p>En ese sentido plante\u00f3  un encuentro de motivaci\u00f3n a la unidad   para caminar en una direcci\u00f3n amparado en acciones que beneficien al partido y consecuentemente al pa\u00eds.<\/p>\n<\/p>\n<p>\u00abDejando de un lado los proyectos individuales o de grupos  y dar significado a lo expresado por Juan Bosch de que \u00abel PLD es su obra maestra y como tal, que pertenece al pueblo dominicano para su historia y dar un salto hacia el desarrollo\u00bb, concluy\u00f3<\/p>\n<h6> 2017-11-14 12:50:31 <\/h6>\n<p><!--\n<link rel=\"stylesheet\" href=\"css\/bootstrap.min.css\">\n\n\n<ul class=\"pagination\">\n\t    \n\t\n\n<li >\n\t<a href='?page_no=7141'>Previous<\/a>\n\t<\/li>\n\n\n       \n    \n\n<li><a href='?page_no=1'>1<\/a><\/li>\n\n\n\n<li><a href='?page_no=2'>2<\/a><\/li>\n\n\n\n<li><a>...<\/a><\/li>\n\n\n\n<li><a href='?page_no=7140'>7140<\/a><\/li>\n\n\n\n<li><a href='?page_no=7141'>7141<\/a><\/li>\n\n\n\n<li class='active'><a>7142<\/a><\/li>\n\n\n\n<li><a href='?page_no=7143'>7143<\/a><\/li>\n\n\n\n<li><a href='?page_no=7144'>7144<\/a><\/li>\n\n\n\n<li><a>...<\/a><\/li>\n\n\n\n<li><a href='?page_no=36999'>36999<\/a><\/li>\n\n\n\n<li><a href='?page_no=37000'>37000<\/a><\/li>\n\n    \n\t\n\n<li >\n\t<a href='?page_no=7143'>Next<\/a>\n\t<\/li>\n\n\n    \n\n<li><a href='?page_no=37000'>Last &rsaquo;&rsaquo;<\/a><\/li>\n\n<\/ul>\n\n\n--><br \/>\n<\/body><\/p>\n","protected":false},"excerpt":{"rendered":"<p>Lu\u00eds de Le\u00f3n, miembro del Comit\u00e9 Central del Partido de la Liberaci\u00f3n Dominicana, coordinador del movimiento Fuerza Boschista, considera id\u00f3neo que para el 44 aniversario de la fundaci\u00f3n del PLD se organice un encuentro nacional por la unidad. De Le\u00f3n, ve como una urgencia la celebraci\u00f3n del encuentro nacional de los dirigentes peledeistas y as\u00ed [&hellip;]<\/p>\n","protected":false},"author":3,"featured_media":0,"comment_status":"open","ping_status":"open","sticky":false,"template":"","format":"standard","meta":{"footnotes":""},"categories":[22],"tags":[],"class_list":["post-171881","post","type-post","status-publish","format-standard","hentry","category-politica"],"_links":{"self":[{"href":"https:\/\/diariodominicano.com\/index.php?rest_route=\/wp\/v2\/posts\/171881","targetHints":{"allow":["GET"]}}],"collection":[{"href":"https:\/\/diariodominicano.com\/index.php?rest_route=\/wp\/v2\/posts"}],"about":[{"href":"https:\/\/diariodominicano.com\/index.php?rest_route=\/wp\/v2\/types\/post"}],"author":[{"embeddable":true,"href":"https:\/\/diariodominicano.com\/index.php?rest_route=\/wp\/v2\/users\/3"}],"replies":[{"embeddable":true,"href":"https:\/\/diariodominicano.com\/index.php?rest_route=%2Fwp%2Fv2%2Fcomments&post=171881"}],"version-history":[{"count":0,"href":"https:\/\/diariodominicano.com\/index.php?rest_route=\/wp\/v2\/posts\/171881\/revisions"}],"wp:attachment":[{"href":"https:\/\/diariodominicano.com\/index.php?rest_route=%2Fwp%2Fv2%2Fmedia&parent=171881"}],"wp:term":[{"taxonomy":"category","embeddable":true,"href":"https:\/\/diariodominicano.com\/index.php?rest_route=%2Fwp%2Fv2%2Fcategories&post=171881"},{"taxonomy":"post_tag","embeddable":true,"href":"https:\/\/diariodominicano.com\/index.php?rest_route=%2Fwp%2Fv2%2Ftags&post=171881"}],"curies":[{"name":"wp","href":"https:\/\/api.w.org\/{rel}","templated":true}]}}