{"id":171880,"date":"2017-11-14T15:41:57","date_gmt":"2017-11-14T15:41:57","guid":{"rendered":"http:\/\/diariodominicano.ddns.net\/?p=171880"},"modified":"2017-11-14T15:41:57","modified_gmt":"2017-11-14T15:41:57","slug":"vicepresidenta-llevara-al-comite-politico-propuesta-cuota-juventud-en-ley-de-partidos","status":"publish","type":"post","link":"https:\/\/diariodominicano.com\/?p=171880","title":{"rendered":"Vicepresidenta llevar\u00e1 al Comit\u00e9 Pol\u00edtico propuesta cuota juventud en Ley de Partidos"},"content":{"rendered":"<p><body><\/p>\n<p><img decoding=\"async\" src=\"img3\/Foto 2.JPG\" \/><br \/><img decoding=\"async\" src=\"img3\/Foto 1.JPG\" \/>  <\/p>\n<\/p>\n<p>SANTO DOMINGO, 14 de noviembre de 2017.- La vicepresidenta de la Rep\u00fablica, doctora Margarita Cede\u00f1o, declar\u00f3 que llevar\u00e1 ante el Comit\u00e9 Pol\u00edtico del Partido de la Liberaci\u00f3n Dominicana (PLD) la propuesta para que sea consagrada en la Ley de Partidos Pol\u00edticos una mayor cuota de participaci\u00f3n de j\u00f3venes pol\u00edticos para que este segmento de la poblaci\u00f3n pueda competir en igualdad de condiciones a los diferentes cargos electivos.<\/p>\n<\/p>\n<p>La tambi\u00e9n miembro del Comit\u00e9 Pol\u00edtico del PLD se comprometi\u00f3 en ese sentido ante decenas de j\u00f3venes dirigentes de diferentes organizaciones pol\u00edticas durante una reuni\u00f3n en el Sal\u00f3n Los Trinitarios del Palacio Nacional.<\/p>\n<\/p>\n<p>Los participantes solicitaron su colaboraci\u00f3n para que en las discusiones sobre la referida ley se estipule una cuota de un 25 por ciento de participaci\u00f3n de la juventud en la boleta electoral, que el 10 por ciento de la inversi\u00f3n en campa\u00f1a sea destinado a los j\u00f3venes y que otro 25 por ciento del presupuesto de esas organizaciones sea invertido en capacitaci\u00f3n.<\/p>\n<\/p>\n<p>Margarita Cede\u00f1o manifest\u00f3 su confianza en los j\u00f3venes y opin\u00f3 que los partidos pol\u00edticos del pa\u00eds deben mejorar para dar m\u00e1s oportunidad a este grupo, por considerar que el crecimiento de esas organizaciones depende del debate y la competencia.<\/p>\n<\/p>\n<p>\u00abYo creo mucho en ellos (los j\u00f3venes), y cada quien que asegure su espacio, \u00bfc\u00f3mo lo asegura?: trabajando por los dem\u00e1s; esa es la mejor manera de mantenerse, porque al final, si lo que queremos es dar un servicio a los dem\u00e1s, si lo que queremos es representar bien a los dem\u00e1s, entonces tenemos que ir acorde con lo que ellos quieren, necesitan y requieren\u00bb, enfatiz\u00f3.<\/p>\n<h6> 2017-11-14 15:41:57 <\/h6>\n<p><!--\n<link rel=\"stylesheet\" href=\"css\/bootstrap.min.css\">\n\n\n<ul class=\"pagination\">\n\t    \n\t\n\n<li >\n\t<a href='?page_no=7140'>Previous<\/a>\n\t<\/li>\n\n\n       \n    \n\n<li><a href='?page_no=1'>1<\/a><\/li>\n\n\n\n<li><a href='?page_no=2'>2<\/a><\/li>\n\n\n\n<li><a>...<\/a><\/li>\n\n\n\n<li><a href='?page_no=7139'>7139<\/a><\/li>\n\n\n\n<li><a href='?page_no=7140'>7140<\/a><\/li>\n\n\n\n<li class='active'><a>7141<\/a><\/li>\n\n\n\n<li><a href='?page_no=7142'>7142<\/a><\/li>\n\n\n\n<li><a href='?page_no=7143'>7143<\/a><\/li>\n\n\n\n<li><a>...<\/a><\/li>\n\n\n\n<li><a href='?page_no=36999'>36999<\/a><\/li>\n\n\n\n<li><a href='?page_no=37000'>37000<\/a><\/li>\n\n    \n\t\n\n<li >\n\t<a href='?page_no=7142'>Next<\/a>\n\t<\/li>\n\n\n    \n\n<li><a href='?page_no=37000'>Last &rsaquo;&rsaquo;<\/a><\/li>\n\n<\/ul>\n\n\n--><br \/>\n<\/body><\/p>\n","protected":false},"excerpt":{"rendered":"<p>SANTO DOMINGO, 14 de noviembre de 2017.- La vicepresidenta de la Rep\u00fablica, doctora Margarita Cede\u00f1o, declar\u00f3 que llevar\u00e1 ante el Comit\u00e9 Pol\u00edtico del Partido de la Liberaci\u00f3n Dominicana (PLD) la propuesta para que sea consagrada en la Ley de Partidos Pol\u00edticos una mayor cuota de participaci\u00f3n de j\u00f3venes pol\u00edticos para que este segmento de la [&hellip;]<\/p>\n","protected":false},"author":3,"featured_media":0,"comment_status":"open","ping_status":"open","sticky":false,"template":"","format":"standard","meta":{"footnotes":""},"categories":[22],"tags":[],"class_list":["post-171880","post","type-post","status-publish","format-standard","hentry","category-politica"],"_links":{"self":[{"href":"https:\/\/diariodominicano.com\/index.php?rest_route=\/wp\/v2\/posts\/171880","targetHints":{"allow":["GET"]}}],"collection":[{"href":"https:\/\/diariodominicano.com\/index.php?rest_route=\/wp\/v2\/posts"}],"about":[{"href":"https:\/\/diariodominicano.com\/index.php?rest_route=\/wp\/v2\/types\/post"}],"author":[{"embeddable":true,"href":"https:\/\/diariodominicano.com\/index.php?rest_route=\/wp\/v2\/users\/3"}],"replies":[{"embeddable":true,"href":"https:\/\/diariodominicano.com\/index.php?rest_route=%2Fwp%2Fv2%2Fcomments&post=171880"}],"version-history":[{"count":0,"href":"https:\/\/diariodominicano.com\/index.php?rest_route=\/wp\/v2\/posts\/171880\/revisions"}],"wp:attachment":[{"href":"https:\/\/diariodominicano.com\/index.php?rest_route=%2Fwp%2Fv2%2Fmedia&parent=171880"}],"wp:term":[{"taxonomy":"category","embeddable":true,"href":"https:\/\/diariodominicano.com\/index.php?rest_route=%2Fwp%2Fv2%2Fcategories&post=171880"},{"taxonomy":"post_tag","embeddable":true,"href":"https:\/\/diariodominicano.com\/index.php?rest_route=%2Fwp%2Fv2%2Ftags&post=171880"}],"curies":[{"name":"wp","href":"https:\/\/api.w.org\/{rel}","templated":true}]}}