{"id":171879,"date":"2017-11-14T19:21:06","date_gmt":"2017-11-14T19:21:06","guid":{"rendered":"http:\/\/diariodominicano.ddns.net\/?p=171879"},"modified":"2017-11-14T19:21:06","modified_gmt":"2017-11-14T19:21:06","slug":"hipolito-mejia-dona-al-politecnico-loyola-biblioteca-del-instituto-de-formacion-politica-doctor-jose-francisco-pena-gomez","status":"publish","type":"post","link":"https:\/\/diariodominicano.com\/?p=171879","title":{"rendered":"Hip\u00f3lito Mej\u00eda dona al Polit\u00e9cnico Loyola Biblioteca del Instituto de Formaci\u00f3n Pol\u00edtica Doctor Jos\u00e9 Francisco Pe\u00f1a G\u00f3mez"},"content":{"rendered":"<p><body><\/p>\n<p><img decoding=\"async\" src=\"img3\/HM DONA LIBROS AL INSTITUTO LOYOLA.jpg\" \/><br \/><img decoding=\"async\" src=\"img3\/HM EN EL ACTO DE DONACION DE LA BIBLIOTECA JFPG .jpg\" \/>  <\/p>\n<p><strong><span class=\"text1noticias\">SAN CRISTOBAL, RD, 14 de noviembre de 2017.- <\/span><\/strong><span class=\"text1noticias\"> El expresidente Hip\u00f3lito Mej\u00eda realiz\u00f3 una apreciable donaci\u00f3n de libros de la biblioteca del Instituto de Formaci\u00f3n Pol\u00edtica \u00abJos\u00e9 Francisco Pe\u00f1a G\u00f3mez\u00bb, a la biblioteca \u00abSan Francisco Javier\u00bb del Instituto Polit\u00e9cnico Loyola.<\/span><\/p>\n<\/p>\n<p><span class=\"text1noticias\">Hip\u00f3lito Mej\u00eda tom\u00f3 la decisi\u00f3n en su condici\u00f3n de presidente del Instituto que honra la memoria del doctor Jos\u00e9 Francisco Pe\u00f1a G\u00f3mez.<\/span><\/p>\n<\/p>\n<p><span class=\"text1noticias\">La entrega fue realizada en un acto celebrado en la sede del Instituto Polit\u00e9cnico Loyola en San Crist\u00f3bal. Recibi\u00f3 la donaci\u00f3n el vicerrector acad\u00e9mico del IPL, Marino Brito Guill\u00e9n, quien expres\u00f3 el agradecimiento de la Instituci\u00f3n por el valioso aporte hecho por Mej\u00eda, antiguo alumno y permanente colaborador del centro de estudios.<\/span><\/p>\n<\/p>\n<p><span class=\"text1noticias\">Al hacer la entrega el expresidente Hip\u00f3lito Mej\u00eda, resalt\u00f3 los estrechos v\u00ednculos que mantiene con el Polit\u00e9cnico y con San Crist\u00f3bal, donde adquiri\u00f3 sus primeros estudios de agronom\u00eda y la formaci\u00f3n jesuita que le ha normado su conducta a lo largo de su vida p\u00fablica y familiar.<\/span><\/p>\n<\/p>\n<p><span class=\"text1noticias\"> Loida Do\u00f1\u00e9 y Freddy Garc\u00eda, directora Proyecci\u00f3n Institucional y coordinador de Admisiones y Pasant\u00eda del IPL, respectivamente, hicieron uso de la palabra y destacaron la utilidad de la donaci\u00f3n para la ampliaci\u00f3n de los recursos que se ponen a disposici\u00f3n de los estudiantes y de la comunidad.<\/span><\/p>\n<\/p>\n<p><span class=\"text1noticias\">En el acto particip\u00f3, adem\u00e1s de Mej\u00eda y las autoridades del IPL, la licenciada Luisa S\u00e1nchez, Coordinadora T\u00e9cnica de Educaci\u00f3n del Instituto Jos\u00e9 Francisco Pe\u00f1a G\u00f3mez.<\/span><\/p>\n<\/p>\n<\/p>\n<h6> 2017-11-14 19:21:06 <\/h6>\n<p><!--\n<link rel=\"stylesheet\" href=\"css\/bootstrap.min.css\">\n\n\n<ul class=\"pagination\">\n\t    \n\t\n\n<li >\n\t<a href='?page_no=7139'>Previous<\/a>\n\t<\/li>\n\n\n       \n    \n\n<li><a href='?page_no=1'>1<\/a><\/li>\n\n\n\n<li><a href='?page_no=2'>2<\/a><\/li>\n\n\n\n<li><a>...<\/a><\/li>\n\n\n\n<li><a href='?page_no=7138'>7138<\/a><\/li>\n\n\n\n<li><a href='?page_no=7139'>7139<\/a><\/li>\n\n\n\n<li class='active'><a>7140<\/a><\/li>\n\n\n\n<li><a href='?page_no=7141'>7141<\/a><\/li>\n\n\n\n<li><a href='?page_no=7142'>7142<\/a><\/li>\n\n\n\n<li><a>...<\/a><\/li>\n\n\n\n<li><a href='?page_no=36999'>36999<\/a><\/li>\n\n\n\n<li><a href='?page_no=37000'>37000<\/a><\/li>\n\n    \n\t\n\n<li >\n\t<a href='?page_no=7141'>Next<\/a>\n\t<\/li>\n\n\n    \n\n<li><a href='?page_no=37000'>Last &rsaquo;&rsaquo;<\/a><\/li>\n\n<\/ul>\n\n\n--><br \/>\n<\/body><\/p>\n","protected":false},"excerpt":{"rendered":"<p>SAN CRISTOBAL, RD, 14 de noviembre de 2017.- El expresidente Hip\u00f3lito Mej\u00eda realiz\u00f3 una apreciable donaci\u00f3n de libros de la biblioteca del Instituto de Formaci\u00f3n Pol\u00edtica \u00abJos\u00e9 Francisco Pe\u00f1a G\u00f3mez\u00bb, a la biblioteca \u00abSan Francisco Javier\u00bb del Instituto Polit\u00e9cnico Loyola. Hip\u00f3lito Mej\u00eda tom\u00f3 la decisi\u00f3n en su condici\u00f3n de presidente del Instituto que honra la [&hellip;]<\/p>\n","protected":false},"author":3,"featured_media":0,"comment_status":"open","ping_status":"open","sticky":false,"template":"","format":"standard","meta":{"footnotes":""},"categories":[22],"tags":[],"class_list":["post-171879","post","type-post","status-publish","format-standard","hentry","category-politica"],"_links":{"self":[{"href":"https:\/\/diariodominicano.com\/index.php?rest_route=\/wp\/v2\/posts\/171879","targetHints":{"allow":["GET"]}}],"collection":[{"href":"https:\/\/diariodominicano.com\/index.php?rest_route=\/wp\/v2\/posts"}],"about":[{"href":"https:\/\/diariodominicano.com\/index.php?rest_route=\/wp\/v2\/types\/post"}],"author":[{"embeddable":true,"href":"https:\/\/diariodominicano.com\/index.php?rest_route=\/wp\/v2\/users\/3"}],"replies":[{"embeddable":true,"href":"https:\/\/diariodominicano.com\/index.php?rest_route=%2Fwp%2Fv2%2Fcomments&post=171879"}],"version-history":[{"count":0,"href":"https:\/\/diariodominicano.com\/index.php?rest_route=\/wp\/v2\/posts\/171879\/revisions"}],"wp:attachment":[{"href":"https:\/\/diariodominicano.com\/index.php?rest_route=%2Fwp%2Fv2%2Fmedia&parent=171879"}],"wp:term":[{"taxonomy":"category","embeddable":true,"href":"https:\/\/diariodominicano.com\/index.php?rest_route=%2Fwp%2Fv2%2Fcategories&post=171879"},{"taxonomy":"post_tag","embeddable":true,"href":"https:\/\/diariodominicano.com\/index.php?rest_route=%2Fwp%2Fv2%2Ftags&post=171879"}],"curies":[{"name":"wp","href":"https:\/\/api.w.org\/{rel}","templated":true}]}}