{"id":171876,"date":"2017-11-15T10:25:50","date_gmt":"2017-11-15T10:25:50","guid":{"rendered":"http:\/\/diariodominicano.ddns.net\/?p=171876"},"modified":"2017-11-15T10:25:50","modified_gmt":"2017-11-15T10:25:50","slug":"mas-de-5-mil-se-inscribieron-en-el-prm-en-ny-superando-las-expectativas","status":"publish","type":"post","link":"https:\/\/diariodominicano.com\/?p=171876","title":{"rendered":"M\u00e1s de 5 mil se inscribieron en el PRM en NY superando las expectativas"},"content":{"rendered":"<p><body><\/p>\n<p><img decoding=\"async\" src=\"img3\/prm-new-york15.jpg\" \/>  <\/p>\n<p><span class=\"text1noticias\">Nueva York, 15 de noviembre, 2017.- El presidente del Partido Revolucionario Moderno (PRM) en la seccional del estado de Nueva York, Luis Emilio Ducasse, inform\u00f3 que al finalizar el Programa de Registro de Militantes (PREMIL), lograron inscribir y reinscribir 5,090 nuevos miembros en la organizaci\u00f3n, aptos para votar en la convenci\u00f3n interna que est\u00e1 pautada a celebrarse este mes de noviembre.<\/span><\/p>\n<p><span class=\"text1noticias\"> <\/span><\/p>\n<p><span class=\"text1noticias\"> Ducasse dijo que, a pesar del corto tiempo disponible y con una prorroga que fue dada por la direcci\u00f3n partidaria en Rep\u00fablica Dominicana, extendiendo el proceso de inscripci\u00f3n hasta el pasado 6 de noviembre en el exterior (all\u00e1 concluy\u00f3 el 31 de octubre), el proceso de inscripci\u00f3n super\u00f3 las expectativas, ya que se proyectaba que solo lograr\u00edan hacer menos de 3,000 y lograron registrar un poco m\u00e1s de 5,000 nuevos inscritos en la organizaci\u00f3n.<\/span><\/p>\n<p><span class=\"text1noticias\"> <\/span><\/p>\n<p><span class=\"text1noticias\"> Ducasse agreg\u00f3 que, en cuanto al volumen de inscripciones por regi\u00f3n o condado, El Bronx encabeza la lista, seguido de las regiones Manhattan Sur y Norte, Queens y Brooklyn, adem\u00e1s de Yonkers, Havestraw, Tarrytown y Mount Vernon.  <\/span><\/p>\n<p><span class=\"text1noticias\"> <\/span><\/p>\n<p><span class=\"text1noticias\"> \u00abYo me siento m\u00e1s que satisfecho como transcurri\u00f3 el proceso de inscripci\u00f3n y quiero destacar la capacidad de movilizaci\u00f3n de nuestros dirigentes a todos los niveles, quienes no desmayaron hasta el \u00faltimo d\u00eda que concluy\u00f3 el mismo, lo que demuestra el alto entusiasmo que existe en nuestro partido en prepararse para hacer de \u00e9ste una maquinaria pol\u00edtica y electoral capacitada para competir en las pr\u00f3ximas elecciones\u00bb dijo Ducasse.<\/span><\/p>\n<p><span class=\"text1noticias\"> <\/span><\/p>\n<p><span class=\"text1noticias\"> Ducasse tambi\u00e9n alab\u00f3 la labor tit\u00e1nica que realiz\u00f3 Henry Taveras, secretario de organizaci\u00f3n del PRM en esta seccional por el cronograma que fue implementado para llevar a cabo este proceso, al igual que las respectivas direcciones de los equipos pol\u00edticos de Luis Abinader, Hip\u00f3lito Mej\u00eda y Ram\u00f3n Emilio Concepci\u00f3n en esta ciudad que siempre mantuvieron un esp\u00edritu de unidad y trabajo cohesionado para que el proceso concluyera de manera satisfactoria.<\/span><\/p>\n<p><span class=\"text1noticias\"> <\/span><\/p>\n<p><span class=\"text1noticias\"> Sobre la fecha y los detalles del montaje del proceso convencional, el presidente de la seccional perreme\u00edsta en esta plaza declar\u00f3 que, hasta este momento, solo maneja informaciones sobre el proceso de inscripci\u00f3n, a la vez que la fecha de la convenci\u00f3n se mantiene como hasta ahora, para el 26 de noviembre.<\/span><\/p>\n<p><span class=\"text1noticias\"> <\/span><\/p>\n<p><span class=\"text1noticias\">\u00abNosotros hemos recibido llamadas de varios compa\u00f1eros pregunt\u00e1ndonos sobre la fecha y los preparativos del montaje del proceso convencional. Lo que le he dicho es que todo se ha mantenido igual y de ocurrir lo contrario, solo estamos esperando las informaciones de la Comisi\u00f3n Nacional Organizadora (CNO), como m\u00e1xima autoridad partidaria responsable de dicho proceso, para que nos faciliten las orientaciones concernientes y, al mismo, ojal\u00e1 puedan venir una comisi\u00f3n designada para que juramenten la Comisi\u00f3n Local Organizadora (CLO), que ser\u00e1 la encargada de realizar el proceso aqu\u00ed\u00bb termino diciendo Ducasse.<\/span><\/p>\n<p><span class=\"text1noticias\"> <\/span><\/p>\n<p><span class=\"text1noticias\">Luis Emilio Ducasse habl\u00f3 en estos t\u00e9rminos al concluir de su regreso de un viaje reciente que realiz\u00f3 hacia la Rep\u00fablica Dominicana, donde fue a entregar los formularios de inscripci\u00f3n y otras documentaciones pertinentes. All\u00e1 fue recibido por una comisi\u00f3n designada por la Comisi\u00f3n Nacional Organizadora (CNO) de la convenci\u00f3n, que preside el licenciado Tony Raful, con la presencia de representantes de los equipos de Luis Abinader e Hip\u00f3lito <\/span>Mej\u00eda.   <\/p>\n<\/p>\n<p>Fuente: Andres Matos<\/p>\n<h6> 2017-11-15 10:25:50 <\/h6>\n<p><!--\n<link rel=\"stylesheet\" href=\"css\/bootstrap.min.css\">\n\n\n<ul class=\"pagination\">\n\t    \n\t\n\n<li >\n\t<a href='?page_no=7137'>Previous<\/a>\n\t<\/li>\n\n\n       \n    \n\n<li><a href='?page_no=1'>1<\/a><\/li>\n\n\n\n<li><a href='?page_no=2'>2<\/a><\/li>\n\n\n\n<li><a>...<\/a><\/li>\n\n\n\n<li><a href='?page_no=7136'>7136<\/a><\/li>\n\n\n\n<li><a href='?page_no=7137'>7137<\/a><\/li>\n\n\n\n<li class='active'><a>7138<\/a><\/li>\n\n\n\n<li><a href='?page_no=7139'>7139<\/a><\/li>\n\n\n\n<li><a href='?page_no=7140'>7140<\/a><\/li>\n\n\n\n<li><a>...<\/a><\/li>\n\n\n\n<li><a href='?page_no=36999'>36999<\/a><\/li>\n\n\n\n<li><a href='?page_no=37000'>37000<\/a><\/li>\n\n    \n\t\n\n<li >\n\t<a href='?page_no=7139'>Next<\/a>\n\t<\/li>\n\n\n    \n\n<li><a href='?page_no=37000'>Last &rsaquo;&rsaquo;<\/a><\/li>\n\n<\/ul>\n\n\n--><br \/>\n<\/body><\/p>\n","protected":false},"excerpt":{"rendered":"<p>Nueva York, 15 de noviembre, 2017.- El presidente del Partido Revolucionario Moderno (PRM) en la seccional del estado de Nueva York, Luis Emilio Ducasse, inform\u00f3 que al finalizar el Programa de Registro de Militantes (PREMIL), lograron inscribir y reinscribir 5,090 nuevos miembros en la organizaci\u00f3n, aptos para votar en la convenci\u00f3n interna que est\u00e1 pautada [&hellip;]<\/p>\n","protected":false},"author":3,"featured_media":0,"comment_status":"open","ping_status":"open","sticky":false,"template":"","format":"standard","meta":{"footnotes":""},"categories":[22],"tags":[],"class_list":["post-171876","post","type-post","status-publish","format-standard","hentry","category-politica"],"_links":{"self":[{"href":"https:\/\/diariodominicano.com\/index.php?rest_route=\/wp\/v2\/posts\/171876","targetHints":{"allow":["GET"]}}],"collection":[{"href":"https:\/\/diariodominicano.com\/index.php?rest_route=\/wp\/v2\/posts"}],"about":[{"href":"https:\/\/diariodominicano.com\/index.php?rest_route=\/wp\/v2\/types\/post"}],"author":[{"embeddable":true,"href":"https:\/\/diariodominicano.com\/index.php?rest_route=\/wp\/v2\/users\/3"}],"replies":[{"embeddable":true,"href":"https:\/\/diariodominicano.com\/index.php?rest_route=%2Fwp%2Fv2%2Fcomments&post=171876"}],"version-history":[{"count":0,"href":"https:\/\/diariodominicano.com\/index.php?rest_route=\/wp\/v2\/posts\/171876\/revisions"}],"wp:attachment":[{"href":"https:\/\/diariodominicano.com\/index.php?rest_route=%2Fwp%2Fv2%2Fmedia&parent=171876"}],"wp:term":[{"taxonomy":"category","embeddable":true,"href":"https:\/\/diariodominicano.com\/index.php?rest_route=%2Fwp%2Fv2%2Fcategories&post=171876"},{"taxonomy":"post_tag","embeddable":true,"href":"https:\/\/diariodominicano.com\/index.php?rest_route=%2Fwp%2Fv2%2Ftags&post=171876"}],"curies":[{"name":"wp","href":"https:\/\/api.w.org\/{rel}","templated":true}]}}