{"id":171872,"date":"2017-11-16T12:57:41","date_gmt":"2017-11-16T12:57:41","guid":{"rendered":"http:\/\/diariodominicano.ddns.net\/?p=171872"},"modified":"2017-11-16T12:57:41","modified_gmt":"2017-11-16T12:57:41","slug":"instituto-de-contadores-advierte-expulsara-violadores-ley-de-lavado-de-activos-2","status":"publish","type":"post","link":"https:\/\/diariodominicano.com\/?p=171872","title":{"rendered":"Instituto de Contadores advierte expulsar\u00e1 violadores  Ley de Lavado de Activos"},"content":{"rendered":"<p><body><\/p>\n<p><img decoding=\"async\" src=\"img3\/contadores.jpg\" \/>  <\/p>\n<p>SANTO DOMINGO.-El Instituto de Contadores P\u00fablicos Autorizados de la Rep\u00fablica Dominicana (ICPARD) advirti\u00f3 que expulsar\u00e1 de sus filas a sus miembros que violen la Ley 155-17, sobre lavado de activos.<\/p>\n<\/p>\n<p>El licenciado Felipe Montero, presidente del ICPARD, hizo el se\u00f1alamiento en momentos en que anunciaba la expulsi\u00f3n del organismo del  licenciado Geraldo Matos Valdez, condenado a 8 a\u00f1os de prisi\u00f3n luego que un tribunal lo encontrara culpable, junto a otras tres personas, de un fraude por RD$151.0 millones perjuicio de la Direcci\u00f3n General de Impuestos Internos (DGII).<\/p>\n<\/p>\n<p>Montero manifest\u00f3 que esa entidad tom\u00f3 la decisi\u00f3n luego que el su Comit\u00e9 de Calificaciones y  \u00c9tica Profesional y el Tribunal Disciplinario estudiaron el caso e hicieron las recomendaciones de lugar sobre ese caso.<\/p>\n<\/p>\n<p>Asimismo, inform\u00f3 que contempla la posibilidad de solicitar ante el Poder Ejecutivo la derogaci\u00f3n del exequ\u00e1tur del licenciado Matos Valdez, contador p\u00fablico autorizado registrado ante el ICPARD con el 8394.<\/p>\n<\/p>\n<p>Montero Habl\u00f3  en rueda de prensa junto a N\u00e9stor Marte, director t\u00e9cnico del ICPARD; Francisco Acosta, Tesorero; Basilio S\u00e1nchez, presidente del Comit\u00e9 de \u00c9tica y Yasmin Adalid Horta Osorio,<\/p>\n<p>Directora Administrativa.<\/p>\n<\/p>\n<p>Dijo que en los archivos del ICPARD reposa un expediente que indica que Matos Valdez fue implicado en un fraude con comprobantes fiscales en el 2010, por lo que es reincidente en ese tipo de delitos.<\/p>\n<\/p>\n<p>Montero manifest\u00f3 que es imprescindible sancionar a los miembros de la instituci\u00f3n que cometen actos de indisciplina y violatorios a las  leyes y la \u00e9tica, \u00abcomo una manera de salvaguardar la imagen de los contadores\u00bb.<\/p>\n<\/p>\n<p>Matos Valdez fue condenado el 2 de noviembre de este a\u00f1o por el Primer Tribunal Colegiado del Distrito Nacional junto a Franklin Peguero Mart\u00ednez, ex empleado de la instituci\u00f3n, Carmen Delis Franco P\u00e9rez  e Ivonne Peguero Mart\u00ednez.<\/p>\n<\/p>\n<p>En otro orden, Montero inform\u00f3 que el contador Faustino Rosario D\u00edaz, ex gerente financiero de la Oficina Metropolitana de Transporte (OMSA), implicado en la muerte del abogado y profesor universitario, Yuniol Ram\u00edrez, no es miembro activo ni pasivo del ICPARD.<\/p>\n<\/p>\n<p>Dijo que Rosario D\u00edaz es violador de la Ley 633 que indica que cada contador debe prestar juramento ante la Junta Directiva Nacional del ICPARD.<\/p>\n<\/p>\n<p>Indic\u00f3 que, en consecuencia, \u00abno ha podido iniciar un proceso disciplinario de acuerdo con nuestro c\u00f3digo de \u00e9tica profesional\u00bb.<\/p>\n<\/p>\n<p>\u00abTampoco hemos podido identificar el exequ\u00e1tur que lo acredita como contador\u00bb, precis\u00f3.<\/p>\n<p>Manifest\u00f3 que el Comit\u00e9 de Calificaciones y \u00c9tica Profesional de esa entidad  hizo la debida investigaci\u00f3n sobre ese caso.<\/p>\n<h6> 2017-11-16 12:57:41 <\/h6>\n<p><!--\n<link rel=\"stylesheet\" href=\"css\/bootstrap.min.css\">\n\n\n<ul class=\"pagination\">\n\t    \n\t\n\n<li >\n\t<a href='?page_no=7133'>Previous<\/a>\n\t<\/li>\n\n\n       \n    \n\n<li><a href='?page_no=1'>1<\/a><\/li>\n\n\n\n<li><a href='?page_no=2'>2<\/a><\/li>\n\n\n\n<li><a>...<\/a><\/li>\n\n\n\n<li><a href='?page_no=7132'>7132<\/a><\/li>\n\n\n\n<li><a href='?page_no=7133'>7133<\/a><\/li>\n\n\n\n<li class='active'><a>7134<\/a><\/li>\n\n\n\n<li><a href='?page_no=7135'>7135<\/a><\/li>\n\n\n\n<li><a href='?page_no=7136'>7136<\/a><\/li>\n\n\n\n<li><a>...<\/a><\/li>\n\n\n\n<li><a href='?page_no=36999'>36999<\/a><\/li>\n\n\n\n<li><a href='?page_no=37000'>37000<\/a><\/li>\n\n    \n\t\n\n<li >\n\t<a href='?page_no=7135'>Next<\/a>\n\t<\/li>\n\n\n    \n\n<li><a href='?page_no=37000'>Last &rsaquo;&rsaquo;<\/a><\/li>\n\n<\/ul>\n\n\n--><br \/>\n<\/body><\/p>\n","protected":false},"excerpt":{"rendered":"<p>SANTO DOMINGO.-El Instituto de Contadores P\u00fablicos Autorizados de la Rep\u00fablica Dominicana (ICPARD) advirti\u00f3 que expulsar\u00e1 de sus filas a sus miembros que violen la Ley 155-17, sobre lavado de activos. El licenciado Felipe Montero, presidente del ICPARD, hizo el se\u00f1alamiento en momentos en que anunciaba la expulsi\u00f3n del organismo del licenciado Geraldo Matos Valdez, condenado [&hellip;]<\/p>\n","protected":false},"author":3,"featured_media":0,"comment_status":"open","ping_status":"open","sticky":false,"template":"","format":"standard","meta":{"footnotes":""},"categories":[22],"tags":[],"class_list":["post-171872","post","type-post","status-publish","format-standard","hentry","category-politica"],"_links":{"self":[{"href":"https:\/\/diariodominicano.com\/index.php?rest_route=\/wp\/v2\/posts\/171872","targetHints":{"allow":["GET"]}}],"collection":[{"href":"https:\/\/diariodominicano.com\/index.php?rest_route=\/wp\/v2\/posts"}],"about":[{"href":"https:\/\/diariodominicano.com\/index.php?rest_route=\/wp\/v2\/types\/post"}],"author":[{"embeddable":true,"href":"https:\/\/diariodominicano.com\/index.php?rest_route=\/wp\/v2\/users\/3"}],"replies":[{"embeddable":true,"href":"https:\/\/diariodominicano.com\/index.php?rest_route=%2Fwp%2Fv2%2Fcomments&post=171872"}],"version-history":[{"count":0,"href":"https:\/\/diariodominicano.com\/index.php?rest_route=\/wp\/v2\/posts\/171872\/revisions"}],"wp:attachment":[{"href":"https:\/\/diariodominicano.com\/index.php?rest_route=%2Fwp%2Fv2%2Fmedia&parent=171872"}],"wp:term":[{"taxonomy":"category","embeddable":true,"href":"https:\/\/diariodominicano.com\/index.php?rest_route=%2Fwp%2Fv2%2Fcategories&post=171872"},{"taxonomy":"post_tag","embeddable":true,"href":"https:\/\/diariodominicano.com\/index.php?rest_route=%2Fwp%2Fv2%2Ftags&post=171872"}],"curies":[{"name":"wp","href":"https:\/\/api.w.org\/{rel}","templated":true}]}}