{"id":171871,"date":"2017-11-16T17:31:47","date_gmt":"2017-11-16T17:31:47","guid":{"rendered":"http:\/\/diariodominicano.ddns.net\/?p=171871"},"modified":"2017-11-16T17:31:47","modified_gmt":"2017-11-16T17:31:47","slug":"comision-bicameral-concluye-lectura-del-proyecto-de-regimen-electoral","status":"publish","type":"post","link":"https:\/\/diariodominicano.com\/?p=171871","title":{"rendered":"&#13;Comisi\u00f3n Bicameral concluye lectura del proyecto de R\u00e9gimen Electoral"},"content":{"rendered":"<p><body><\/p>\n<p><img decoding=\"async\" src=\"img3\/DSC_4746.JPG\" \/>  <\/p>\n<p><strong><span class=\"text1noticias\">SANTO DOMINGO, RD, 16 de noviembre de 2017.- <\/span><\/strong><span class=\"text1noticias\"> La Comisi\u00f3n Bicameral que estudia los proyectos de leyes de partidos, agrupaciones y movimientos pol\u00edticos; y el de r\u00e9gimen electoral, concluy\u00f3 este jueves con la lectura de los 248 art\u00edculos del proyecto de Ley Org\u00e1nica del R\u00e9gimen Electoral.<\/span><\/p>\n<\/p>\n<p><span class=\"text1noticias\">El presidente de la comisi\u00f3n, el senador Ar\u00edstides Victoria Yeb, inform\u00f3 que \u00abla gran mayor\u00eda\u00bb de los art\u00edculos de la pieza legislativa han sido consensuados por los comisionados.<\/span><\/p>\n<\/p>\n<p><span class=\"text1noticias\">Explic\u00f3 que en la reuni\u00f3n discutieron varios temas, destacando, los cr\u00edmenes y delitos electorales, prescripci\u00f3n de las infracciones y las competencias.<\/span><\/p>\n<\/p>\n<p><span class=\"text1noticias\">El representante de Mar\u00eda Trinidad S\u00e1nchez record\u00f3 que luego de la promulgaci\u00f3n de la Constituci\u00f3n del 2010, la competencia para conocer los delitos y crimines electorales, la tiene el Tribunal Constitucional.<\/span><\/p>\n<\/p>\n<p><span class=\"text1noticias\">Dijo que en el encuentro los representantes del Partido Revolucionario Moderno (PRM) propusieron la creaci\u00f3n de un fiscal o procurador electoral, que tendr\u00eda como funci\u00f3n perseguir los delitos electorales<\/span><\/p>\n<p><span class=\"text1noticias\">Preciso que el PRM tambi\u00e9n pide ampliar el plazo para las impugnaciones electorales a 72 horas y que dichos planteamientos ser\u00e1n discutidos en una pr\u00f3xima reuni\u00f3n. <\/span><\/p>\n<\/p>\n<p><span class=\"text1noticias\">Victoria Yeb afirm\u00f3 que se  design\u00f3 una subcomisi\u00f3n, presidida por el diputado Plutarco P\u00e9rez e integrada por V\u00edctor de Aza y el senador Dionis S\u00e1nchez, para que hagan una redacci\u00f3n observando la t\u00e9cnica legislativa, con relaci\u00f3n a cr\u00edmenes y delitos electorales y sus sanciones. <\/span><\/p>\n<p><span class=\"text1noticias\">Visita presidente JCE.<\/span><\/p>\n<\/p>\n<p><span class=\"text1noticias\">El presidente de la Comisi\u00f3n Bicameral, inform\u00f3 adem\u00e1s, que el pr\u00f3ximo jueves a las 10:00 de la ma\u00f1ana recibir\u00e1n la visita del presidente de la Junta Central Electoral, Julio Cesar Casta\u00f1os Guzm\u00e1n, donde le plantearan todas las inquietudes que tienen sobre el proyecto de Ley Org\u00e1nica del R\u00e9gimen Electoral sometido por la JCE.<\/span><\/p>\n<\/p>\n<p><span class=\"text1noticias\">Victoria Yeb dijo que algunas de las inquietudes de los comisionados son, voto preferencial, taza a cobrar por la JCE para la emitir nueva cedula, la entrega de cedula de menor a adolescentes de 12 a\u00f1os de edad, entre otras.<\/span><\/p>\n<\/p>\n<\/p>\n<h6> 2017-11-16 17:31:47 <\/h6>\n<p><!--\n<link rel=\"stylesheet\" href=\"css\/bootstrap.min.css\">\n\n\n<ul class=\"pagination\">\n\t    \n\t\n\n<li >\n\t<a href='?page_no=7132'>Previous<\/a>\n\t<\/li>\n\n\n       \n    \n\n<li><a href='?page_no=1'>1<\/a><\/li>\n\n\n\n<li><a href='?page_no=2'>2<\/a><\/li>\n\n\n\n<li><a>...<\/a><\/li>\n\n\n\n<li><a href='?page_no=7131'>7131<\/a><\/li>\n\n\n\n<li><a href='?page_no=7132'>7132<\/a><\/li>\n\n\n\n<li class='active'><a>7133<\/a><\/li>\n\n\n\n<li><a href='?page_no=7134'>7134<\/a><\/li>\n\n\n\n<li><a href='?page_no=7135'>7135<\/a><\/li>\n\n\n\n<li><a>...<\/a><\/li>\n\n\n\n<li><a href='?page_no=36999'>36999<\/a><\/li>\n\n\n\n<li><a href='?page_no=37000'>37000<\/a><\/li>\n\n    \n\t\n\n<li >\n\t<a href='?page_no=7134'>Next<\/a>\n\t<\/li>\n\n\n    \n\n<li><a href='?page_no=37000'>Last &rsaquo;&rsaquo;<\/a><\/li>\n\n<\/ul>\n\n\n--><br \/>\n<\/body><\/p>\n","protected":false},"excerpt":{"rendered":"<p>SANTO DOMINGO, RD, 16 de noviembre de 2017.- La Comisi\u00f3n Bicameral que estudia los proyectos de leyes de partidos, agrupaciones y movimientos pol\u00edticos; y el de r\u00e9gimen electoral, concluy\u00f3 este jueves con la lectura de los 248 art\u00edculos del proyecto de Ley Org\u00e1nica del R\u00e9gimen Electoral. El presidente de la comisi\u00f3n, el senador Ar\u00edstides Victoria [&hellip;]<\/p>\n","protected":false},"author":3,"featured_media":0,"comment_status":"open","ping_status":"open","sticky":false,"template":"","format":"standard","meta":{"footnotes":""},"categories":[22],"tags":[],"class_list":["post-171871","post","type-post","status-publish","format-standard","hentry","category-politica"],"_links":{"self":[{"href":"https:\/\/diariodominicano.com\/index.php?rest_route=\/wp\/v2\/posts\/171871","targetHints":{"allow":["GET"]}}],"collection":[{"href":"https:\/\/diariodominicano.com\/index.php?rest_route=\/wp\/v2\/posts"}],"about":[{"href":"https:\/\/diariodominicano.com\/index.php?rest_route=\/wp\/v2\/types\/post"}],"author":[{"embeddable":true,"href":"https:\/\/diariodominicano.com\/index.php?rest_route=\/wp\/v2\/users\/3"}],"replies":[{"embeddable":true,"href":"https:\/\/diariodominicano.com\/index.php?rest_route=%2Fwp%2Fv2%2Fcomments&post=171871"}],"version-history":[{"count":0,"href":"https:\/\/diariodominicano.com\/index.php?rest_route=\/wp\/v2\/posts\/171871\/revisions"}],"wp:attachment":[{"href":"https:\/\/diariodominicano.com\/index.php?rest_route=%2Fwp%2Fv2%2Fmedia&parent=171871"}],"wp:term":[{"taxonomy":"category","embeddable":true,"href":"https:\/\/diariodominicano.com\/index.php?rest_route=%2Fwp%2Fv2%2Fcategories&post=171871"},{"taxonomy":"post_tag","embeddable":true,"href":"https:\/\/diariodominicano.com\/index.php?rest_route=%2Fwp%2Fv2%2Ftags&post=171871"}],"curies":[{"name":"wp","href":"https:\/\/api.w.org\/{rel}","templated":true}]}}