{"id":171870,"date":"2017-11-17T01:06:35","date_gmt":"2017-11-17T01:06:35","guid":{"rendered":"http:\/\/diariodominicano.ddns.net\/?p=171870"},"modified":"2017-11-17T01:06:35","modified_gmt":"2017-11-17T01:06:35","slug":"anje-respalda-posicion-de-sobre-urgencia-en-aprobacion-de-la-ley-de-partidos","status":"publish","type":"post","link":"https:\/\/diariodominicano.com\/?p=171870","title":{"rendered":"ANJE respalda posici\u00f3n de sobre urgencia en aprobaci\u00f3n de la Ley de Partidos"},"content":{"rendered":"<p><body><\/p>\n<p><strong> <\/strong><\/p>\n<p><strong>SANTO DOMINGO, , D.N, 16 de noviembre de 2017.- <\/strong>La Asociaci\u00f3n Nacional de J\u00f3venes Empresarios (ANJE) respalda la posici\u00f3n externada por el Consejo Nacional de la Empresa Privada (CONEP), sobre la necesidad de que se conozca y apruebe el proyecto de Ley de Partidos y Agrupaciones Pol\u00edticas, la cual actualmente estudia en una Comisi\u00f3n Bicameral del Congreso Nacional.<\/p>\n<\/p>\n<p>El presidente de ANJE, Ra\u00fal Hoyo consider\u00f3 que, \u00abla aprobaci\u00f3n de la Ley de Partidos y Agrupaciones Pol\u00edticas es impostergable, siendo un tema que compete a todos los sectores y a toda la ciudadan\u00eda. Este instrumento es esencial para garantizar el desenvolvimiento transparente y democr\u00e1tico del pr\u00f3ximo per\u00edodo de campa\u00f1a y de los comicios electorales del 2020\u00bb.<\/p>\n<\/p>\n<p>\u00abYa es tiempo de que el pa\u00eds cuente con una legislaci\u00f3n que institucionalice los partidos pol\u00edticos y las actividades partidistas, estableciendo la transparencia y fiscalizaci\u00f3n en el financiamiento de las campa\u00f1as, la rendici\u00f3n de cuentas de los fondos p\u00fablicos designados a los partidos y el relevo pol\u00edtico donde se otorguen mayores oportunidades a los j\u00f3venes interesados en incursionar en la pol\u00edtica partidista\u00bb, dedujo Ra\u00fal Hoyo.<\/p>\n<\/p>\n<p>ANJE considera, adem\u00e1s, que los intereses particulares partidarios no pueden continuar estancando y primando sobre la necesidad pol\u00edtica nacional de transparentar y dotar de mayor de credibilidad a las elecciones presidenciales y congresuales del pa\u00eds que se desarrollar\u00e1n en el 2020.<\/p>\n<\/p>\n<h6> 2017-11-17 01:06:35 <\/h6>\n<p><!--\n<link rel=\"stylesheet\" href=\"css\/bootstrap.min.css\">\n\n\n<ul class=\"pagination\">\n\t    \n\t\n\n<li >\n\t<a href='?page_no=7131'>Previous<\/a>\n\t<\/li>\n\n\n       \n    \n\n<li><a href='?page_no=1'>1<\/a><\/li>\n\n\n\n<li><a href='?page_no=2'>2<\/a><\/li>\n\n\n\n<li><a>...<\/a><\/li>\n\n\n\n<li><a href='?page_no=7130'>7130<\/a><\/li>\n\n\n\n<li><a href='?page_no=7131'>7131<\/a><\/li>\n\n\n\n<li class='active'><a>7132<\/a><\/li>\n\n\n\n<li><a href='?page_no=7133'>7133<\/a><\/li>\n\n\n\n<li><a href='?page_no=7134'>7134<\/a><\/li>\n\n\n\n<li><a>...<\/a><\/li>\n\n\n\n<li><a href='?page_no=36999'>36999<\/a><\/li>\n\n\n\n<li><a href='?page_no=37000'>37000<\/a><\/li>\n\n    \n\t\n\n<li >\n\t<a href='?page_no=7133'>Next<\/a>\n\t<\/li>\n\n\n    \n\n<li><a href='?page_no=37000'>Last &rsaquo;&rsaquo;<\/a><\/li>\n\n<\/ul>\n\n\n--><br \/>\n<\/body><\/p>\n","protected":false},"excerpt":{"rendered":"<p>SANTO DOMINGO, , D.N, 16 de noviembre de 2017.- La Asociaci\u00f3n Nacional de J\u00f3venes Empresarios (ANJE) respalda la posici\u00f3n externada por el Consejo Nacional de la Empresa Privada (CONEP), sobre la necesidad de que se conozca y apruebe el proyecto de Ley de Partidos y Agrupaciones Pol\u00edticas, la cual actualmente estudia en una Comisi\u00f3n Bicameral [&hellip;]<\/p>\n","protected":false},"author":3,"featured_media":0,"comment_status":"open","ping_status":"open","sticky":false,"template":"","format":"standard","meta":{"footnotes":""},"categories":[22],"tags":[],"class_list":["post-171870","post","type-post","status-publish","format-standard","hentry","category-politica"],"_links":{"self":[{"href":"https:\/\/diariodominicano.com\/index.php?rest_route=\/wp\/v2\/posts\/171870","targetHints":{"allow":["GET"]}}],"collection":[{"href":"https:\/\/diariodominicano.com\/index.php?rest_route=\/wp\/v2\/posts"}],"about":[{"href":"https:\/\/diariodominicano.com\/index.php?rest_route=\/wp\/v2\/types\/post"}],"author":[{"embeddable":true,"href":"https:\/\/diariodominicano.com\/index.php?rest_route=\/wp\/v2\/users\/3"}],"replies":[{"embeddable":true,"href":"https:\/\/diariodominicano.com\/index.php?rest_route=%2Fwp%2Fv2%2Fcomments&post=171870"}],"version-history":[{"count":0,"href":"https:\/\/diariodominicano.com\/index.php?rest_route=\/wp\/v2\/posts\/171870\/revisions"}],"wp:attachment":[{"href":"https:\/\/diariodominicano.com\/index.php?rest_route=%2Fwp%2Fv2%2Fmedia&parent=171870"}],"wp:term":[{"taxonomy":"category","embeddable":true,"href":"https:\/\/diariodominicano.com\/index.php?rest_route=%2Fwp%2Fv2%2Fcategories&post=171870"},{"taxonomy":"post_tag","embeddable":true,"href":"https:\/\/diariodominicano.com\/index.php?rest_route=%2Fwp%2Fv2%2Ftags&post=171870"}],"curies":[{"name":"wp","href":"https:\/\/api.w.org\/{rel}","templated":true}]}}