{"id":171869,"date":"2017-11-17T01:27:50","date_gmt":"2017-11-17T01:27:50","guid":{"rendered":"http:\/\/diariodominicano.ddns.net\/?p=171869"},"modified":"2017-11-17T01:27:50","modified_gmt":"2017-11-17T01:27:50","slug":"sebastian-pinera-el-candidato-chileno-que-propone-volver-al-punto-de-partida","status":"publish","type":"post","link":"https:\/\/diariodominicano.com\/?p=171869","title":{"rendered":"Sebasti\u00e1n Pi\u00f1era, el candidato chileno que propone volver al punto de partida"},"content":{"rendered":"<p><body><\/p>\n<\/p>\n<p><strong> <\/strong><\/p>\n<p><strong>   Por Javier Ureta<\/strong><\/p>\n<p><strong>   SANTIAGO, 16 nov (Xinhua) &#8212; <\/strong>Dice Sebasti\u00e1n Pi\u00f1era (Santiago, 1 de diciembre de 1949) que Chile perdi\u00f3 el rumbo en estos \u00faltimos cuatro a\u00f1os de gobierno de Michelle Bachelet, y que sinti\u00f3 que era su deber asumir el liderazgo y terminar las tareas que empez\u00f3 en su primera etapa al frente del Ejecutivo, de 2010 a 2014. <\/p>\n<\/p>\n<p>   El candidato de Chile Vamos (derecha), uno de los hombres m\u00e1s ricos del pa\u00eds, es el favorito para las elecciones del domingo, que los medios atribuyen a la supuesta sensaci\u00f3n de desilusi\u00f3n que ha dejado la administraci\u00f3n Bachelet, que no ha terminado de cumplir todas sus promesas electorales. <\/p>\n<\/p>\n<p>   Sebasti\u00e1n es el tercero de los seis hijos de Jos\u00e9 Pi\u00f1era, fundador de la Democracia Cristiana, uno de los partidos fundamentales para entender la vida pol\u00edtica chilena. De educaci\u00f3n cristiana, estudi\u00f3 ingenier\u00eda comercial en la Pontificia Universidad Cat\u00f3lica de Santiago, e hizo un m\u00e1ster en Harvard (Estados Unidos).<\/p>\n<\/p>\n<p>   Es hermano de un ministro del dictador Augusto Pinochet y tiene cuatro hijos y ocho nietos, m\u00e1s otro que viene en camino. <\/p>\n<\/p>\n<p>   Su brillante curr\u00edculum le vali\u00f3 para ser consultor de entidades financieras como el Banco Mundial y el Banco Interamericano de Desarrollo, adem\u00e1s de encabezar Citicorp y ser accionista mayoritario de empresas claves del pa\u00eds austral como LAN Chile, Chilevisi\u00f3n y la prestigiosa cl\u00ednica Las Condes. <\/p>\n<\/p>\n<p>   Pero para entender la verdadera personalidad de Pi\u00f1era, hay que saber que en 1988, cuando derecha y dictadura eran dos ideas pr\u00e1cticamente indisolubles, el vot\u00f3 &#8216;no&#8217; al plebiscito que perpetuaba el r\u00e9gimen militar de Pinochet. <\/p>\n<\/p>\n<p>   El punto central del programa de Pi\u00f1era es la econom\u00eda, con una visi\u00f3n diametralmente opuesta a la que ha caracterizado al gobierno de Bachelet, que en los \u00faltimos meses ha sacado adelante importantes leyes de calado social, como la despenalizaci\u00f3n del aborto en tres causales o la legalizaci\u00f3n del matrimonio homosexual. <\/p>\n<\/p>\n<p>   Por eso, durante la campa\u00f1a, ha gastado sus esfuerzos en atraer a las clases medias. Un miembro de su equipo econ\u00f3mico lo explica as\u00ed: \u00abEn estos cuatro a\u00f1os hubo buenas ideas pero no fueron bien ejecutadas. La clase media es la que siempre sale afectada, porque el rico sigue ganando plata suficiente y los m\u00e1s pobres han sido ayudados con los subsidios\u00bb. <\/p>\n<\/p>\n<p>   Pi\u00f1era ya ha anunciado que pretende regresar a Chile al punto en el que lo dej\u00f3 en 2014, y echar atr\u00e1s las reformas tributarias, laborales y educativas que ha aprobado Bachelet durante este \u00faltimo gobierno. <\/p>\n<\/p>\n<p>   Tambi\u00e9n ha descartado cumplir otros largos anhelos de gran parte de la sociedad chilena, como que la educaci\u00f3n y la sanidad sean gratuitas y universales. <\/p>\n<\/p>\n<p>   \u00abHay muchos chilenos que tienen muchas necesidades y tambi\u00e9n merecen y necesitan ayuda del Estado, y nosotros tenemos recursos escasos. No hay nada m\u00e1s demag\u00f3gico, falso y da\u00f1ino que el populismo, prometer lo que se sabe que no se puede cumplir.\u00bb <\/p>\n<\/p>\n<p>   \u00abSi Chile decidiera ir a la gratuidad universal y, por lo tanto, financiar con recursos p\u00fablicos la educaci\u00f3n a los sectores m\u00e1s privilegiados, comprometer\u00edamos todos los recursos fiscales para las pr\u00f3ximas d\u00e9cadas\u00bb, ha dicho Pi\u00f1era repetidamente en campa\u00f1a. <\/p>\n<\/p>\n<p>   Lo cierto es que, con las urnas a la vuelta de la esquina, el candidato de la derecha es el favorito para volver al palacio presidencial de La Moneda, gracias al mensaje de estabilidad que enarbola y que tanto ha calado en los ciudadanos. <\/p>\n<\/p>\n<p>   Esta sensaci\u00f3n se explica por los buenos resultados econ\u00f3micos cosechados durante su primera etapa, cuando Chile creci\u00f3 a buen ritmo, aumentaron los salarios y se generaron un mill\u00f3n de empleos, aunque sus cr\u00edticos y muchos expertos independientes han se\u00f1alado que este auge se debi\u00f3 a las medidas adoptadas por el gobierno previo, que casualmente tambi\u00e9n fue de Bachelet. <\/p>\n<\/p>\n<p>   Quiz\u00e1 por la experiencia previa, la campa\u00f1a de Pi\u00f1era ha sido s\u00f3lida y sin errores, pese a que muchas veces ha quedado enmedio de la extrema derecha del candidato Jos\u00e9 Antonio Kast y las fuerzas de izquierda representadas por el otro favorito, Alejandro Guillier, y la l\u00edder del Frente Amplio, Beatriz S\u00e1nchez. <\/p>\n<\/p>\n<p>   Por eso no ha querido bajar demasiado al barro de los debates electorales y al fuego cruzado de los candidatos, y ha insistido una y otra vez en las l\u00edneas maestras, que si nada falla este domingo, le dar\u00e1n el pase c\u00f3modo a la segunda ronda en el caso m\u00e1s probable, o lo transportar\u00e1n de nuevo a La Moneda, en el dif\u00edcil caso de que obtenga m\u00e1s del 50 por ciento de apoyo en unas elecciones con ocho aspirantes.<\/p>\n<\/p>\n<p>   El domingo, Pi\u00f1era y sus partidarios buscan concretar el anhelo del empresario liberal convertido en candidato, que quiere \u00abenderezar el rumbo\u00bb y devolver a Chile al estado en el que lo dej\u00f3 en 2014. Fin<\/p>\n<h6> 2017-11-17 01:27:50 <\/h6>\n<p><!--\n<link rel=\"stylesheet\" href=\"css\/bootstrap.min.css\">\n\n\n<ul class=\"pagination\">\n\t    \n\t\n\n<li >\n\t<a href='?page_no=7130'>Previous<\/a>\n\t<\/li>\n\n\n       \n    \n\n<li><a href='?page_no=1'>1<\/a><\/li>\n\n\n\n<li><a href='?page_no=2'>2<\/a><\/li>\n\n\n\n<li><a>...<\/a><\/li>\n\n\n\n<li><a href='?page_no=7129'>7129<\/a><\/li>\n\n\n\n<li><a href='?page_no=7130'>7130<\/a><\/li>\n\n\n\n<li class='active'><a>7131<\/a><\/li>\n\n\n\n<li><a href='?page_no=7132'>7132<\/a><\/li>\n\n\n\n<li><a href='?page_no=7133'>7133<\/a><\/li>\n\n\n\n<li><a>...<\/a><\/li>\n\n\n\n<li><a href='?page_no=36999'>36999<\/a><\/li>\n\n\n\n<li><a href='?page_no=37000'>37000<\/a><\/li>\n\n    \n\t\n\n<li >\n\t<a href='?page_no=7132'>Next<\/a>\n\t<\/li>\n\n\n    \n\n<li><a href='?page_no=37000'>Last &rsaquo;&rsaquo;<\/a><\/li>\n\n<\/ul>\n\n\n--><br \/>\n<\/body><\/p>\n","protected":false},"excerpt":{"rendered":"<p>Por Javier Ureta SANTIAGO, 16 nov (Xinhua) &#8212; Dice Sebasti\u00e1n Pi\u00f1era (Santiago, 1 de diciembre de 1949) que Chile perdi\u00f3 el rumbo en estos \u00faltimos cuatro a\u00f1os de gobierno de Michelle Bachelet, y que sinti\u00f3 que era su deber asumir el liderazgo y terminar las tareas que empez\u00f3 en su primera etapa al frente del [&hellip;]<\/p>\n","protected":false},"author":3,"featured_media":0,"comment_status":"open","ping_status":"open","sticky":false,"template":"","format":"standard","meta":{"footnotes":""},"categories":[22],"tags":[],"class_list":["post-171869","post","type-post","status-publish","format-standard","hentry","category-politica"],"_links":{"self":[{"href":"https:\/\/diariodominicano.com\/index.php?rest_route=\/wp\/v2\/posts\/171869","targetHints":{"allow":["GET"]}}],"collection":[{"href":"https:\/\/diariodominicano.com\/index.php?rest_route=\/wp\/v2\/posts"}],"about":[{"href":"https:\/\/diariodominicano.com\/index.php?rest_route=\/wp\/v2\/types\/post"}],"author":[{"embeddable":true,"href":"https:\/\/diariodominicano.com\/index.php?rest_route=\/wp\/v2\/users\/3"}],"replies":[{"embeddable":true,"href":"https:\/\/diariodominicano.com\/index.php?rest_route=%2Fwp%2Fv2%2Fcomments&post=171869"}],"version-history":[{"count":0,"href":"https:\/\/diariodominicano.com\/index.php?rest_route=\/wp\/v2\/posts\/171869\/revisions"}],"wp:attachment":[{"href":"https:\/\/diariodominicano.com\/index.php?rest_route=%2Fwp%2Fv2%2Fmedia&parent=171869"}],"wp:term":[{"taxonomy":"category","embeddable":true,"href":"https:\/\/diariodominicano.com\/index.php?rest_route=%2Fwp%2Fv2%2Fcategories&post=171869"},{"taxonomy":"post_tag","embeddable":true,"href":"https:\/\/diariodominicano.com\/index.php?rest_route=%2Fwp%2Fv2%2Ftags&post=171869"}],"curies":[{"name":"wp","href":"https:\/\/api.w.org\/{rel}","templated":true}]}}