{"id":171868,"date":"2017-11-17T07:10:40","date_gmt":"2017-11-17T07:10:40","guid":{"rendered":"http:\/\/diariodominicano.ddns.net\/?p=171868"},"modified":"2017-11-17T07:10:40","modified_gmt":"2017-11-17T07:10:40","slug":"candidatos-presidenciales-de-chile-cierran-sus-campanas","status":"publish","type":"post","link":"https:\/\/diariodominicano.com\/?p=171868","title":{"rendered":"Candidatos presidenciales de Chile cierran sus campa\u00f1as"},"content":{"rendered":"<p><body><\/p>\n<p><img decoding=\"async\" src=\"img3\/candidatoschile17.jpg\" \/>  <\/p>\n<p><span class=\"text1noticias\">Por Fausto Triana<\/span><\/p>\n<p><span class=\"text1noticias\"> <\/span><\/p>\n<p><span class=\"text1noticias\">Santiago de Chile, 17 nov (PL) Sin mayores sorpresas ni contratiempos, los ocho candidatos presidenciales de Chile cerraron sus campa\u00f1as en la medianoche y aguardar\u00e1n hasta el domingo por las votaciones.<\/span><\/p>\n<p><span class=\"text1noticias\"> <\/span><\/p>\n<p><span class=\"text1noticias\">Aunque cada uno a su estilo contuvo las estridencias, los m\u00e1s medi\u00e1ticos fueron sin dudas el favorito de las encuestas, el ex mandatario conservador Sebasti\u00e1n Pi\u00f1era y el senador independiente Alejandro Guillier.<\/span><\/p>\n<p><span class=\"text1noticias\"> <\/span><\/p>\n<p><span class=\"text1noticias\">Pi\u00f1era, en particular, logr\u00f3 una convocatoria de alrededor de seis mil personas, seg\u00fan su equipo de campa\u00f1a. En el acto en el Parque Fluvial Renato Poblete de esta capital, utiliz\u00f3 un discurso contemporizador.<\/span><\/p>\n<p><span class=\"text1noticias\"> <\/span><\/p>\n<p><span class=\"text1noticias\">En zona de confort por la ventaja amplia que le dan los sondeos, el multimillonario hombre de negocios vislumbr\u00f3 un Chile en camino al salto hacia el primer mundo, libre de pobreza y con oportunidades para todos.<\/span><\/p>\n<p><span class=\"text1noticias\"> <\/span><\/p>\n<p><span class=\"text1noticias\">Guillier, por su parte, cont\u00f3 con la presencia de 10 ministros en el c\u00e9ntrico Paseo Bulnes, a unos 500 metros del Palacio de La Moneda. Defendi\u00f3 la continuidad de las reformas de Michelle Bachelet, con su estilo y perfil.<\/span><\/p>\n<p><span class=\"text1noticias\"> <\/span><\/p>\n<p><span class=\"text1noticias\">Antes de hablar ante una muchedumbre de seguidores y a prop\u00f3sito de la ley de &#8216;desmunicipalizaci\u00f3n&#8217; de la educaci\u00f3n firmada este jueves por Bachelet, el candidato de centroizquierda hizo un gui\u00f1o a la mandataria.<\/span><\/p>\n<p><span class=\"text1noticias\"> <\/span><\/p>\n<p><span class=\"text1noticias\">&#8216;Para quienes creemos en que el Estado tiene la responsabilidad de asegurar el derecho a educaci\u00f3n de calidad para todos nuestros ni\u00f1os y j\u00f3venes, hoy es un d\u00eda hist\u00f3rico. En mi gobierno, su implementaci\u00f3n ser\u00e1 una prioridad&#8217;, recalc\u00f3.<\/span><\/p>\n<p><span class=\"text1noticias\"> <\/span><\/p>\n<p><span class=\"text1noticias\">Fue el preludio de sus palabras finales de la contienda proselitista, con un discurso m\u00e1s identificado con el legado de la actual dignataria.<\/span><\/p>\n<p><span class=\"text1noticias\"> <\/span><\/p>\n<p><span class=\"text1noticias\">&#8216;La gente tiene que saber qu\u00e9 es lo que est\u00e1 en juego en el pa\u00eds, que es mucho m\u00e1s de lo que parece&#8217;, remarc\u00f3 el otrora periodista en referencia directa al balotaje y el llamado a cerrar filas.<\/span><\/p>\n<p><span class=\"text1noticias\"> <\/span><\/p>\n<p><span class=\"text1noticias\">Pero la realidad muestra el inminente apoyo que dar\u00e1 el aspirante presidencial ultraderechista Jos\u00e9 Antonio Kast a Pi\u00f1era, con lo cual har\u00eda mucho m\u00e1s c\u00f3moda su ventaja, no as\u00ed en el caso de Guillier.<\/span><\/p>\n<p><span class=\"text1noticias\"> <\/span><\/p>\n<p><span class=\"text1noticias\">La Democracia Cristiana (DC) con Carolina Goic no ha dado pistas de su postura en una eventual segunda vuelta del 17 de diciembre, como tampoco el Frente Amplio que lleva como carta a Beatriz S\u00e1nchez.<\/span><\/p>\n<p><span class=\"text1noticias\"> <\/span><\/p>\n<p><span class=\"text1noticias\">El senador pudiera contar con los votos de Marco Enr\u00edquez-Ominami, del Partido Progresista, y que ha enfocado su campa\u00f1a contra Pi\u00f1era, mientras los otros candidatos de izquierda se distancian de los apoyos en segunda ronda.<\/span><\/p>\n<p><span class=\"text1noticias\"> <\/span><\/p>\n<p><span class=\"text1noticias\">A continuaci\u00f3n y breve perfil de los ocho candidatos a asumir el Palacio de La Moneda el 11 de marzo de 2018: <\/span><\/p>\n<p><span class=\"text1noticias\"> <\/span><\/p>\n<p><span class=\"text1noticias\">Sebasti\u00e1n Pi\u00f1era: figura de la coalici\u00f3n de derecha Chile Vamos, jefa de estado de 2010 a 2014, ha centrado su campa\u00f1a de forma sistem\u00e1tica en ataques a la administraci\u00f3n de Michelle Bachelet y la centroizquierda.<\/span><\/p>\n<p><span class=\"text1noticias\"> <\/span><\/p>\n<p><span class=\"text1noticias\">Multimillonario de casi 68 a\u00f1os, tambi\u00e9n salpicado por los esc\u00e1ndalos de corrupci\u00f3n pol\u00edtica y presunto tr\u00e1fico de influencias, logr\u00f3 salir airoso y marcha de forma sostenida como amplio favorito de las encuestas.<\/span><\/p>\n<p><span class=\"text1noticias\"> <\/span><\/p>\n<p><span class=\"text1noticias\">Alejandro Guillier: periodista de 64 a\u00f1os, senador independiente, surgi\u00f3 discretamente como alternativa al poder ante un vac\u00edo dentro de la coalici\u00f3n en el poder Nueva Mayor\u00eda, insatisfecha por la baja popularidad del ex presidente Ricardo Lagos.<\/span><\/p>\n<p><span class=\"text1noticias\"> <\/span><\/p>\n<p><span class=\"text1noticias\">Beatriz S\u00e1nchez: otra periodista de 46 a\u00f1os, por el Frente Amplio, tambi\u00e9n en la centroizquierda. Su falta de experiencia parece haberle pasado factura y despu\u00e9s de un inicio prometedor perdi\u00f3 apoyos.<\/span><\/p>\n<p><span class=\"text1noticias\"> <\/span><\/p>\n<p><span class=\"text1noticias\">Marco Enr\u00edquez-Ominami: de 44 a\u00f1os, en su tercera campa\u00f1a electoral, luego de provocar asombro la primera vez con el 20% de respaldo en 2009, logr\u00f3 sobre el 10% en 2013 y ahora seg\u00fan algunos sondeos pudiera sobrepasar el 5% con suerte.<\/span><\/p>\n<p><span class=\"text1noticias\"> <\/span><\/p>\n<p><span class=\"text1noticias\">Carolina Goic: senadora y l\u00edder de la democracia cristiana, escogi\u00f3 el camino de distanciarse de la Nueva Mayor\u00eda y buscar las presidenciales de forma independiente, lo cual remarc\u00f3 la fractura de la centroizquierda.<\/span><\/p>\n<p><span class=\"text1noticias\"> <\/span><\/p>\n<p><span class=\"text1noticias\">Alejandro Navarro: senador de 58 a\u00f1os del nuevo Partido Pa\u00eds, ex socialista y hasta hace poco l\u00edder del Movimiento Amplio Social (MAS), alineado bien a la izquierda, es cr\u00edtico de la clase pol\u00edtica tradicional.<\/span><\/p>\n<p><span class=\"text1noticias\"> <\/span><\/p>\n<p><span class=\"text1noticias\">Eduardo Art\u00e9s: se\u00f1alado como de ultraizquieda, este docente de 65 a\u00f1os es cr\u00edtico de las posturas tradicionales tanto de la derecha como de la izquierda y como aspirante de la Uni\u00f3n Patri\u00f3tica proyecta dignid<\/span>ad y justicia social.<\/p>\n<\/p>\n<p>Jos\u00e9 Antonio Kast: palad\u00edn de la ultraderecha, cuenta con el favor de los simpatizantes de la dictadura de Augusto Pinochet y entre sus medidas controversiales, que incluir\u00eda en su gobierno de ganar los comicios, est\u00e1 eliminar la estatua de Salvador Allende, a un costado de La Moneda.<\/p>\n<h6> 2017-11-17 07:10:40 <\/h6>\n<p><!--\n<link rel=\"stylesheet\" href=\"css\/bootstrap.min.css\">\n\n\n<ul class=\"pagination\">\n\t    \n\t\n\n<li >\n\t<a href='?page_no=7129'>Previous<\/a>\n\t<\/li>\n\n\n       \n    \n\n<li><a href='?page_no=1'>1<\/a><\/li>\n\n\n\n<li><a href='?page_no=2'>2<\/a><\/li>\n\n\n\n<li><a>...<\/a><\/li>\n\n\n\n<li><a href='?page_no=7128'>7128<\/a><\/li>\n\n\n\n<li><a href='?page_no=7129'>7129<\/a><\/li>\n\n\n\n<li class='active'><a>7130<\/a><\/li>\n\n\n\n<li><a href='?page_no=7131'>7131<\/a><\/li>\n\n\n\n<li><a href='?page_no=7132'>7132<\/a><\/li>\n\n\n\n<li><a>...<\/a><\/li>\n\n\n\n<li><a href='?page_no=36999'>36999<\/a><\/li>\n\n\n\n<li><a href='?page_no=37000'>37000<\/a><\/li>\n\n    \n\t\n\n<li >\n\t<a href='?page_no=7131'>Next<\/a>\n\t<\/li>\n\n\n    \n\n<li><a href='?page_no=37000'>Last &rsaquo;&rsaquo;<\/a><\/li>\n\n<\/ul>\n\n\n--><br \/>\n<\/body><\/p>\n","protected":false},"excerpt":{"rendered":"<p>Por Fausto Triana Santiago de Chile, 17 nov (PL) Sin mayores sorpresas ni contratiempos, los ocho candidatos presidenciales de Chile cerraron sus campa\u00f1as en la medianoche y aguardar\u00e1n hasta el domingo por las votaciones. Aunque cada uno a su estilo contuvo las estridencias, los m\u00e1s medi\u00e1ticos fueron sin dudas el favorito de las encuestas, el [&hellip;]<\/p>\n","protected":false},"author":3,"featured_media":0,"comment_status":"open","ping_status":"open","sticky":false,"template":"","format":"standard","meta":{"footnotes":""},"categories":[22],"tags":[],"class_list":["post-171868","post","type-post","status-publish","format-standard","hentry","category-politica"],"_links":{"self":[{"href":"https:\/\/diariodominicano.com\/index.php?rest_route=\/wp\/v2\/posts\/171868","targetHints":{"allow":["GET"]}}],"collection":[{"href":"https:\/\/diariodominicano.com\/index.php?rest_route=\/wp\/v2\/posts"}],"about":[{"href":"https:\/\/diariodominicano.com\/index.php?rest_route=\/wp\/v2\/types\/post"}],"author":[{"embeddable":true,"href":"https:\/\/diariodominicano.com\/index.php?rest_route=\/wp\/v2\/users\/3"}],"replies":[{"embeddable":true,"href":"https:\/\/diariodominicano.com\/index.php?rest_route=%2Fwp%2Fv2%2Fcomments&post=171868"}],"version-history":[{"count":0,"href":"https:\/\/diariodominicano.com\/index.php?rest_route=\/wp\/v2\/posts\/171868\/revisions"}],"wp:attachment":[{"href":"https:\/\/diariodominicano.com\/index.php?rest_route=%2Fwp%2Fv2%2Fmedia&parent=171868"}],"wp:term":[{"taxonomy":"category","embeddable":true,"href":"https:\/\/diariodominicano.com\/index.php?rest_route=%2Fwp%2Fv2%2Fcategories&post=171868"},{"taxonomy":"post_tag","embeddable":true,"href":"https:\/\/diariodominicano.com\/index.php?rest_route=%2Fwp%2Fv2%2Ftags&post=171868"}],"curies":[{"name":"wp","href":"https:\/\/api.w.org\/{rel}","templated":true}]}}