{"id":171866,"date":"2017-11-17T12:11:51","date_gmt":"2017-11-17T12:11:51","guid":{"rendered":"http:\/\/diariodominicano.ddns.net\/?p=171866"},"modified":"2017-11-17T12:11:51","modified_gmt":"2017-11-17T12:11:51","slug":"comision-organizadora-de-la-convencion-del-prm-inicia-juramentacion-de-las-comisiones-locales","status":"publish","type":"post","link":"https:\/\/diariodominicano.com\/?p=171866","title":{"rendered":"Comisi\u00f3n organizadora de la Convenci\u00f3n del PRM inicia juramentaci\u00f3n de las comisiones locales"},"content":{"rendered":"<p><body><\/p>\n<p><img decoding=\"async\" src=\"img3\/PRM17.jpg\" \/>  <\/p>\n<p><span class=\"text1noticias\">Santo Domingo, R. D., 17 de noviembre, 2017.- La Comisi\u00f3n Nacional Organizadora (CNO) de la 1ra. Convenci\u00f3n Nacional Ordinaria Interna del Partido Revolucionario Moderno (PRM) inicio la juramentaci\u00f3n de las respectivas Comisiones locales Organizadoras, denominada (ClOs), que organizar\u00e1n y conducir\u00e1n el evento en los distintos organismos inferiores de la organizaci\u00f3n en todo el pa\u00eds.<\/span><\/p>\n<\/p>\n<p><span class=\"text1noticias\">Con la presencia de la mayor\u00eda de los miembros de la Direcci\u00f3n del Comit\u00e9 del Distrito Nacional del PRM, el doctor Jos\u00e9 Garc\u00eda Ram\u00edrez, Vicepresidente de la CNO dej\u00f3 juramentada la Comisi\u00f3n encargada de la Convenci\u00f3n en la capital del pa\u00eds, la cual est\u00e1 compuesta por cinco dirigentes escogidos por consenso.<\/span><\/p>\n<\/p>\n<p><span class=\"text1noticias\">La Comisi\u00f3n distrital qued\u00f3 integrada por los dirigentes Venancio Alc\u00e1ntara, quien la presidir\u00e1, conformada adem\u00e1s por la doctora Luisa Ovando, la regidora Francisco Jaques, Eduardo Campusano y Julio Alejo.<\/span><\/p>\n<\/p>\n<p><span class=\"text1noticias\">La Convenci\u00f3n del PRM est\u00e1 prevista celebrarse el pr\u00f3ximo 26 de noviembre, con votaci\u00f3n universal de los inscritos en el padr\u00f3n propio del partido, en el cual est\u00e1 en el proceso de digitalizaci\u00f3n de sus miembros, cuyo proceso de inscripci\u00f3n culmin\u00f3 el pasado 31 de octubre.<\/span><\/p>\n<\/p>\n<p><span class=\"text1noticias\">El Partido ten\u00eda unas expectativas de inscripci\u00f3n en dicho proceso, de unos 180 mil militantes, suma que fue superada con creces, ya que se presume que la cantidad inscrita supera los 450 mil, lo que ha creado alguna dificulta en la digitaci\u00f3n, requiriendo mayor personal, mas equipos y tiempo para terminaci\u00f3n, lo que provocar\u00eda su inevitable posposici\u00f3n del evento eleccionario.<\/span><\/p>\n<\/p>\n<p><span class=\"text1noticias\">Seg\u00fan declaraci\u00f3n ofrecidas por el Secretario General, Jes\u00fas V\u00e1squez, el pr\u00f3ximo lunes, en su reuni\u00f3n ordinaria de la Direcci\u00f3n Ejecutiva, el PRM decidir\u00e1 si se pospone o no, la Convenci\u00f3n Nacional, la cual elegir\u00e1 sus cuadros dilig\u00e9nciales de la organizaci\u00f3n.<\/span><\/p>\n<\/p>\n<p><span class=\"text1noticias\">La Comisi\u00f3n Nacional Organizadora de la Convenci\u00f3n del PRM est\u00e1 encabezada por el licenciado Tony Raful, y completada por Jos\u00e9 Garc\u00eda Ram\u00edrez, y Fernando Dur\u00e1n, vicepresidente y Secretario Ejecutivo, respectivamente.<\/span><\/p>\n<\/p>\n<p><span class=\"text1noticias\">Adem\u00e1s, Faruk Miguel Catillo, Yadira Henr\u00edquez, Deligne Ascensi\u00f3n, Jos\u00e9 Delio Ares, Luis Valdez, Nelson Arroyo, Jean Luis Rodr\u00edguez, Ivelisse Prats de P\u00e9rez, Obispo de los Santos y Salvador Ramos.<\/span><\/p>\n<\/p>\n<p>Fuente: Andr\u00e9s Matos<\/p>\n<h6> 2017-11-17 12:11:51 <\/h6>\n<p><!--\n<link rel=\"stylesheet\" href=\"css\/bootstrap.min.css\">\n\n\n<ul class=\"pagination\">\n\t    \n\t\n\n<li >\n\t<a href='?page_no=7128'>Previous<\/a>\n\t<\/li>\n\n\n       \n    \n\n<li><a href='?page_no=1'>1<\/a><\/li>\n\n\n\n<li><a href='?page_no=2'>2<\/a><\/li>\n\n\n\n<li><a>...<\/a><\/li>\n\n\n\n<li><a href='?page_no=7127'>7127<\/a><\/li>\n\n\n\n<li><a href='?page_no=7128'>7128<\/a><\/li>\n\n\n\n<li class='active'><a>7129<\/a><\/li>\n\n\n\n<li><a href='?page_no=7130'>7130<\/a><\/li>\n\n\n\n<li><a href='?page_no=7131'>7131<\/a><\/li>\n\n\n\n<li><a>...<\/a><\/li>\n\n\n\n<li><a href='?page_no=36999'>36999<\/a><\/li>\n\n\n\n<li><a href='?page_no=37000'>37000<\/a><\/li>\n\n    \n\t\n\n<li >\n\t<a href='?page_no=7130'>Next<\/a>\n\t<\/li>\n\n\n    \n\n<li><a href='?page_no=37000'>Last &rsaquo;&rsaquo;<\/a><\/li>\n\n<\/ul>\n\n\n--><br \/>\n<\/body><\/p>\n","protected":false},"excerpt":{"rendered":"<p>Santo Domingo, R. D., 17 de noviembre, 2017.- La Comisi\u00f3n Nacional Organizadora (CNO) de la 1ra. Convenci\u00f3n Nacional Ordinaria Interna del Partido Revolucionario Moderno (PRM) inicio la juramentaci\u00f3n de las respectivas Comisiones locales Organizadoras, denominada (ClOs), que organizar\u00e1n y conducir\u00e1n el evento en los distintos organismos inferiores de la organizaci\u00f3n en todo el pa\u00eds. Con [&hellip;]<\/p>\n","protected":false},"author":3,"featured_media":0,"comment_status":"open","ping_status":"open","sticky":false,"template":"","format":"standard","meta":{"footnotes":""},"categories":[22],"tags":[],"class_list":["post-171866","post","type-post","status-publish","format-standard","hentry","category-politica"],"_links":{"self":[{"href":"https:\/\/diariodominicano.com\/index.php?rest_route=\/wp\/v2\/posts\/171866","targetHints":{"allow":["GET"]}}],"collection":[{"href":"https:\/\/diariodominicano.com\/index.php?rest_route=\/wp\/v2\/posts"}],"about":[{"href":"https:\/\/diariodominicano.com\/index.php?rest_route=\/wp\/v2\/types\/post"}],"author":[{"embeddable":true,"href":"https:\/\/diariodominicano.com\/index.php?rest_route=\/wp\/v2\/users\/3"}],"replies":[{"embeddable":true,"href":"https:\/\/diariodominicano.com\/index.php?rest_route=%2Fwp%2Fv2%2Fcomments&post=171866"}],"version-history":[{"count":0,"href":"https:\/\/diariodominicano.com\/index.php?rest_route=\/wp\/v2\/posts\/171866\/revisions"}],"wp:attachment":[{"href":"https:\/\/diariodominicano.com\/index.php?rest_route=%2Fwp%2Fv2%2Fmedia&parent=171866"}],"wp:term":[{"taxonomy":"category","embeddable":true,"href":"https:\/\/diariodominicano.com\/index.php?rest_route=%2Fwp%2Fv2%2Fcategories&post=171866"},{"taxonomy":"post_tag","embeddable":true,"href":"https:\/\/diariodominicano.com\/index.php?rest_route=%2Fwp%2Fv2%2Ftags&post=171866"}],"curies":[{"name":"wp","href":"https:\/\/api.w.org\/{rel}","templated":true}]}}