{"id":171864,"date":"2017-11-17T18:50:39","date_gmt":"2017-11-17T18:50:39","guid":{"rendered":"http:\/\/diariodominicano.ddns.net\/?p=171864"},"modified":"2017-11-17T18:50:39","modified_gmt":"2017-11-17T18:50:39","slug":"mas-de-14-millones-de-chilenos-podran-elegir-nuevo-presidente","status":"publish","type":"post","link":"https:\/\/diariodominicano.com\/?p=171864","title":{"rendered":"M\u00e1s de 14 millones de chilenos podr\u00e1n elegir nuevo presidente"},"content":{"rendered":"<p><body><\/p>\n<p><img decoding=\"async\" src=\"img3\/candidatoschile17.jpg\" \/>  <\/p>\n<p><span class=\"text1noticias\">     SANTIAGO, 17 nov (Xinhua) &#8212; M\u00e1s de 14 millones de electores est\u00e1n convocados para acudir a las urnas el domingo y votar por el pr\u00f3ximo presidente de Chile.<\/span><\/p>\n<p><span class=\"text1noticias\"> <\/span><\/p>\n<p><span class=\"text1noticias\">     En total, son 14 millones 308.151 ciudadanos residentes en el pa\u00eds m\u00e1s los 39.137 que viven repartidos en 59 naciones y que tienen derecho a votar por primera vez en la historia chilena.<\/span><\/p>\n<p><span class=\"text1noticias\"> <\/span><\/p>\n<p><span class=\"text1noticias\">     El domingo, 43.052 mesas electorales repartidas en 2.136 locales de votaci\u00f3n recoger\u00e1n las papeletas de los chilenos a partir de las 8:00 hora local (12:00 GMT), un horario que se prolongar\u00e1 hasta las 18:00 (22:00 GMT), cuando los vocales procedan a cerrar las urnas para dar inicio al conteo.<\/span><\/p>\n<p><span class=\"text1noticias\"> <\/span><\/p>\n<p><span class=\"text1noticias\">     Adem\u00e1s de los ocho candidatos presidenciales, a estas elecciones concurren 132 aspirantes a senadores, 960 a diputados y 1.650 a cortes.<\/span><\/p>\n<p><span class=\"text1noticias\"> <\/span><\/p>\n<p><span class=\"text1noticias\">     Est\u00e1 previsto que el primer informe sobre los resultados parciales llegue a las 19:30 hora local (23:00 GMT), con el 20 por ciento escrutado.<\/span><\/p>\n<p><span class=\"text1noticias\"> <\/span><\/p>\n<p><span class=\"text1noticias\">     A partir de ah\u00ed, seguir\u00e1n otras actualizaciones a las 20:30 hora local (00:30 GMT del lunes), con el 50 por ciento escrutado; a las 21:30 (01:30 GMT del lunes) con el 90 por ciento ya revisado y un bolet\u00edn al final de la jornada con resultados parciales.<\/span><\/p>\n<p><span class=\"text1noticias\"> <\/span><\/p>\n<p><span class=\"text1noticias\">     Por la enorme extensi\u00f3n del territorio chileno, hasta las 11:00 hora local del lunes (15:00 GMT) no se tendr\u00e1 un resultado final que informe si alg\u00fan candidato supera el 50 por ciento de los votos y es proclamado presidente, o si los dos aspirantes m\u00e1s votados tendr\u00e1n que ir a una eventual segunda vuelta que se celebrar\u00eda el 17 de diciembre.<\/span><\/p>\n<p><span class=\"text1noticias\"> <\/span><\/p>\n<p><span class=\"text1noticias\">     Las elecciones suponen el fin del sistema binominal, que fue reemplazado por uno proporcional directo, lo cual supone un aumento en el n\u00famero de miembros de la C\u00e1mara de Diputados (de 120 a 155) y el Senado (de 38 a 50).<\/span><\/p>\n<p><span class=\"text1noticias\"> <\/span><\/p>\n<p><span class=\"text1noticias\">     Si bien, en la C\u00e1mara Alta en esta ocasi\u00f3n s\u00f3lo se renuevan 25 esca\u00f1os.<\/span><\/p>\n<p><span class=\"text1noticias\"> <\/span><\/p>\n<p><span class=\"text1noticias\">     Otros cambios realizados en el sistema electoral chileno fue el paso de 60 a 28 distritos electorales, lo que supone que cada territorio elegir\u00e1 de media a 5,5 diputados, por los dos que escog\u00eda anteriormente.<\/span><\/p>\n<p><span class=\"text1noticias\"> <\/span><\/p>\n<p><span class=\"text1noticias\">     La elecci\u00f3n presidencial del domingo ser\u00e1 la primera con inscripci\u00f3n autom\u00e1tica en el censo electoral y voto voluntario, cambios que ya se aplicaron en las municipales de 2015, que registraron una abstenci\u00f3n de 65 por ciento.<\/span><\/p>\n<p><span class=\"text1noticias\"> <\/span><\/p>\n<p><span class=\"text1noticias\">     El financiamiento de las campa\u00f1as electorales, tema pol\u00e9mico en anteriores ediciones, tambi\u00e9n sufri\u00f3 modificaciones: adem\u00e1s de ver recortado su l\u00edmite de gastos, ya no podr\u00e1n contar con recursos procedentes de empresas.<\/span><\/p>\n<p><span class=\"text1noticias\"> <\/span><\/p>\n<p><span class=\"text1noticias\">     Tambi\u00e9n cambi\u00f3 la composici\u00f3n de las candidaturas. Ahora debe figurar al menos un 40 por ciento de mujeres.<\/span><\/p>\n<p><span class=\"text1noticias\"> <\/span><\/p>\n<p><span class=\"text1noticias\">     Se espera que la jornada transcurra con tranquilidad, debido a la situaci\u00f3n que vive Chile, aunque s\u00ed se tomar\u00e1n ciertas medidas para garantizar el buen desarrollo.<\/span><\/p>\n<p><span class=\"text1noticias\"> <\/span><\/p>\n<p><span class=\"text1noticias\">     El domingo es considerado feriado irrenunciable, por lo que los comercios (excepto supermercados, panader\u00edas y farmacias) deber\u00e1n permanecer cerrados.<\/span><\/p>\n<p><span class=\"text1noticias\"> <\/span><\/p>\n<p><span class=\"text1noticias\">     Adem\u00e1s, a partir de las 20:00 hora local del s\u00e1bado (00:00 GMT del domingo) queda prohibida la venta de alcohol.<\/span><\/p>\n<p><span class=\"text1noticias\"> <\/span><\/p>\n<p><span class=\"text1noticias\">     Todos los colegios electorales contar\u00e1n de la presencia de fuerzas de seguridad que protejan y den cuenta del funcionamiento correcto de las votaciones.<\/span><\/p>\n<p><span class=\"text1noticias\"> <\/span><\/p>\n<p><span class=\"text1noticias\">     La alta abstenci\u00f3n, que ya fue un grave problema en las elecciones municipales de 2015, se presenta como la mayor amenaza para las elecciones del domingo.<\/span><\/p>\n<p><span class=\"text1noticias\"> <\/span><\/p>\n<p><span class=\"text1noticias\">     De acuerdo con analistas, parece improbable que alg\u00fan candidato obtenga m\u00e1s del 50 por ciento del apoyo de los ciudadanos y sea elegido presidente en primera ronda, por la fragmentaci\u00f3n del voto ante la presencia de ocho aspirantes a La Moneda.<\/span><\/p>\n<p><span class=\"text1noticias\"> <\/span><\/p>\n<p><span class=\"text1noticias\">     Sin embargo, otros m\u00e1s dicen que el candidato de la derecha, Sebasti\u00e1n Pi\u00f1era, s\u00ed podr\u00eda conseguir este voto y de esta forma evitar una segunda ronda.<\/span><\/p>\n<p><span class=\"text1noticias\"> <\/span><\/p>\n<p><span class=\"text1noticias\">     De ganar Pi\u00f1era, se completar\u00eda un doble ciclo entre \u00e9l y la actual presidenta chilena, Michelle Bachelet.<\/span><\/p>\n<p><span class=\"text1noticias\"> <\/span><\/p>\n<p><span class=\"text1noticias\">     Bachelet dirigi\u00f3 Chile entre 2006 y 2010, Pi\u00f1era mand\u00f3 de 2010 a 2014, Bachelet retom\u00f3 de 2014 hasta la fecha y ahora el candidato de la coalici\u00f3n derechista \u00abChile Vamos\u00bb podr\u00eda regresar al poder.<\/span><\/p>\n<p><span class=\"text1noticias\"> <\/span><\/p>\n<p><span class=\"text1noticias\">     De acuerdo con encuestas, el principal enemigo de Pi\u00f1era ser\u00eda el oficialista Alejandro Guillier, quien el jueves, en el cierre de campa\u00f1a, se present\u00f3 como el continuador de los anteriores presidentes de centro-izquierda y de la administraci\u00f3n actual.<\/span><\/p>\n<p><span class=\"text1noticias\"> <\/span><\/p>\n<p><span class=\"text1noticias\">     Sus posibilidades pasan por avanzar a segunda ronda y conseguir aglutinar a otros actores mayoritarios del espectro de centro-izquierda, como el Frente Amplio que dirige Beatriz S\u00e1nchez o la Democracia Cristiana de Carolina Goic.<\/span><\/p>\n<p><span class=\"text1noticias\"> <\/span><\/p>\n<p><span class=\"text1noticias\">     Adem\u00e1s de estas dos candidatas, la izquierda presenta a otros tres aspirantes -aunque en este caso minoritarios- a La Moneda: el progresista Marco Enr\u00edquez-Ominami, que se postula por tercera vez; el senador Alejandro Navarro, y el profesor Eduardo Art\u00e9s.<\/span><\/p>\n<p><span class=\"text1noticias\"> <\/span><\/p>\n<p><span class=\"text1noticias\">     En el otro costado, con una posici\u00f3n m\u00e1s extrema que la de Sebasti\u00e1n Pi\u00f1era, aparece Jos\u00e9 Antonio Kast, un diputado de ultraderecha que enarbola la bandera de los sectores conservadores que a\u00fan defienden el legado del di<\/span>ctador Augusto Pinochet. <\/p>\n<h6> 2017-11-17 18:50:39 <\/h6>\n<p><!--\n<link rel=\"stylesheet\" href=\"css\/bootstrap.min.css\">\n\n\n<ul class=\"pagination\">\n\t    \n\t\n\n<li >\n\t<a href='?page_no=7126'>Previous<\/a>\n\t<\/li>\n\n\n       \n    \n\n<li><a href='?page_no=1'>1<\/a><\/li>\n\n\n\n<li><a href='?page_no=2'>2<\/a><\/li>\n\n\n\n<li><a>...<\/a><\/li>\n\n\n\n<li><a href='?page_no=7125'>7125<\/a><\/li>\n\n\n\n<li><a href='?page_no=7126'>7126<\/a><\/li>\n\n\n\n<li class='active'><a>7127<\/a><\/li>\n\n\n\n<li><a href='?page_no=7128'>7128<\/a><\/li>\n\n\n\n<li><a href='?page_no=7129'>7129<\/a><\/li>\n\n\n\n<li><a>...<\/a><\/li>\n\n\n\n<li><a href='?page_no=36999'>36999<\/a><\/li>\n\n\n\n<li><a href='?page_no=37000'>37000<\/a><\/li>\n\n    \n\t\n\n<li >\n\t<a href='?page_no=7128'>Next<\/a>\n\t<\/li>\n\n\n    \n\n<li><a href='?page_no=37000'>Last &rsaquo;&rsaquo;<\/a><\/li>\n\n<\/ul>\n\n\n--><br \/>\n<\/body><\/p>\n","protected":false},"excerpt":{"rendered":"<p>SANTIAGO, 17 nov (Xinhua) &#8212; M\u00e1s de 14 millones de electores est\u00e1n convocados para acudir a las urnas el domingo y votar por el pr\u00f3ximo presidente de Chile. En total, son 14 millones 308.151 ciudadanos residentes en el pa\u00eds m\u00e1s los 39.137 que viven repartidos en 59 naciones y que tienen derecho a votar por [&hellip;]<\/p>\n","protected":false},"author":3,"featured_media":0,"comment_status":"open","ping_status":"open","sticky":false,"template":"","format":"standard","meta":{"footnotes":""},"categories":[22],"tags":[],"class_list":["post-171864","post","type-post","status-publish","format-standard","hentry","category-politica"],"_links":{"self":[{"href":"https:\/\/diariodominicano.com\/index.php?rest_route=\/wp\/v2\/posts\/171864","targetHints":{"allow":["GET"]}}],"collection":[{"href":"https:\/\/diariodominicano.com\/index.php?rest_route=\/wp\/v2\/posts"}],"about":[{"href":"https:\/\/diariodominicano.com\/index.php?rest_route=\/wp\/v2\/types\/post"}],"author":[{"embeddable":true,"href":"https:\/\/diariodominicano.com\/index.php?rest_route=\/wp\/v2\/users\/3"}],"replies":[{"embeddable":true,"href":"https:\/\/diariodominicano.com\/index.php?rest_route=%2Fwp%2Fv2%2Fcomments&post=171864"}],"version-history":[{"count":0,"href":"https:\/\/diariodominicano.com\/index.php?rest_route=\/wp\/v2\/posts\/171864\/revisions"}],"wp:attachment":[{"href":"https:\/\/diariodominicano.com\/index.php?rest_route=%2Fwp%2Fv2%2Fmedia&parent=171864"}],"wp:term":[{"taxonomy":"category","embeddable":true,"href":"https:\/\/diariodominicano.com\/index.php?rest_route=%2Fwp%2Fv2%2Fcategories&post=171864"},{"taxonomy":"post_tag","embeddable":true,"href":"https:\/\/diariodominicano.com\/index.php?rest_route=%2Fwp%2Fv2%2Ftags&post=171864"}],"curies":[{"name":"wp","href":"https:\/\/api.w.org\/{rel}","templated":true}]}}