{"id":171862,"date":"2017-11-18T12:22:05","date_gmt":"2017-11-18T12:22:05","guid":{"rendered":"http:\/\/diariodominicano.ddns.net\/?p=171862"},"modified":"2017-11-18T12:22:05","modified_gmt":"2017-11-18T12:22:05","slug":"alcalde-de-santo-domingo-este-propone-en-espana-modificacion-de-ley-176-7","status":"publish","type":"post","link":"https:\/\/diariodominicano.com\/?p=171862","title":{"rendered":"Alcalde de Santo Domingo Este propone en Espa\u00f1a modificaci\u00f3n de ley 176-7"},"content":{"rendered":"<p><body><\/p>\n<p><img decoding=\"async\" src=\"img3\/municipios.jpg\" \/>  <\/p>\n<p>MADRID,ESPA\u00d1A. El alcalde de Santo Domingo Este, Alfredo Mart\u00ednez  propuso en Espa\u00f1a la modificaci\u00f3n de la Ley 176-7. sobre el Distrito Nacional y los Municipios, por entender que son insuficientes los recursos asignados al rengl\u00f3n servicios.<\/p>\n<\/p>\n<p>Mart\u00ednez sostuvo que la raz\u00f3n de ser de los cabildo son los servicios y que un 31 por ciento no es suficiente para poder cumplir con los requerimientos de los mun\u00edcipes.<\/p>\n<\/p>\n<p>Al participar como panelista en el Congreso Internacional del Centro Latinoamericano de Administraci\u00f3n para el Desarrollo (CLAD) sobre la Reforma del Estado y la Administraci\u00f3n P\u00fablica Municipal, Alfredo Mart\u00ednez dijo que Santo Domingo Este es una demarcaci\u00f3n con un gran crecimiento inmobiliario y que en la zona cada vez es mayor la demanda de servicios. <\/p>\n<\/p>\n<p>\u00bb Por tan solo citar un caso, el complejo habitacional ciudad Juan Bosch es un gran proyecto que se construye en nuestro municipio y traer\u00e1 consigo un aumento de la demanda de servicios\u00bb, dijo Mart\u00ednez.<\/p>\n<\/p>\n<p>El funcionario municipal sostuvo que ese rengl\u00f3n no debe tener tope, al afirmar que los servicios que ofrecen los cabildos son diversos.<\/p>\n<p>De acuerdo al art\u00edculo 21 de la ley 176-7, sobre el destino de los fondos, los ayuntamientos destinar\u00e1n los ingresos propios y los recibidos por las diferentes modalidades establecidas por las leyes nacionales el  25 por ciento de los gastos del  cabildo debe ser  invertidos en personal, el 31 por ciento en  servicios municipales diversos, el 40% en gastos de capital y el 4% en educaci\u00f3n y salud.<\/p>\n<\/p>\n<p>En otro orden , Mart\u00ednez valor\u00f3 como positiva la nueva ola de transparencias en los cabildos del pa\u00eds.<\/p>\n<\/p>\n<p>En el  Congreso Internacional del Centro Latinoamericano de Administraci\u00f3n para el Desarrollo, el alcalde de Santo Domingo Este hablo sobre la experiencia del cabildo que dirige en la aplicaci\u00f3n de  buenas pr\u00e1cticas municipales y transparencia.<\/p>\n<h6> 2017-11-18 12:22:05 <\/h6>\n<p><!--\n<link rel=\"stylesheet\" href=\"css\/bootstrap.min.css\">\n\n\n<ul class=\"pagination\">\n\t    \n\t\n\n<li >\n\t<a href='?page_no=7124'>Previous<\/a>\n\t<\/li>\n\n\n       \n    \n\n<li><a href='?page_no=1'>1<\/a><\/li>\n\n\n\n<li><a href='?page_no=2'>2<\/a><\/li>\n\n\n\n<li><a>...<\/a><\/li>\n\n\n\n<li><a href='?page_no=7123'>7123<\/a><\/li>\n\n\n\n<li><a href='?page_no=7124'>7124<\/a><\/li>\n\n\n\n<li class='active'><a>7125<\/a><\/li>\n\n\n\n<li><a href='?page_no=7126'>7126<\/a><\/li>\n\n\n\n<li><a href='?page_no=7127'>7127<\/a><\/li>\n\n\n\n<li><a>...<\/a><\/li>\n\n\n\n<li><a href='?page_no=36999'>36999<\/a><\/li>\n\n\n\n<li><a href='?page_no=37000'>37000<\/a><\/li>\n\n    \n\t\n\n<li >\n\t<a href='?page_no=7126'>Next<\/a>\n\t<\/li>\n\n\n    \n\n<li><a href='?page_no=37000'>Last &rsaquo;&rsaquo;<\/a><\/li>\n\n<\/ul>\n\n\n--><br \/>\n<\/body><\/p>\n","protected":false},"excerpt":{"rendered":"<p>MADRID,ESPA\u00d1A. El alcalde de Santo Domingo Este, Alfredo Mart\u00ednez propuso en Espa\u00f1a la modificaci\u00f3n de la Ley 176-7. sobre el Distrito Nacional y los Municipios, por entender que son insuficientes los recursos asignados al rengl\u00f3n servicios. Mart\u00ednez sostuvo que la raz\u00f3n de ser de los cabildo son los servicios y que un 31 por ciento [&hellip;]<\/p>\n","protected":false},"author":3,"featured_media":0,"comment_status":"open","ping_status":"open","sticky":false,"template":"","format":"standard","meta":{"footnotes":""},"categories":[22],"tags":[],"class_list":["post-171862","post","type-post","status-publish","format-standard","hentry","category-politica"],"_links":{"self":[{"href":"https:\/\/diariodominicano.com\/index.php?rest_route=\/wp\/v2\/posts\/171862","targetHints":{"allow":["GET"]}}],"collection":[{"href":"https:\/\/diariodominicano.com\/index.php?rest_route=\/wp\/v2\/posts"}],"about":[{"href":"https:\/\/diariodominicano.com\/index.php?rest_route=\/wp\/v2\/types\/post"}],"author":[{"embeddable":true,"href":"https:\/\/diariodominicano.com\/index.php?rest_route=\/wp\/v2\/users\/3"}],"replies":[{"embeddable":true,"href":"https:\/\/diariodominicano.com\/index.php?rest_route=%2Fwp%2Fv2%2Fcomments&post=171862"}],"version-history":[{"count":0,"href":"https:\/\/diariodominicano.com\/index.php?rest_route=\/wp\/v2\/posts\/171862\/revisions"}],"wp:attachment":[{"href":"https:\/\/diariodominicano.com\/index.php?rest_route=%2Fwp%2Fv2%2Fmedia&parent=171862"}],"wp:term":[{"taxonomy":"category","embeddable":true,"href":"https:\/\/diariodominicano.com\/index.php?rest_route=%2Fwp%2Fv2%2Fcategories&post=171862"},{"taxonomy":"post_tag","embeddable":true,"href":"https:\/\/diariodominicano.com\/index.php?rest_route=%2Fwp%2Fv2%2Ftags&post=171862"}],"curies":[{"name":"wp","href":"https:\/\/api.w.org\/{rel}","templated":true}]}}