{"id":171860,"date":"2017-11-18T12:38:39","date_gmt":"2017-11-18T12:38:39","guid":{"rendered":"http:\/\/diariodominicano.ddns.net\/?p=171860"},"modified":"2017-11-18T12:38:39","modified_gmt":"2017-11-18T12:38:39","slug":"alianza-pais-expresa-su-solidaridad-con-familia-de-activista-politico-dominicano-fallecido-en-new-york","status":"publish","type":"post","link":"https:\/\/diariodominicano.com\/?p=171860","title":{"rendered":"Alianza Pa\u00eds expresa su solidaridad con familia de activista pol\u00edtico dominicano fallecido en New York"},"content":{"rendered":"<p><body><\/p>\n<p>New York-Alianza Pa\u00eds manifiesta de manera p\u00fablica su solidaridad y condolencia con los familiares del activista pol\u00edtico de izquierda Diomedes (Oscar) N\u00fa\u00f1ez, fallecido el mi\u00e9rcoles 15 reci\u00e9n pasado en el Bronx.<\/p>\n<\/p>\n<p>Su deceso tuvo como causa un agresivo c\u00e1ncer que cubri\u00f3 pr\u00e1cticamente todo su cuerpo.<\/p>\n<\/p>\n<p>Oscar N\u00fa\u00f1ez tuvo una dilatada y activa militancia pol\u00edtica en el Movimiento Popular Dominicano (MPD), organizaci\u00f3n de la cual lleg\u00f3 a ser parte de su Comit\u00e9 Central.<\/p>\n<\/p>\n<p>Tambi\u00e9n fue un destacado activista social tanto en su natal Navarrete como en toda la regi\u00f3n Norte.<\/p>\n<\/p>\n<p>En New York nunca abandon\u00f3 sus ideales redentores y de justicia social.<\/p>\n<\/p>\n<p>Sus restos ser\u00e1n velados este domingo, 19 de noviembre, en la Funeraria Ortiz del Bronx ubicada en Grand Concourse y calle 192, de 3 de la tarde a 9:00 de la noche.<\/p>\n<\/p>\n<p>Alianza Pa\u00eds encontr\u00f3 en Oscar N\u00fa\u00f1ez un amigo sincero y solidario. Su capacidad pol\u00edtica siempre estuvo a disposici\u00f3n nuestra y sus consejos y sugerencias siempre fueron valoradas por nuestra entidad.<\/p>\n<\/p>\n<p>Fue un ser humano inteligente, solidario y respetuoso.<\/p>\n<\/p>\n<p>Aspir\u00f3 y lucho por edificar una sociedad mundial que tuviera como prioridad las necesidades humanas.<\/p>\n<\/p>\n<p>Oscar f\u00edsicamente se nos ha ido, pero se encontrara presente en el quehacer diario de miles de mujeres y hombres que luchan por una naci\u00f3n dominicana justa, solidaria, democr\u00e1tica e independiente.<\/p>\n<h6> 2017-11-18 12:38:39 <\/h6>\n<p><!--\n<link rel=\"stylesheet\" href=\"css\/bootstrap.min.css\">\n\n\n<ul class=\"pagination\">\n\t    \n\t\n\n<li >\n\t<a href='?page_no=7122'>Previous<\/a>\n\t<\/li>\n\n\n       \n    \n\n<li><a href='?page_no=1'>1<\/a><\/li>\n\n\n\n<li><a href='?page_no=2'>2<\/a><\/li>\n\n\n\n<li><a>...<\/a><\/li>\n\n\n\n<li><a href='?page_no=7121'>7121<\/a><\/li>\n\n\n\n<li><a href='?page_no=7122'>7122<\/a><\/li>\n\n\n\n<li class='active'><a>7123<\/a><\/li>\n\n\n\n<li><a href='?page_no=7124'>7124<\/a><\/li>\n\n\n\n<li><a href='?page_no=7125'>7125<\/a><\/li>\n\n\n\n<li><a>...<\/a><\/li>\n\n\n\n<li><a href='?page_no=36999'>36999<\/a><\/li>\n\n\n\n<li><a href='?page_no=37000'>37000<\/a><\/li>\n\n    \n\t\n\n<li >\n\t<a href='?page_no=7124'>Next<\/a>\n\t<\/li>\n\n\n    \n\n<li><a href='?page_no=37000'>Last &rsaquo;&rsaquo;<\/a><\/li>\n\n<\/ul>\n\n\n--><br \/>\n<\/body><\/p>\n","protected":false},"excerpt":{"rendered":"<p>New York-Alianza Pa\u00eds manifiesta de manera p\u00fablica su solidaridad y condolencia con los familiares del activista pol\u00edtico de izquierda Diomedes (Oscar) N\u00fa\u00f1ez, fallecido el mi\u00e9rcoles 15 reci\u00e9n pasado en el Bronx. Su deceso tuvo como causa un agresivo c\u00e1ncer que cubri\u00f3 pr\u00e1cticamente todo su cuerpo. Oscar N\u00fa\u00f1ez tuvo una dilatada y activa militancia pol\u00edtica en [&hellip;]<\/p>\n","protected":false},"author":3,"featured_media":0,"comment_status":"open","ping_status":"open","sticky":false,"template":"","format":"standard","meta":{"footnotes":""},"categories":[22],"tags":[],"class_list":["post-171860","post","type-post","status-publish","format-standard","hentry","category-politica"],"_links":{"self":[{"href":"https:\/\/diariodominicano.com\/index.php?rest_route=\/wp\/v2\/posts\/171860","targetHints":{"allow":["GET"]}}],"collection":[{"href":"https:\/\/diariodominicano.com\/index.php?rest_route=\/wp\/v2\/posts"}],"about":[{"href":"https:\/\/diariodominicano.com\/index.php?rest_route=\/wp\/v2\/types\/post"}],"author":[{"embeddable":true,"href":"https:\/\/diariodominicano.com\/index.php?rest_route=\/wp\/v2\/users\/3"}],"replies":[{"embeddable":true,"href":"https:\/\/diariodominicano.com\/index.php?rest_route=%2Fwp%2Fv2%2Fcomments&post=171860"}],"version-history":[{"count":0,"href":"https:\/\/diariodominicano.com\/index.php?rest_route=\/wp\/v2\/posts\/171860\/revisions"}],"wp:attachment":[{"href":"https:\/\/diariodominicano.com\/index.php?rest_route=%2Fwp%2Fv2%2Fmedia&parent=171860"}],"wp:term":[{"taxonomy":"category","embeddable":true,"href":"https:\/\/diariodominicano.com\/index.php?rest_route=%2Fwp%2Fv2%2Fcategories&post=171860"},{"taxonomy":"post_tag","embeddable":true,"href":"https:\/\/diariodominicano.com\/index.php?rest_route=%2Fwp%2Fv2%2Ftags&post=171860"}],"curies":[{"name":"wp","href":"https:\/\/api.w.org\/{rel}","templated":true}]}}