{"id":171858,"date":"2017-11-18T14:15:30","date_gmt":"2017-11-18T14:15:30","guid":{"rendered":"http:\/\/diariodominicano.ddns.net\/?p=171858"},"modified":"2017-11-18T14:15:30","modified_gmt":"2017-11-18T14:15:30","slug":"a-las-puertas-de-un-cambio-politico-en-chile","status":"publish","type":"post","link":"https:\/\/diariodominicano.com\/?p=171858","title":{"rendered":"A las puertas de un cambio pol\u00edtico en Chile"},"content":{"rendered":"<p><body><\/p>\n<p><img decoding=\"async\" src=\"img3\/ELECCIONES-CHILE.jpg\" \/>  <\/p>\n<p>Por Fausto Triana<\/p>\n<\/p>\n<p>Santiago de Chile, 18 nov (PL) Aunque el favoritismo del ex mandatario conservador Sebasti\u00e1n Pi\u00f1era se\u00f1ala a priori un cambio de color pol\u00edtico en Chile, en cualquier caso las cuotas de poder aparecen en la mira de las elecciones dominicales.<\/p>\n<\/p>\n<p>El foco de la jornada de ma\u00f1ana est\u00e1 puesto en la pugna por el sill\u00f3n principal del Palacio de La Moneda, pero al mismo tiempo la lucha es por algunos puestos de senadores, renovaci\u00f3n de la C\u00e1mara de Diputados y cargos judiciales.<\/p>\n<\/p>\n<p>Habr\u00e1 43 mil 52 mesas electorales repartidas en dos mil 136 locales de votaci\u00f3n, responsables de recibir las papeletas de los chilenos a partir de las 08:00 hora local hasta las 18:00 horas, cuando comenzar\u00e1 el conteo de los sufragios.<\/p>\n<\/p>\n<p>Junto con los aspirantes a La Moneda, con Pi\u00f1era al frente y el senador independiente Alejandro Guillier como eventual rival en segunda vuelta, otros seis contrincantes estar\u00e1n en la liza electoral, adem\u00e1s de 132 aspirantes a senadores y 960 a diputados.<\/p>\n<\/p>\n<p>El equilibrio parlamentario ser\u00e1 tambi\u00e9n otra medici\u00f3n importante. Pese a los contratiempos y en ocasiones falta de cohesi\u00f3n, la presidenta de la Rep\u00fablica, Michelle Bachelet, ha contado con un Congreso Nacional af\u00edn.<\/p>\n<\/p>\n<p>Salvo las municipales de hace un a\u00f1o, no hay otro elemento para ofrecer un pron\u00f3stico certero. Sin embargo, la centroderecha ya ense\u00f1\u00f3 en esa prueba en las urnas que su peso es mayor en la actualidad.<\/p>\n<\/p>\n<p>Est\u00e1n convocados a ejercer su derecho al voto unos 14 de los 17 millones de chilenos, pero las predicciones m\u00e1s optimistas se\u00f1alan que con suerte acudir\u00e1n a las urnas alrededor de 6,7 millones.<\/p>\n<\/p>\n<p>El panorama de los sondeos se ha mantenido estable con vientos en un s\u00f3lo sentido, a favor del magnate multimillonario Pi\u00f1era, sin que en alg\u00fan momento en los \u00faltimos 10 meses haya visto amenazado su liderazgo.<\/p>\n<\/p>\n<p>En sus m\u00e1s recientes declaraciones subray\u00f3 que con un punto porcentual de ventaja se sentir\u00eda satisfecho y con 10 muy contento. De todas formas \u00e9l sabe que los sondeos marcan una brecha del 10% sobre Guillier.<\/p>\n<\/p>\n<p>Ferozmente criticada por la derecha y con bajas cotas de popularidad en varias etapas de su mandato, Bachelet termina con reformas a mitad de camino en algunos casos, pero con buena parte de sus promesas cumplidas.<\/p>\n<\/p>\n<p>Navegar en aguas turbulentas en una naci\u00f3n de corte conservador y todav\u00eda fracturada 44 a\u00f1os despu\u00e9s del sangriento golpe de estado que depuso a Salvador Allende, dej\u00f3 insatisfacciones de uno y otro lado.<\/p>\n<\/p>\n<p>La oposici\u00f3n culpa a la gobernante de hacer reformas sin asideros s\u00f3lidos y de hundir a la econom\u00eda, mientras parte de la izquierda la critica por eludir un enfrentamiento m\u00e1s profundo al mercado y de no ser m\u00e1s vertical pol\u00edticamente.<\/p>\n<\/p>\n<p>De todas esas cuitas se ha beneficiado Pi\u00f1era. Aunque lo niega, es evidente que apenas salir del Palacio de La Moneda en 2014 comenz\u00f3 a prepararse para su regreso al m\u00e1ximo cargo en Chile.<\/p>\n<\/p>\n<p>Sin embargo, algunos sectores no dan por perdida la contienda y se aferran a la idea de que en una segunda ronda o balotaje, la centroizquierda pudiera dejar atr\u00e1s sus escisiones y volcarse en apoyos, presumiblemente para Guillier.<\/p>\n<h6> 2017-11-18 14:15:30 <\/h6>\n<p><!--\n<link rel=\"stylesheet\" href=\"css\/bootstrap.min.css\">\n\n\n<ul class=\"pagination\">\n\t    \n\t\n\n<li >\n\t<a href='?page_no=7120'>Previous<\/a>\n\t<\/li>\n\n\n       \n    \n\n<li><a href='?page_no=1'>1<\/a><\/li>\n\n\n\n<li><a href='?page_no=2'>2<\/a><\/li>\n\n\n\n<li><a>...<\/a><\/li>\n\n\n\n<li><a href='?page_no=7119'>7119<\/a><\/li>\n\n\n\n<li><a href='?page_no=7120'>7120<\/a><\/li>\n\n\n\n<li class='active'><a>7121<\/a><\/li>\n\n\n\n<li><a href='?page_no=7122'>7122<\/a><\/li>\n\n\n\n<li><a href='?page_no=7123'>7123<\/a><\/li>\n\n\n\n<li><a>...<\/a><\/li>\n\n\n\n<li><a href='?page_no=36999'>36999<\/a><\/li>\n\n\n\n<li><a href='?page_no=37000'>37000<\/a><\/li>\n\n    \n\t\n\n<li >\n\t<a href='?page_no=7122'>Next<\/a>\n\t<\/li>\n\n\n    \n\n<li><a href='?page_no=37000'>Last &rsaquo;&rsaquo;<\/a><\/li>\n\n<\/ul>\n\n\n--><br \/>\n<\/body><\/p>\n","protected":false},"excerpt":{"rendered":"<p>Por Fausto Triana Santiago de Chile, 18 nov (PL) Aunque el favoritismo del ex mandatario conservador Sebasti\u00e1n Pi\u00f1era se\u00f1ala a priori un cambio de color pol\u00edtico en Chile, en cualquier caso las cuotas de poder aparecen en la mira de las elecciones dominicales. El foco de la jornada de ma\u00f1ana est\u00e1 puesto en la pugna [&hellip;]<\/p>\n","protected":false},"author":3,"featured_media":0,"comment_status":"open","ping_status":"open","sticky":false,"template":"","format":"standard","meta":{"footnotes":""},"categories":[22],"tags":[],"class_list":["post-171858","post","type-post","status-publish","format-standard","hentry","category-politica"],"_links":{"self":[{"href":"https:\/\/diariodominicano.com\/index.php?rest_route=\/wp\/v2\/posts\/171858","targetHints":{"allow":["GET"]}}],"collection":[{"href":"https:\/\/diariodominicano.com\/index.php?rest_route=\/wp\/v2\/posts"}],"about":[{"href":"https:\/\/diariodominicano.com\/index.php?rest_route=\/wp\/v2\/types\/post"}],"author":[{"embeddable":true,"href":"https:\/\/diariodominicano.com\/index.php?rest_route=\/wp\/v2\/users\/3"}],"replies":[{"embeddable":true,"href":"https:\/\/diariodominicano.com\/index.php?rest_route=%2Fwp%2Fv2%2Fcomments&post=171858"}],"version-history":[{"count":0,"href":"https:\/\/diariodominicano.com\/index.php?rest_route=\/wp\/v2\/posts\/171858\/revisions"}],"wp:attachment":[{"href":"https:\/\/diariodominicano.com\/index.php?rest_route=%2Fwp%2Fv2%2Fmedia&parent=171858"}],"wp:term":[{"taxonomy":"category","embeddable":true,"href":"https:\/\/diariodominicano.com\/index.php?rest_route=%2Fwp%2Fv2%2Fcategories&post=171858"},{"taxonomy":"post_tag","embeddable":true,"href":"https:\/\/diariodominicano.com\/index.php?rest_route=%2Fwp%2Fv2%2Ftags&post=171858"}],"curies":[{"name":"wp","href":"https:\/\/api.w.org\/{rel}","templated":true}]}}