{"id":171857,"date":"2017-11-19T01:45:05","date_gmt":"2017-11-19T01:45:05","guid":{"rendered":"http:\/\/diariodominicano.ddns.net\/?p=171857"},"modified":"2017-11-19T01:45:05","modified_gmt":"2017-11-19T01:45:05","slug":"perfil-de-los-ocho-candidatos-presidenciales-de-chile","status":"publish","type":"post","link":"https:\/\/diariodominicano.com\/?p=171857","title":{"rendered":"Perfil de los ocho candidatos presidenciales de Chile"},"content":{"rendered":"<p><body><\/p>\n<p><img decoding=\"async\" src=\"img3\/chilelecc.jpg\" \/>  <\/p>\n<p><strong> Santiago de Chile, 19 nov (PL) <\/strong>Interrogantes acerca del nivel de participaci\u00f3n y en torno a la distancia que lograr\u00e1 el favorito Sebasti\u00e1n Pi\u00f1era sobre el senador Alejandro Guillier, dominan el ambiente de cara a las elecciones presidenciales en Chile.<\/p>\n<\/p>\n<p>Son poco m\u00e1s de 14 millones de electores los convocados, aunque de forma voluntaria. Los mejores estimados se\u00f1alan que un 6,7 millones de votantes ser\u00eda una cifra aceptable en la primera vuelta de los sufragios de este domingo.<\/p>\n<\/p>\n<p>A continuaci\u00f3n y breve perfil de los ocho candidatos a asumir el Palacio de La Moneda el 11 de marzo de 2018: <\/p>\n<\/p>\n<p>Sebasti\u00e1n Pi\u00f1era: figura de la coalici\u00f3n de derecha Chile Vamos, jefa de estado de 2010 a 2014, ha centrado su campa\u00f1a de forma sistem\u00e1tica en ataques a la administraci\u00f3n de Michelle Bachelet y la centroizquierda.<\/p>\n<\/p>\n<p>Multimillonario de casi 68 a\u00f1os, tambi\u00e9n salpicado por los esc\u00e1ndalos de corrupci\u00f3n pol\u00edtica y presunto tr\u00e1fico de influencias, logr\u00f3 salir airoso y marcha de forma sostenida como amplio favorito de las encuestas.<\/p>\n<\/p>\n<p>Su eventual regreso a La Moneda representar\u00e1 una marcha atr\u00e1s en las reformas emprendidas por Bachelet, aunque proyecta una agenda propia con acento en el desarrollo y la disminuci\u00f3n de la pobreza.<\/p>\n<\/p>\n<p>Alejandro Guillier: periodista de 64 a\u00f1os, senador independiente, surgi\u00f3 discretamente como alternativa al poder ante un vac\u00edo dentro de la coalici\u00f3n en el poder Nueva Mayor\u00eda, insatisfecha por la baja popularidad del ex presidente Ricardo Lagos.<\/p>\n<\/p>\n<p>Lagos, muy poco apreciado en las encuestas, finalmente perdi\u00f3 la nominaci\u00f3n dentro del Partido Socialista, el mayor de todos, que se decant\u00f3 por Guillier. Pero este hecho provoc\u00f3 la escisi\u00f3n de la Democracia Cristiana (DC).<\/p>\n<\/p>\n<p>Todo este embrollo complic\u00f3 la campa\u00f1a del legislador que si bien remont\u00f3 posiciones en las \u00faltimas semanas, sigue por debajo de Pi\u00f1era a 20 puntos porcentuales. Valora las reformas de Bachelet, pero con cambios y algunos piensan que en el balotaje pudiera dar la sorpresa.<\/p>\n<\/p>\n<p>Beatriz S\u00e1nchez: otra periodista de 46 a\u00f1os , carta de la joven agrupaci\u00f3n Frente Amplio, tambi\u00e9n en la centroizquierda. Su falta de experiencia parece haberle pasado factura y despu\u00e9s de un inicio prometedor perdi\u00f3 apoyos.<\/p>\n<\/p>\n<p>Sin embargo, su proyecci\u00f3n es vista como esencial para Guillier. Los votos del Frente Amplio en segunda vuelta pudieran ser decisivos. Su l\u00ednea es de profundizar en las reformas, tomando distancia de ciertas medidas aplicadas por Bachelet.<\/p>\n<\/p>\n<p>Marco Enr\u00edquez-Ominami: de 44 a\u00f1os, en su tercera campa\u00f1a electoral, luego de provocar asombro la primera vez con el 20% de respaldo en 2009, logr\u00f3 sobre el 10% en 2013 y ahora seg\u00fan algunos sondeos pudiera sobrepasar el 5% con suerte.<\/p>\n<\/p>\n<p>Cineasta, hijo del asesinado l\u00edder del Movimiento de Izquierda Revolucionario, Miguel Enr\u00edquez, y con un discurso fresco, perdi\u00f3 pulso con acusaciones no probadas de recibir dinero de empresas y de viajar en un jet privado en la contienda anterior.<\/p>\n<\/p>\n<p>Se ha mostrado dentro del abanico de candidatos como el m\u00e1s cercano al legado de Bachelet, promete seguir profundizando en la idea de un Chile m\u00e1s justo, y se concentr\u00f3 en la figura de Pi\u00f1era para desbarrar de la derecha.<\/p>\n<\/p>\n<p>Carolina Goic: senadora y l\u00edder de la democracia cristiana, escogi\u00f3 el camino de distanciarse de la Nueva Mayor\u00eda y buscar las presidenciales de forma independiente, lo cual remarc\u00f3 la fractura de la centroizquierda.<\/p>\n<\/p>\n<p>De 44 a\u00f1os, asistente social y economista, tiene una larga experiencia como legisladora desde 2005 y si bien mantuvo su espaldarazo al Gobierno, se enfrent\u00f3 a la izquierda, en particular al Partido Comunista.<\/p>\n<\/p>\n<p>Cuenta con apenas un 3% de apoyo seg\u00fan los sondeos y su gran meta es posicionarse lo mejor posible para luego negociar sus votos en el balotaje a cambio de la influencia de la DC.<\/p>\n<\/p>\n<p>Alejandro Navarro: senador de 58 a\u00f1os del nuevo Partido Pa\u00eds, ex socialista y hasta hace poco l\u00edder del Movimiento Amplio Social (MAS), alineado bien a la izquierda, es cr\u00edtico de la clase pol\u00edtica tradicional.<\/p>\n<\/p>\n<p>Lanz\u00f3 unas monedas a Pi\u00f1era para denunciar que no recib\u00eda cr\u00e9ditos bancarios para su campa\u00f1a como si obtuvo el hombre de negocios. Propone cambios revolucionarios y profundos en Chile.<\/p>\n<\/p>\n<p>Eduardo Art\u00e9s: se\u00f1alado como de ultraizquieda, este docente de 65 a\u00f1os es cr\u00edtico de las posturas tradicionales tanto de la derecha como de la izquierda y como aspirante de la Uni\u00f3n Patri\u00f3tica proyecta dignidad y justicia social. Jos\u00e9 Antonio Kast: palad\u00edn de la ultraderecha, cuenta con el favor de los simpatizantes de la dictadura de Augusto Pinochet y entre sus medidas controversiales, que incluir\u00eda en su gobierno de ganar los comicios, est\u00e1 eliminar la estatua de Salvador Allende.<\/p>\n<\/p>\n<p>Abogado de 51 a\u00f1os, ex miembro del partido Uni\u00f3n Dem\u00f3crata Independiente, promete reconstruir Chile con rechazo al aborto, el matrimonio igualitario y a todas las iniciativas reformistas de Bachelet.<\/p>\n<\/p>\n<p>mem\/ft<\/p>\n<h6> 2017-11-19 01:45:05 <\/h6>\n<p><!--\n<link rel=\"stylesheet\" href=\"css\/bootstrap.min.css\">\n\n\n<ul class=\"pagination\">\n\t    \n\t\n\n<li >\n\t<a href='?page_no=7119'>Previous<\/a>\n\t<\/li>\n\n\n       \n    \n\n<li><a href='?page_no=1'>1<\/a><\/li>\n\n\n\n<li><a href='?page_no=2'>2<\/a><\/li>\n\n\n\n<li><a>...<\/a><\/li>\n\n\n\n<li><a href='?page_no=7118'>7118<\/a><\/li>\n\n\n\n<li><a href='?page_no=7119'>7119<\/a><\/li>\n\n\n\n<li class='active'><a>7120<\/a><\/li>\n\n\n\n<li><a href='?page_no=7121'>7121<\/a><\/li>\n\n\n\n<li><a href='?page_no=7122'>7122<\/a><\/li>\n\n\n\n<li><a>...<\/a><\/li>\n\n\n\n<li><a href='?page_no=36999'>36999<\/a><\/li>\n\n\n\n<li><a href='?page_no=37000'>37000<\/a><\/li>\n\n    \n\t\n\n<li >\n\t<a href='?page_no=7121'>Next<\/a>\n\t<\/li>\n\n\n    \n\n<li><a href='?page_no=37000'>Last &rsaquo;&rsaquo;<\/a><\/li>\n\n<\/ul>\n\n\n--><br \/>\n<\/body><\/p>\n","protected":false},"excerpt":{"rendered":"<p>Santiago de Chile, 19 nov (PL) Interrogantes acerca del nivel de participaci\u00f3n y en torno a la distancia que lograr\u00e1 el favorito Sebasti\u00e1n Pi\u00f1era sobre el senador Alejandro Guillier, dominan el ambiente de cara a las elecciones presidenciales en Chile. Son poco m\u00e1s de 14 millones de electores los convocados, aunque de forma voluntaria. Los [&hellip;]<\/p>\n","protected":false},"author":3,"featured_media":0,"comment_status":"open","ping_status":"open","sticky":false,"template":"","format":"standard","meta":{"footnotes":""},"categories":[22],"tags":[],"class_list":["post-171857","post","type-post","status-publish","format-standard","hentry","category-politica"],"_links":{"self":[{"href":"https:\/\/diariodominicano.com\/index.php?rest_route=\/wp\/v2\/posts\/171857","targetHints":{"allow":["GET"]}}],"collection":[{"href":"https:\/\/diariodominicano.com\/index.php?rest_route=\/wp\/v2\/posts"}],"about":[{"href":"https:\/\/diariodominicano.com\/index.php?rest_route=\/wp\/v2\/types\/post"}],"author":[{"embeddable":true,"href":"https:\/\/diariodominicano.com\/index.php?rest_route=\/wp\/v2\/users\/3"}],"replies":[{"embeddable":true,"href":"https:\/\/diariodominicano.com\/index.php?rest_route=%2Fwp%2Fv2%2Fcomments&post=171857"}],"version-history":[{"count":0,"href":"https:\/\/diariodominicano.com\/index.php?rest_route=\/wp\/v2\/posts\/171857\/revisions"}],"wp:attachment":[{"href":"https:\/\/diariodominicano.com\/index.php?rest_route=%2Fwp%2Fv2%2Fmedia&parent=171857"}],"wp:term":[{"taxonomy":"category","embeddable":true,"href":"https:\/\/diariodominicano.com\/index.php?rest_route=%2Fwp%2Fv2%2Fcategories&post=171857"},{"taxonomy":"post_tag","embeddable":true,"href":"https:\/\/diariodominicano.com\/index.php?rest_route=%2Fwp%2Fv2%2Ftags&post=171857"}],"curies":[{"name":"wp","href":"https:\/\/api.w.org\/{rel}","templated":true}]}}